{"id":141144,"date":"2026-01-13T12:18:10","date_gmt":"2026-01-13T12:18:10","guid":{"rendered":"https:\/\/www.europesays.com\/fi\/141144\/"},"modified":"2026-01-13T12:18:10","modified_gmt":"2026-01-13T12:18:10","slug":"turku-bandstand-soi-vimmassa-21-24-1-turku-fi","status":"publish","type":"post","link":"https:\/\/www.europesays.com\/fi\/141144\/","title":{"rendered":"Turku\u00a0Bandstand soi Vimmassa 21.\u201324.1. | Turku.fi"},"content":{"rendered":"<p>Turku\u00a0Bandstand ei ole kilpailu, vaan katselmus, joka tarjoaa b\u00e4ndeille musiikkialan ammattilaisten antamaa palautetta, kokemusta, kontakteja ja n\u00e4kymi\u00e4 musiikkialalla.<\/p>\n<p>B\u00e4ndeille palautetta ovat jakamassa muusikko\u00a0<strong>Mikko von Hertzen<\/strong>, lehtori\u00a0<strong>Ilari Hongisto<\/strong>\u00a0(Turun konservatorio) ja Turku Rock Academyn vastaava tuottaja\u00a0<strong>Mark Bert\u00e9nyi<\/strong>.<\/p>\n<p>My\u00f6s yleis\u00f6 p\u00e4\u00e4see kuulemaan palautteet. N\u00e4in kaikilla on tilaisuus kokea, millaisilla ev\u00e4ill\u00e4 b\u00e4ndej\u00e4 kannustetaan eteenp\u00e4in.<\/p>\n<p>Mukaan tapahtumaan ovat viime joulukuussa voineet ilmoittautua yhtyeet, joiden kotipaikka on Salo-Forssa-Laitila -kaaren sis\u00e4puolella ja joiden j\u00e4senet ovat alle 29-vuotiaita.<\/p>\n<p>Turku Bandstandin j\u00e4rjest\u00e4\u00e4 Turun kaupungin nuorisoty\u00f6n palvelualue.\u00a0<\/p>\n","protected":false},"excerpt":{"rendered":"Turku\u00a0Bandstand ei ole kilpailu, vaan katselmus, joka tarjoaa b\u00e4ndeille musiikkialan ammattilaisten antamaa palautetta, kokemusta, kontakteja ja n\u00e4kymi\u00e4 musiikkialalla.&hellip;\n","protected":false},"author":2,"featured_media":141145,"comment_status":"","ping_status":"","sticky":false,"template":"","format":"standard","meta":{"footnotes":""},"categories":[130],"tags":[137,33,31,30,32,109],"class_list":{"0":"post-141144","1":"post","2":"type-post","3":"status-publish","4":"format-standard","5":"has-post-thumbnail","7":"category-viihde","8":"tag-entertainment","9":"tag-fi","10":"tag-finland","11":"tag-finnish","12":"tag-suomi","13":"tag-viihde"},"share_on_mastodon":{"url":"https:\/\/pubeurope.com\/@fi\/115887754584159296","error":""},"_links":{"self":[{"href":"https:\/\/www.europesays.com\/fi\/wp-json\/wp\/v2\/posts\/141144","targetHints":{"allow":["GET"]}}],"collection":[{"href":"https:\/\/www.europesays.com\/fi\/wp-json\/wp\/v2\/posts"}],"about":[{"href":"https:\/\/www.europesays.com\/fi\/wp-json\/wp\/v2\/types\/post"}],"author":[{"embeddable":true,"href":"https:\/\/www.europesays.com\/fi\/wp-json\/wp\/v2\/users\/2"}],"replies":[{"embeddable":true,"href":"https:\/\/www.europesays.com\/fi\/wp-json\/wp\/v2\/comments?post=141144"}],"version-history":[{"count":0,"href":"https:\/\/www.europesays.com\/fi\/wp-json\/wp\/v2\/posts\/141144\/revisions"}],"wp:featuredmedia":[{"embeddable":true,"href":"https:\/\/www.europesays.com\/fi\/wp-json\/wp\/v2\/media\/141145"}],"wp:attachment":[{"href":"https:\/\/www.europesays.com\/fi\/wp-json\/wp\/v2\/media?parent=141144"}],"wp:term":[{"taxonomy":"category","embeddable":true,"href":"https:\/\/www.europesays.com\/fi\/wp-json\/wp\/v2\/categories?post=141144"},{"taxonomy":"post_tag","embeddable":true,"href":"https:\/\/www.europesays.com\/fi\/wp-json\/wp\/v2\/tags?post=141144"}],"curies":[{"name":"wp","href":"https:\/\/api.w.org\/{rel}","templated":true}]}}