{"id":141148,"date":"2026-01-13T12:22:07","date_gmt":"2026-01-13T12:22:07","guid":{"rendered":"https:\/\/www.europesays.com\/fi\/141148\/"},"modified":"2026-01-13T12:22:07","modified_gmt":"2026-01-13T12:22:07","slug":"tanskan-ja-gronlannin-ulkoministerit-tapaavat-usan-varapresidentin-ja-ulkoministerin-keskiviikkona-uutisia-lyhyesti","status":"publish","type":"post","link":"https:\/\/www.europesays.com\/fi\/141148\/","title":{"rendered":"Tanskan ja Gr\u00f6nlannin ulkoministerit tapaavat USA:n varapresidentin ja ulkoministerin keskiviikkona | Uutisia lyhyesti"},"content":{"rendered":"<p>13:28\u2022P\u00e4ivitetty 13:29<\/p>\n<p class=\"aw-1gybjub aw-1p7kakr kEtdKx cEmitX yle__article__paragraph\">Tanskan ja Gr\u00f6nlannin ulkoministerit tapaavat Yhdysvaltain varapresidentti <strong class=\"aw-ak79eh KyCXm yle__article__strong\">J.D. Vancen<\/strong> sek\u00e4 ulkoministeri <strong class=\"aw-ak79eh KyCXm yle__article__strong\">Marco Rubion<\/strong> keskiviikkona Valkoisessa talossa, kertoo Tanskan ulkoministeri.<\/p>\n<p class=\"aw-1gybjub aw-1p7kakr kEtdKx cEmitX yle__article__paragraph\">Tapaaminen j\u00e4rjestet\u00e4\u00e4n tilanteessa, jossa presidentti <strong class=\"aw-ak79eh KyCXm yle__article__strong\">Donald Trump<\/strong> on lis\u00e4nnyt painetta ottaa Gr\u00f6nlanti Yhdysvaltojen hallintaan.<\/p>\n<p class=\"aw-1gybjub aw-1p7kakr kEtdKx cEmitX yle__article__paragraph\">Tanskan ulkoministeri <strong class=\"aw-ak79eh KyCXm yle__article__strong\">Lars L\u00f8kke Rasmussen<\/strong> ja h\u00e4nen gr\u00f6nlantilainen kollegansa <strong class=\"aw-ak79eh KyCXm yle__article__strong\">Vivian Motzfeldt<\/strong> pyysiv\u00e4t tapaamista Rubion kanssa sen j\u00e4lkeen, kun Trump oli j\u00e4lleen kerran puhunut Gr\u00f6nlannin haltuunotosta.<\/p>\n<p class=\"aw-1gybjub aw-1p7kakr kEtdKx cEmitX yle__article__paragraph\">L\u00e4hde: Reuters<\/p>\n","protected":false},"excerpt":{"rendered":"13:28\u2022P\u00e4ivitetty 13:29 Tanskan ja Gr\u00f6nlannin ulkoministerit tapaavat Yhdysvaltain varapresidentti J.D. Vancen sek\u00e4 ulkoministeri Marco Rubion keskiviikkona Valkoisessa talossa,&hellip;\n","protected":false},"author":2,"featured_media":74,"comment_status":"","ping_status":"","sticky":false,"template":"","format":"standard","meta":{"footnotes":""},"categories":[14],"tags":[22,23,26,27,33,31,30,4538,17,70,24,25,28,29,15,18,21,32,1014,19,20,56,4273,16,59,60,61,619],"class_list":{"0":"post-141148","1":"post","2":"type-post","3":"status-publish","4":"format-standard","5":"has-post-thumbnail","7":"category-ulkomaat","8":"tag-breaking-news","9":"tag-breakingnews","10":"tag-featured-news","11":"tag-featurednews","12":"tag-fi","13":"tag-finland","14":"tag-finnish","15":"tag-gronlanti","16":"tag-headlines","17":"tag-kansainvalinen-politiikka","18":"tag-latest-news","19":"tag-latestnews","20":"tag-main-news","21":"tag-mainnews","22":"tag-news","23":"tag-otsikot","24":"tag-paauutiset","25":"tag-suomi","26":"tag-tanska","27":"tag-top-stories","28":"tag-topstories","29":"tag-ulkomaat","30":"tag-ulkopolitiikka","31":"tag-uutiset","32":"tag-world","33":"tag-world-news","34":"tag-worldnews","35":"tag-yhdysvallat"},"share_on_mastodon":{"url":"https:\/\/pubeurope.com\/@fi\/115887770378697454","error":""},"_links":{"self":[{"href":"https:\/\/www.europesays.com\/fi\/wp-json\/wp\/v2\/posts\/141148","targetHints":{"allow":["GET"]}}],"collection":[{"href":"https:\/\/www.europesays.com\/fi\/wp-json\/wp\/v2\/posts"}],"about":[{"href":"https:\/\/www.europesays.com\/fi\/wp-json\/wp\/v2\/types\/post"}],"author":[{"embeddable":true,"href":"https:\/\/www.europesays.com\/fi\/wp-json\/wp\/v2\/users\/2"}],"replies":[{"embeddable":true,"href":"https:\/\/www.europesays.com\/fi\/wp-json\/wp\/v2\/comments?post=141148"}],"version-history":[{"count":0,"href":"https:\/\/www.europesays.com\/fi\/wp-json\/wp\/v2\/posts\/141148\/revisions"}],"wp:featuredmedia":[{"embeddable":true,"href":"https:\/\/www.europesays.com\/fi\/wp-json\/wp\/v2\/media\/74"}],"wp:attachment":[{"href":"https:\/\/www.europesays.com\/fi\/wp-json\/wp\/v2\/media?parent=141148"}],"wp:term":[{"taxonomy":"category","embeddable":true,"href":"https:\/\/www.europesays.com\/fi\/wp-json\/wp\/v2\/categories?post=141148"},{"taxonomy":"post_tag","embeddable":true,"href":"https:\/\/www.europesays.com\/fi\/wp-json\/wp\/v2\/tags?post=141148"}],"curies":[{"name":"wp","href":"https:\/\/api.w.org\/{rel}","templated":true}]}}