{"id":141151,"date":"2026-01-13T12:24:08","date_gmt":"2026-01-13T12:24:08","guid":{"rendered":"https:\/\/www.europesays.com\/fi\/141151\/"},"modified":"2026-01-13T12:24:08","modified_gmt":"2026-01-13T12:24:08","slug":"kuopion-kaupunginkirjaston-lainausennatys-rikkoutui-jalleen","status":"publish","type":"post","link":"https:\/\/www.europesays.com\/fi\/141151\/","title":{"rendered":"Kuopion kaupunginkirjaston lainausenn\u00e4tys rikkoutui j\u00e4lleen"},"content":{"rendered":"<p>Kuopion kaupunginkirjaston\u00a0vuosi 2025 piti sis\u00e4ll\u00e4\u00e4n\u00a0enn\u00e4tyksellisi\u00e4 lainauslukuja, onnistumisia lasten ja nuorten lukutaitoty\u00f6ss\u00e4\u00a0sek\u00e4\u00a0Kuopio250-juhlavuoden tapahtumia.\u00a0<\/p>\n<p>Vuonna 2025 kuntalaiset lainasivat per\u00e4ti <strong>2,5 miljoonaa lainaa<\/strong>.\u00a0Se on<strong>\u00a0noin<\/strong>\u00a0<strong>170 000 lainaa enemm\u00e4n<\/strong>, kuin vuonna 2024, jolloin\u00a0lainaukset olivat my\u00f6s enn\u00e4tyslukemissa. \u201cT\u00e4m\u00e4 tuo esille kirjaston ja lukemisen merkityksellisyyden osana kaikenik\u00e4isten ihmisten arkea.\u201d, kommentoi kirjastotoimenjohtaja <strong>P\u00e4ivi Savinainen<\/strong>.\u00a0\u00a0<\/p>\n<p>Kasvua oli kokonaislainauksessa, mutta erityist\u00e4 kasvua n\u00e4kyi lasten- ja nuortenaineiston lainauksessa.\u00a0Koko kirjaston laajuisesti lasten- ja nuortenaineistoja lainattiin noin 80 000 enemm\u00e4n kuin vuonna 2024. T\u00e4m\u00e4\u00a0on\u00a0selv\u00e4\u00a0merkki lasten ja nuorten lukutaitoty\u00f6n onnistumisesta.\u00a0Lainatuin lasten- ja nuortenteos oli Aino Havukaisen Tatu\u00a0ja Patu: paikoillenne, valmiit, hep!\u00a0<\/p>\n<p>Kokonaislainauksesta noin <strong>7\u00a0<\/strong>% oli\u00a0E-kirjaston lainoja, joiden lainaus\u00a0on\u00a0tuplaantunut.\u00a0E-kirjastosta voi lainata \u00e4\u00e4nikirjoja, e-kirjoja sek\u00e4 e-lehti\u00e4.\u00a0My\u00f6s verkkokirjastoasiointi\u00a0oli noususuuntaista ylitt\u00e4en\u00a01,6 miljoonan asiointikerran,\u00a0mik\u00e4\u00a0on noin 50 000\u00a0asiointia enemm\u00e4n\u00a0kuin vuonna 2024.\u00a0Verkkoasioinnin\u00a0suosio\u00a0ja e-aineistojen kysynt\u00e4\u00a0nousee vuosi vuodelta.\u00a0<\/p>\n<p>Vuoden 2025 vilkkaimmat\u00a0p\u00e4iv\u00e4t\u00a0sijoittuivat\u00a0kev\u00e4\u00e4lle: 7.1<strong>.<\/strong>\u00a0eli loppiaisen j\u00e4lkeisen\u00e4 p\u00e4iv\u00e4n\u00e4 tehtiin 6332 lainaa ja 22.4.\u00a0p\u00e4\u00e4si\u00e4isen j\u00e4lkeisen\u00e4\u00a0tiistaina 6120\u00a0lainaa.\u00a0Juhlapyhien j\u00e4lkeen kuntalaisilla oli kiire p\u00e4\u00e4st\u00e4 taas asioimaan kirjastoon.\u00a0<\/p>\n<p>Kirjaston j\u00e4rjest\u00e4miss\u00e4\u00a0ilmaisissa\u00a0ja kaikille avoimissa tapahtumissa\u00a0oli vuonna 2025 noin\u00a033\u00a0000 osallistujaa. Kuopio250-juhlavuosi n\u00e4kyi sek\u00e4 tapahtumien ett\u00e4 k\u00e4vij\u00f6iden m\u00e4\u00e4r\u00e4ss\u00e4.\u00a0Esimerkiksi Taiteiden y\u00f6n\u00e4<strong>\u00a0<\/strong>29.8.\u00a0Antti Heikkinen &amp;\u00a0Nyht\u00f6pelimanni -kirjastokeikkaa saapui katsomaan\u00a0per\u00e4ti noin 600\u00a0osallistujaa. \u00a0<\/p>\n<p>Keskiverto kuntalainen k\u00e4vi kirjastossa 9 kertaa ja lainasi 19 teosta.\u00a0Lainatuin\u00a0teos\u00a0oli Satu R\u00e4m\u00f6n Rakel.\u00a0Suurin kiitos enn\u00e4tyksellisest\u00e4 lainausvuodesta 2025 kuuluu kirjaston aktiivisille asiakkaille sek\u00e4 asiantuntevalle henkil\u00f6kunnalle.<\/p>\n<p>            <img loading=\"lazy\" decoding=\"async\" width=\"1024\" height=\"1280\" src=\"https:\/\/www.europesays.com\/fi\/wp-content\/uploads\/2026\/01\/kirjaston-vuosi-2025-1024x1280.png\" class=\"attachment-large size-large\" alt=\"\"  \/><\/p>\n","protected":false},"excerpt":{"rendered":"Kuopion kaupunginkirjaston\u00a0vuosi 2025 piti sis\u00e4ll\u00e4\u00e4n\u00a0enn\u00e4tyksellisi\u00e4 lainauslukuja, onnistumisia lasten ja nuorten lukutaitoty\u00f6ss\u00e4\u00a0sek\u00e4\u00a0Kuopio250-juhlavuoden tapahtumia.\u00a0 Vuonna 2025 kuntalaiset lainasivat per\u00e4ti 2,5&hellip;\n","protected":false},"author":2,"featured_media":141152,"comment_status":"","ping_status":"","sticky":false,"template":"","format":"standard","meta":{"footnotes":""},"categories":[5],"tags":[22,23,26,27,33,31,30,17,24,25,28,29,15,18,21,32,19,20,16],"class_list":{"0":"post-141151","1":"post","2":"type-post","3":"status-publish","4":"format-standard","5":"has-post-thumbnail","7":"category-otsikot","8":"tag-breaking-news","9":"tag-breakingnews","10":"tag-featured-news","11":"tag-featurednews","12":"tag-fi","13":"tag-finland","14":"tag-finnish","15":"tag-headlines","16":"tag-latest-news","17":"tag-latestnews","18":"tag-main-news","19":"tag-mainnews","20":"tag-news","21":"tag-otsikot","22":"tag-paauutiset","23":"tag-suomi","24":"tag-top-stories","25":"tag-topstories","26":"tag-uutiset"},"share_on_mastodon":{"url":"https:\/\/pubeurope.com\/@fi\/115887778265707246","error":""},"_links":{"self":[{"href":"https:\/\/www.europesays.com\/fi\/wp-json\/wp\/v2\/posts\/141151","targetHints":{"allow":["GET"]}}],"collection":[{"href":"https:\/\/www.europesays.com\/fi\/wp-json\/wp\/v2\/posts"}],"about":[{"href":"https:\/\/www.europesays.com\/fi\/wp-json\/wp\/v2\/types\/post"}],"author":[{"embeddable":true,"href":"https:\/\/www.europesays.com\/fi\/wp-json\/wp\/v2\/users\/2"}],"replies":[{"embeddable":true,"href":"https:\/\/www.europesays.com\/fi\/wp-json\/wp\/v2\/comments?post=141151"}],"version-history":[{"count":0,"href":"https:\/\/www.europesays.com\/fi\/wp-json\/wp\/v2\/posts\/141151\/revisions"}],"wp:featuredmedia":[{"embeddable":true,"href":"https:\/\/www.europesays.com\/fi\/wp-json\/wp\/v2\/media\/141152"}],"wp:attachment":[{"href":"https:\/\/www.europesays.com\/fi\/wp-json\/wp\/v2\/media?parent=141151"}],"wp:term":[{"taxonomy":"category","embeddable":true,"href":"https:\/\/www.europesays.com\/fi\/wp-json\/wp\/v2\/categories?post=141151"},{"taxonomy":"post_tag","embeddable":true,"href":"https:\/\/www.europesays.com\/fi\/wp-json\/wp\/v2\/tags?post=141151"}],"curies":[{"name":"wp","href":"https:\/\/api.w.org\/{rel}","templated":true}]}}