{"id":141155,"date":"2026-01-13T12:44:07","date_gmt":"2026-01-13T12:44:07","guid":{"rendered":"https:\/\/www.europesays.com\/fi\/141155\/"},"modified":"2026-01-13T12:44:07","modified_gmt":"2026-01-13T12:44:07","slug":"the-voice-of-finlandissa-sastamalasta-kaksi-kilpailijaa-toinen-tuttu-nuorten-tv-sarjasta-alueviesti","status":"publish","type":"post","link":"https:\/\/www.europesays.com\/fi\/141155\/","title":{"rendered":"The Voice of Finlandissa Sastamalasta kaksi kilpailijaa, toinen tuttu nuorten TV-sarjasta &#8211; Alueviesti"},"content":{"rendered":"<p><img loading=\"lazy\" decoding=\"async\" src=\"https:\/\/www.europesays.com\/fi\/wp-content\/uploads\/2026\/01\/kallio-emmi-001-758x505.jpg\" alt=\"Emmi Kallio\" width=\"758\" height=\"505\" class=\"size-large wp-image-227273\"  \/>Emmi Kallio. Kuva: Saku Tiainen.<\/p>\n<p>Sastamalasta on mukana kaksi osallistujaa The Voice of Finlandin uudella kaudella.  <\/p>\n<p>Mouhij\u00e4rvell\u00e4 asuva 16-vuotias <strong>Emmi Kallio<\/strong> opiskelee Pyynikin lukiossa musiikki- ja musiikkiteatterilinjalla. H\u00e4n viett\u00e4\u00e4kin suurimman osan ajastaan Tampereella. Kallio on energinen ja empaattinen, mutta my\u00f6s kilpailuhenkinen. Ylen Supernormaalia-sarjassa h\u00e4n on n\u00e4ytellyt Nannaa. <\/p>\n<p>Kilpailijoiden joukossa on my\u00f6s <strong>Markus Kuusisto<\/strong> Sastamalasta. H\u00e4n on 49-vuotias. Kuusisto eteni vuonna 2024 Tangomarkkinoiden laulukilpailussa livekarsintaan. <\/p>\n<p>T\u00e4htivalmentajina n\u00e4hd\u00e4\u00e4n <strong>Sanni<\/strong>, <strong>Arttu Wiskari<\/strong>, <strong>Elastinen<\/strong> ja <strong>Jenni Vartiainen<\/strong>. <\/p>\n<p>The Voice of Finland palaa ruutuihin Nelosella 23. tammikuuta. <\/p>\n","protected":false},"excerpt":{"rendered":"Emmi Kallio. Kuva: Saku Tiainen. Sastamalasta on mukana kaksi osallistujaa The Voice of Finlandin uudella kaudella. Mouhij\u00e4rvell\u00e4 asuva&hellip;\n","protected":false},"author":2,"featured_media":141156,"comment_status":"","ping_status":"","sticky":false,"template":"","format":"standard","meta":{"footnotes":""},"categories":[130],"tags":[137,33,31,30,32,109],"class_list":{"0":"post-141155","1":"post","2":"type-post","3":"status-publish","4":"format-standard","5":"has-post-thumbnail","7":"category-viihde","8":"tag-entertainment","9":"tag-fi","10":"tag-finland","11":"tag-finnish","12":"tag-suomi","13":"tag-viihde"},"share_on_mastodon":{"url":"https:\/\/pubeurope.com\/@fi\/115887856829122197","error":""},"_links":{"self":[{"href":"https:\/\/www.europesays.com\/fi\/wp-json\/wp\/v2\/posts\/141155","targetHints":{"allow":["GET"]}}],"collection":[{"href":"https:\/\/www.europesays.com\/fi\/wp-json\/wp\/v2\/posts"}],"about":[{"href":"https:\/\/www.europesays.com\/fi\/wp-json\/wp\/v2\/types\/post"}],"author":[{"embeddable":true,"href":"https:\/\/www.europesays.com\/fi\/wp-json\/wp\/v2\/users\/2"}],"replies":[{"embeddable":true,"href":"https:\/\/www.europesays.com\/fi\/wp-json\/wp\/v2\/comments?post=141155"}],"version-history":[{"count":0,"href":"https:\/\/www.europesays.com\/fi\/wp-json\/wp\/v2\/posts\/141155\/revisions"}],"wp:featuredmedia":[{"embeddable":true,"href":"https:\/\/www.europesays.com\/fi\/wp-json\/wp\/v2\/media\/141156"}],"wp:attachment":[{"href":"https:\/\/www.europesays.com\/fi\/wp-json\/wp\/v2\/media?parent=141155"}],"wp:term":[{"taxonomy":"category","embeddable":true,"href":"https:\/\/www.europesays.com\/fi\/wp-json\/wp\/v2\/categories?post=141155"},{"taxonomy":"post_tag","embeddable":true,"href":"https:\/\/www.europesays.com\/fi\/wp-json\/wp\/v2\/tags?post=141155"}],"curies":[{"name":"wp","href":"https:\/\/api.w.org\/{rel}","templated":true}]}}