{"id":141157,"date":"2026-01-13T12:47:08","date_gmt":"2026-01-13T12:47:08","guid":{"rendered":"https:\/\/www.europesays.com\/fi\/141157\/"},"modified":"2026-01-13T12:47:08","modified_gmt":"2026-01-13T12:47:08","slug":"keskuspankkien-johtajilta-taysi-tuki-fedin-jerome-powellille-uutisia-lyhyesti","status":"publish","type":"post","link":"https:\/\/www.europesays.com\/fi\/141157\/","title":{"rendered":"Keskuspankkien johtajilta t\u00e4ysi tuki Fedin Jerome Powellille | Uutisia lyhyesti"},"content":{"rendered":"<p class=\"aw-1gybjub aw-5vja16 kEtdKx kmuxyA yle__article__paragraph\">Jerome Powell kertoi sunnuntaina, ett\u00e4 liittovaltion syytt\u00e4j\u00e4t ovat k\u00e4ynnist\u00e4neet h\u00e4nest\u00e4 rikostutkinnan.<\/p>\n<p><img decoding=\"async\" alt=\"Yhdysvaltain keskuspankin p\u00e4\u00e4johtaja Jerome Powell, silm\u00e4lasip\u00e4inen vakava mies. \" src=\"https:\/\/www.europesays.com\/fi\/wp-content\/uploads\/2025\/09\/39-151256968adabf8717b1.jpeg\" class=\"aw-1l9m598 hKVVvP\"\/><\/p>\n<p>Avaa kuvien katselu<\/p>\n<p>Yhdysvaltain keskuspankki Fedin p\u00e4\u00e4johtaja Jerome Powell Washingtonissa hein\u00e4kuussa 2025. Kuva: Will Oliver \/ EPA<\/p>\n<p>14:08\u2022P\u00e4ivitetty 14:10<\/p>\n<p class=\"aw-1gybjub aw-1p7kakr kEtdKx cEmitX yle__article__paragraph\">Euroopan keskuspankki EKP:n p\u00e4\u00e4johtaja <strong class=\"aw-ak79eh KyCXm yle__article__strong\">Christine Lagarde<\/strong> ja Kanadan, Britannian, Australian, Ruotsin ja Norjan keskuspankkien p\u00e4\u00e4johtajat antavat t\u00e4yden tukensa Yhdysvaltain keskuspankki Fedin p\u00e4\u00e4johtajalle <strong class=\"aw-ak79eh KyCXm yle__article__strong\">Jerome Powellille<\/strong>.<\/p>\n<p class=\"aw-1gybjub aw-1p7kakr kEtdKx cEmitX yle__article__paragraph\"><a class=\"aw-iao6s4 iHOxEa yle__article__link\" href=\"https:\/\/www.ecb.europa.eu\/press\/pr\/date\/2026\/html\/ecb.pr260113~ec4630b9fa.en.html\" role=\"link\" rel=\"nofollow noopener\" target=\"_blank\">Yhteisess\u00e4 lausunnossaan<\/a> p\u00e4\u00e4johtajat osoittavat solidaarisuuttaan Powellille. He painottavat, ett\u00e4 keskuspankkien riippumattomuus on kulmakivi j\u00e4rjestelm\u00e4ss\u00e4, joka pit\u00e4\u00e4 yll\u00e4 hintojen ja talouden vakautta.<\/p>\n<p class=\"aw-1gybjub aw-1p7kakr kEtdKx cEmitX yle__article__paragraph\">Kannanoton taustalla on presidentti Donald Trumpin hallinnon aloittama rikostutkinta Powellista. Powell kertoi sunnuntaina, ett\u00e4 liittovaltion syytt\u00e4j\u00e4t ovat k\u00e4ynnist\u00e4neet h\u00e4nest\u00e4 rikostutkinnan.<\/p>\n<p class=\"aw-1gybjub aw-1p7kakr kEtdKx cEmitX yle__article__paragraph\">Eilen maanantaina Fedin kolme entist\u00e4 p\u00e4\u00e4johtajaa <strong class=\"aw-ak79eh KyCXm yle__article__strong\">Janet Yellen<\/strong>, <strong class=\"aw-ak79eh KyCXm yle__article__strong\">Ben Bernanke<\/strong> ja <strong class=\"aw-ak79eh KyCXm yle__article__strong\">Alan Greenspan<\/strong> ilmaisivat tukensa Powellille. Mukana oli kaikkiaan kymmenen Yhdysvaltain talouspolitiikan johtajaa.<\/p>\n<p class=\"aw-1gybjub aw-1p7kakr kEtdKx cEmitX yle__article__paragraph\">He kutsuivat liittovaltion syytt\u00e4jien rikostutkintaa Powellista ennenn\u00e4kem\u00e4tt\u00f6m\u00e4ksi yritykseksi horjuttaa keskuspankin itsen\u00e4isyytt\u00e4.<\/p>\n","protected":false},"excerpt":{"rendered":"Jerome Powell kertoi sunnuntaina, ett\u00e4 liittovaltion syytt\u00e4j\u00e4t ovat k\u00e4ynnist\u00e4neet h\u00e4nest\u00e4 rikostutkinnan. Avaa kuvien katselu Yhdysvaltain keskuspankki Fedin p\u00e4\u00e4johtaja&hellip;\n","protected":false},"author":2,"featured_media":43351,"comment_status":"","ping_status":"","sticky":false,"template":"","format":"standard","meta":{"footnotes":""},"categories":[76],"tags":[79,77,33,31,30,2553,32,78,56,6475],"class_list":{"0":"post-141157","1":"post","2":"type-post","3":"status-publish","4":"format-standard","5":"has-post-thumbnail","7":"category-talous","8":"tag-business","9":"tag-economy","10":"tag-fi","11":"tag-finland","12":"tag-finnish","13":"tag-jerome-h-powell","14":"tag-suomi","15":"tag-talous","16":"tag-ulkomaat","17":"tag-yhdysvaltain-keskuspankki"},"share_on_mastodon":{"url":"https:\/\/pubeurope.com\/@fi\/115887868750103092","error":""},"_links":{"self":[{"href":"https:\/\/www.europesays.com\/fi\/wp-json\/wp\/v2\/posts\/141157","targetHints":{"allow":["GET"]}}],"collection":[{"href":"https:\/\/www.europesays.com\/fi\/wp-json\/wp\/v2\/posts"}],"about":[{"href":"https:\/\/www.europesays.com\/fi\/wp-json\/wp\/v2\/types\/post"}],"author":[{"embeddable":true,"href":"https:\/\/www.europesays.com\/fi\/wp-json\/wp\/v2\/users\/2"}],"replies":[{"embeddable":true,"href":"https:\/\/www.europesays.com\/fi\/wp-json\/wp\/v2\/comments?post=141157"}],"version-history":[{"count":0,"href":"https:\/\/www.europesays.com\/fi\/wp-json\/wp\/v2\/posts\/141157\/revisions"}],"wp:featuredmedia":[{"embeddable":true,"href":"https:\/\/www.europesays.com\/fi\/wp-json\/wp\/v2\/media\/43351"}],"wp:attachment":[{"href":"https:\/\/www.europesays.com\/fi\/wp-json\/wp\/v2\/media?parent=141157"}],"wp:term":[{"taxonomy":"category","embeddable":true,"href":"https:\/\/www.europesays.com\/fi\/wp-json\/wp\/v2\/categories?post=141157"},{"taxonomy":"post_tag","embeddable":true,"href":"https:\/\/www.europesays.com\/fi\/wp-json\/wp\/v2\/tags?post=141157"}],"curies":[{"name":"wp","href":"https:\/\/api.w.org\/{rel}","templated":true}]}}