{"id":141162,"date":"2026-01-13T12:50:09","date_gmt":"2026-01-13T12:50:09","guid":{"rendered":"https:\/\/www.europesays.com\/fi\/141162\/"},"modified":"2026-01-13T12:50:09","modified_gmt":"2026-01-13T12:50:09","slug":"pienia-asuntoja-on-moitittu-toimimattomiksi-nyt-vaitetta-puoltaa-myos-tuore-tutkimus","status":"publish","type":"post","link":"https:\/\/www.europesays.com\/fi\/141162\/","title":{"rendered":"Pieni\u00e4 asuntoja on moitittu toimimattomiksi, nyt v\u00e4itett\u00e4 puoltaa my\u00f6s tuore tutkimus"},"content":{"rendered":"<p>Asuminen|Asukkaat joutuvat monesti valitsemaan ruokap\u00f6yd\u00e4n ja sohvan v\u00e4lilt\u00e4.<\/p>\n<p>Lue tiivistelm\u00e4<\/p>\n<p class=\"article-body mb-nof-24 px-nof-16 sndp-summary-bullet-point-font\">Aalto-yliopiston tutkimus osoittaa, ett\u00e4 uusissa pieniss\u00e4 asunnoissa on toimivuusongelmia erityisesti keitti\u00f6iss\u00e4 ja ruokailutiloissa.<\/p>\n<p class=\"article-body mb-nof-24 px-nof-16 sndp-summary-bullet-point-font\">Tutkijat selvittiv\u00e4t, ett\u00e4 99 prosentissa vuonna 2020 Helsingiss\u00e4 rakennusluvan saaneista kaksioista on avokeitti\u00f6 ja vain puolessa keitti\u00f6kalusteen pituus t\u00e4ytt\u00e4\u00e4 suosituksen.<\/p>\n<p class=\"article-body mb-nof-24 px-nof-16 sndp-summary-bullet-point-font\">Tutkija Anne Tervon mukaan asukkaat joutuvat usein valitsemaan ruokap\u00f6yd\u00e4n ja sohvan v\u00e4lill\u00e4, koska tilaa ei riit\u00e4 molemmille.<\/p>\n<p class=\"article-body mb-nof-24 px-nof-16 sndp-summary-bullet-point-font\">Tervo per\u00e4\u00e4nkuuluttaa, ett\u00e4 asuntojen lupakuviin pit\u00e4isi sis\u00e4llytt\u00e4\u00e4 oikeassa mittakaavassa olevat kalusteet, jotta asukkaat voisivat arvioida asunnon k\u00e4ytett\u00e4vyytt\u00e4 realistisemmin.<\/p>\n<p class=\"article-body mb-nof-24 px-nof-16\">Uusia pieni\u00e4 asuntoja on jo vuosia moitittu toimimattomiksi. Nyt v\u00e4itett\u00e4 puoltaa Aalto-yliopistossa julkaistu tutkimus.<\/p>\n<p class=\"article-body mb-nof-24 px-nof-16\">Tutkijat <a class=\"font-bold underline-offset-[0.12em] [text-decoration:var(--person-link-text-decoration)] ![text-decoration-color:var(--person-link-text-decoration-color)]\" href=\"https:\/\/www.hs.fi\/haku\/?query=Anne%20Tervo\" rel=\"nofollow noopener\" target=\"_blank\">Anne Tervo<\/a>, <a class=\"font-bold underline-offset-[0.12em] [text-decoration:var(--person-link-text-decoration)] ![text-decoration-color:var(--person-link-text-decoration-color)]\" href=\"https:\/\/www.hs.fi\/haku\/?query=Sanna%20Meril%C3%A4inen\" rel=\"nofollow noopener\" target=\"_blank\">Sanna Meril\u00e4inen<\/a> ja <a class=\"font-bold underline-offset-[0.12em] [text-decoration:var(--person-link-text-decoration)] ![text-decoration-color:var(--person-link-text-decoration-color)]\" href=\"https:\/\/www.hs.fi\/haku\/?query=Johanna%20Lilius\" rel=\"nofollow noopener\" target=\"_blank\">Johanna Lilius<\/a> k\u00e4viv\u00e4t l\u00e4pi useita vuonna 2020 rakennusluvan saaneita helsinkil\u00e4isi\u00e4 kaksioita ja selvittiv\u00e4t niiden suunnitteluratkaisuja ja tilallista laatua. Tarkasteltavana oli vajaat 950 asuntoa liki 50 kerrostalossa.<\/p>\n<p class=\"article-body mb-nof-24 px-nof-16\">Erityisesti keitti\u00f6it\u00e4 ja keittotiloja on kritisoitu <a class=\"underline underline-offset-[0.12em] [text-decoration-thickness:var(--generic-link-underline-thickness)] [text-decoration-color:var(--generic-link-underline-color)] [text-decoration-skip-ink:var(--generic-link-underline-skip-ink)] break-words\" href=\"https:\/\/www.hs.fi\/pkseutu\/art-2000011665018.html\" rel=\"nofollow noopener\" target=\"_blank\">julkisessa keskustelussa<\/a>. Tervon mukaan nykyasuntojen pinta-aloista on saatu nipistetty\u00e4 muun muassa avokeitti\u00f6ill\u00e4. Sellainen oli 99 prosentissa tutkituista asunnoista.<\/p>\n<p class=\"article-body mb-nof-24 px-nof-16\">Asunnoista olisi mahdollista saada parempia verrattain pienill\u00e4 asioilla, Tervo sanoo. T\u00e4llaisia havaintoja tutkijat tekiv\u00e4t asunnoista:<\/p>\n<ul class=\"mb-nof-16 px-nof-16 article-unordered-list unordered-list\">\n<li class=\"unordered-list-item\">\n<p class=\"article-body\">Keitti\u00f6kalusteen suosituspituus on v\u00e4hint\u00e4\u00e4n 3,5 metri\u00e4. T\u00e4m\u00e4 toteutui puolessa tutkituista kaksioista. Puolessa s\u00e4ilytystilaa ei j\u00e4\u00e4nyt juuri lainkaan.<\/p>\n<\/li>\n<li class=\"unordered-list-item\">\n<p class=\"article-body\">Ruokap\u00f6yd\u00e4n ymp\u00e4rill\u00e4 olisi hyv\u00e4 pysty\u00e4 liikkumaan esteett\u00f6m\u00e4sti. T\u00e4m\u00e4 toteutui suurimmassa osassa asunnoista. Ruokailuryhm\u00e4n sijoittamisen j\u00e4lkeen tilaa j\u00e4i usein hyvin v\u00e4h\u00e4n olohuoneen kalusteille.<\/p>\n<\/li>\n<li class=\"unordered-list-item\">\n<p class=\"article-body\">Avokeitti\u00f6n tulisi olla muunnettavissa erilliskeitti\u00f6ksi kevyen v\u00e4lisein\u00e4n avulla. T\u00e4m\u00e4 olisi kest\u00e4v\u00e4n kehityksen mukaista ja auttaisi tiloja taipumaan erilaisten k\u00e4ytt\u00e4jien tarpeisiin.<\/p>\n<\/li>\n<li class=\"unordered-list-item\">\n<p class=\"article-body\">Ruokap\u00f6yd\u00e4n olisi hyv\u00e4 olla sijoitettavissa ikkunan \u00e4\u00e4reen. T\u00e4m\u00e4 toteutui 97 prosentissa tutkituista asunnoista.<\/p>\n<\/li>\n<\/ul>\n<p class=\"article-body mb-nof-24 px-nof-16\">Kalustettavuus on Tervon mukaan t\u00e4rkein asunnon toimivuuden kriteeri. Suunnittelum\u00e4\u00e4r\u00e4ykset eiv\u00e4t kuitenkaan t\u00e4t\u00e4 huomioi. Asunnot ovat lakis\u00e4\u00e4teisesti esteett\u00f6mi\u00e4, mutta voivat muuttua kalustamisen j\u00e4lkeen esteellisiksi.<\/p>\n<p class=\"article-body mb-nof-24 px-nof-16\">Siksi Tervo per\u00e4\u00e4nkuuluttaa, ett\u00e4 asuntojen lupakuviin pit\u00e4isi sis\u00e4llytt\u00e4\u00e4 oikeassa mittakaavassa olevat kalusteet, kuten sohva, s\u00e4nky ja p\u00f6yt\u00e4.<\/p>\n<p class=\"article-body mb-nof-24 px-nof-16\">\u201dSiten my\u00f6s asukkaat voisivat paremmin ja realistisemmin arvioida asunnon k\u00e4ytett\u00e4vyytt\u00e4 omassa arjessaan. T\u00e4m\u00e4 puute on ilmeinen.\u201d<\/p>\n<p class=\"article-body mb-nof-24 px-nof-16\">Esimerkiksi ruokap\u00f6yd\u00e4n sijoittamisen j\u00e4lkeen j\u00e4ljelle voi j\u00e4\u00e4d\u00e4 h\u00e4vi\u00e4v\u00e4n v\u00e4h\u00e4n lattiatilaa, jos pit\u00e4\u00e4 huomioida p\u00e4\u00e4sy parvekkeelle ja makuuhuoneeseen. Kaksioonkin pit\u00e4isi mahtua nelj\u00e4n hengen ruokap\u00f6yt\u00e4.<\/p>\n<p class=\"article-body mb-nof-24 px-nof-16\">\u201dT\u00e4m\u00e4 suositus on esimerkiksi siksi, ett\u00e4 ruokakunta voi kutsua ihmisi\u00e4 kyl\u00e4\u00e4n\u201d, Tervo sanoo.<\/p>\n<p class=\"article-body mb-nof-24 px-nof-16\">\u201dMutta oleellista on, ett\u00e4 samaan asuntoon voi sitten olla vaikea sijoittaa sohvaa ja ruokap\u00f6yt\u00e4\u00e4.\u201d<\/p>\n<p class=\"article-body mb-nof-24 px-nof-16\">Tutkimuksen mukaan asuntosuunnittelussa on tultu siihen pisteeseen, ett\u00e4 ihmiset joutuvat tekem\u00e4\u00e4n valintoja kalusteiden v\u00e4lill\u00e4. Ottaako suositusten mukainen ruokap\u00f6yt\u00e4 ja luopua sohvalle varatusta tilasta vai toisinp\u00e4in?<\/p>\n<p class=\"article-body mb-nof-24 px-nof-16\">Uusien <a class=\"underline underline-offset-[0.12em] [text-decoration-thickness:var(--generic-link-underline-thickness)] [text-decoration-color:var(--generic-link-underline-color)] [text-decoration-skip-ink:var(--generic-link-underline-skip-ink)] break-words\" href=\"https:\/\/www.hs.fi\/visio\/art-2000009217620.html\" rel=\"nofollow noopener\" target=\"_blank\">asuntojen keskikoko alkoi pienenty\u00e4<\/a> Suomessa viitisentoista vuotta sitten. Tuli yksi\u00f6buumi ja perheasunnot kutistuivat. Keittokomerot ovat h\u00e4vinneet, eik\u00e4 huone ja keitti\u00f6 -asuntoja rakenneta en\u00e4\u00e4 juuri lainkaan.<\/p>\n<p class=\"article-body mb-nof-24 px-nof-16\">Tervon mukaan lains\u00e4\u00e4d\u00e4nt\u00f6 m\u00e4\u00e4rittelee tilojen suunnittelua hyvin v\u00e4h\u00e4n.<\/p>\n<p class=\"article-body mb-nof-24 px-nof-16\">Keitti\u00f6lle ei esimerkiksi ole luonnonvalon vaadetta toisin kuin vaikka makuuhuoneelle. Keitti\u00f6n voi sijoittaa <a class=\"underline underline-offset-[0.12em] [text-decoration-thickness:var(--generic-link-underline-thickness)] [text-decoration-color:var(--generic-link-underline-color)] [text-decoration-skip-ink:var(--generic-link-underline-skip-ink)] break-words\" href=\"https:\/\/www.hs.fi\/pkseutu\/art-2000011570987.html\" rel=\"nofollow noopener\" target=\"_blank\">ikkunattomaan ja pime\u00e4\u00e4n eteiseen<\/a>.<\/p>\n<p class=\"article-body mb-nof-24 px-nof-16\">Arkkitehti voi siis joutua suunnittelemaan asuntoja, joihin ei tule suositusten mukaisesti valoa.<\/p>\n<p class=\"article-body mb-nof-24 px-nof-16\">\u201dVoin varmaan monen [arkkitehdin] puolesta todeta, ett\u00e4 ei mett\u00e4 keit\u00e4\u201d, Tervo kuvailee.<\/p>\n<p class=\"article-body mb-nof-24 px-nof-16\">Ongelmallinen asuntotuotanto voi Tervon mukaan johtaa isompiin ongelmiin. Pahimmillaan asunnoista saattaa tulla l\u00e4pikulkupaikkoja.<\/p>\n<p class=\"article-body mb-nof-24 px-nof-16\">Tervo toivoo, ett\u00e4 asuntosuunnittelun v\u00e4himm\u00e4isvaatimuksia muutettaisiin sellaiseksi, ett\u00e4 asunnoissa voisi asua pitk\u00e4\u00e4n hyvin ja viihtyis\u00e4sti.<\/p>\n","protected":false},"excerpt":{"rendered":"Asuminen|Asukkaat joutuvat monesti valitsemaan ruokap\u00f6yd\u00e4n ja sohvan v\u00e4lilt\u00e4. Lue tiivistelm\u00e4 Aalto-yliopiston tutkimus osoittaa, ett\u00e4 uusissa pieniss\u00e4 asunnoissa on&hellip;\n","protected":false},"author":2,"featured_media":141163,"comment_status":"","ping_status":"","sticky":false,"template":"","format":"standard","meta":{"footnotes":""},"categories":[5],"tags":[22,23,26,27,33,31,30,17,46,24,25,28,29,15,18,21,32,19,20,16],"class_list":{"0":"post-141162","1":"post","2":"type-post","3":"status-publish","4":"format-standard","5":"has-post-thumbnail","7":"category-otsikot","8":"tag-breaking-news","9":"tag-breakingnews","10":"tag-featured-news","11":"tag-featurednews","12":"tag-fi","13":"tag-finland","14":"tag-finnish","15":"tag-headlines","16":"tag-helsingin-sanomat","17":"tag-latest-news","18":"tag-latestnews","19":"tag-main-news","20":"tag-mainnews","21":"tag-news","22":"tag-otsikot","23":"tag-paauutiset","24":"tag-suomi","25":"tag-top-stories","26":"tag-topstories","27":"tag-uutiset"},"share_on_mastodon":{"url":"https:\/\/pubeurope.com\/@fi\/115887880421822278","error":""},"_links":{"self":[{"href":"https:\/\/www.europesays.com\/fi\/wp-json\/wp\/v2\/posts\/141162","targetHints":{"allow":["GET"]}}],"collection":[{"href":"https:\/\/www.europesays.com\/fi\/wp-json\/wp\/v2\/posts"}],"about":[{"href":"https:\/\/www.europesays.com\/fi\/wp-json\/wp\/v2\/types\/post"}],"author":[{"embeddable":true,"href":"https:\/\/www.europesays.com\/fi\/wp-json\/wp\/v2\/users\/2"}],"replies":[{"embeddable":true,"href":"https:\/\/www.europesays.com\/fi\/wp-json\/wp\/v2\/comments?post=141162"}],"version-history":[{"count":0,"href":"https:\/\/www.europesays.com\/fi\/wp-json\/wp\/v2\/posts\/141162\/revisions"}],"wp:featuredmedia":[{"embeddable":true,"href":"https:\/\/www.europesays.com\/fi\/wp-json\/wp\/v2\/media\/141163"}],"wp:attachment":[{"href":"https:\/\/www.europesays.com\/fi\/wp-json\/wp\/v2\/media?parent=141162"}],"wp:term":[{"taxonomy":"category","embeddable":true,"href":"https:\/\/www.europesays.com\/fi\/wp-json\/wp\/v2\/categories?post=141162"},{"taxonomy":"post_tag","embeddable":true,"href":"https:\/\/www.europesays.com\/fi\/wp-json\/wp\/v2\/tags?post=141162"}],"curies":[{"name":"wp","href":"https:\/\/api.w.org\/{rel}","templated":true}]}}