{"id":141164,"date":"2026-01-13T13:05:07","date_gmt":"2026-01-13T13:05:07","guid":{"rendered":"https:\/\/www.europesays.com\/fi\/141164\/"},"modified":"2026-01-13T13:05:07","modified_gmt":"2026-01-13T13:05:07","slug":"tassa-ovat-uudet-tahdet-tahdet-kilpailijat-2","status":"publish","type":"post","link":"https:\/\/www.europesays.com\/fi\/141164\/","title":{"rendered":"T\u00e4ss\u00e4 ovat uudet T\u00e4hdet, t\u00e4hdet -kilpailijat"},"content":{"rendered":"<p>Uudet T\u00e4hdet, t\u00e4hdet -osallistujat on paljastettu. <\/p>\n<p>Vuoden 2026 T\u00e4hdet, t\u00e4hdet -kilpailijoina n\u00e4hd\u00e4\u00e4n n\u00e4yttelij\u00e4\u00a0<strong>Mikko Penttil\u00e4<\/strong>, laulaja\u00a0<strong>Ami Aspelund<\/strong>, ys\u00e4rikingi\u00a0<strong>Waldo<\/strong>, laulaja\u00a0<strong>Annika Eklund<\/strong>, vatsastapuhuja\u00a0<strong>Sari Aalto<\/strong>, reggae-muusikko\u00a0<strong>Jukka Poika<\/strong>, laulaja\u00a0<strong>Venla Edelmann<\/strong>, laulaja\u00a0<strong>Noora Louhimo<\/strong>\u00a0ja oopperalaulaja\u00a0<strong>Aarne Pelkonen<\/strong>.<\/p>\n<p>Lue my\u00f6s: <a href=\"https:\/\/www.voice.fi\/ilmiot\/a-226933\" title=\"Tampereen T\u00e4htikadulle lis\u00e4ttiin j\u00e4lleen uusia t\u00e4hti\u00e4\" class=\"underline-custom !font-montserrat !font-bold !underline-offset-4 !decoration-4 !decoration-tilt-light !text-md\" rel=\"nofollow noopener\" target=\"_blank\">Tampereen T\u00e4htikadulle lis\u00e4ttiin j\u00e4lleen uusia t\u00e4hti\u00e4<\/a><\/p>\n<p>Ohjelmassa julkisuudesta tutut viihdytt\u00e4j\u00e4t heitt\u00e4ytyv\u00e4t eri musiikkigenrejen sy\u00f6vereihin ja haastavat itsens\u00e4 viikko toisensa j\u00e4lkeen.\u00a0<\/p>\n<p>Tuomareina n\u00e4hd\u00e4\u00e4n sen sijaan aiemmilta kausilta tutut <strong>Lilli Paasikivi<\/strong>\u00a0ja\u00a0<strong>Sami Yaffa<\/strong>. T\u00e4m\u00e4n lis\u00e4ksi mukana on my\u00f6s vaihtuva tuomari. <\/p>\n<p>Juontajana toimii<strong> Susanna Laine<\/strong>.<\/p>\n<p>T\u00e4hdet, t\u00e4hdet alkaa Ruudussa ja Nelosella 5. huhtikuuta.<\/p>\n","protected":false},"excerpt":{"rendered":"Uudet T\u00e4hdet, t\u00e4hdet -osallistujat on paljastettu. Vuoden 2026 T\u00e4hdet, t\u00e4hdet -kilpailijoina n\u00e4hd\u00e4\u00e4n n\u00e4yttelij\u00e4\u00a0Mikko Penttil\u00e4, laulaja\u00a0Ami Aspelund, ys\u00e4rikingi\u00a0Waldo, laulaja\u00a0Annika&hellip;\n","protected":false},"author":2,"featured_media":141165,"comment_status":"","ping_status":"","sticky":false,"template":"","format":"standard","meta":{"footnotes":""},"categories":[133],"tags":[137,33,31,30,1758,3090,32,206,24325,156,109],"class_list":{"0":"post-141164","1":"post","2":"type-post","3":"status-publish","4":"format-standard","5":"has-post-thumbnail","7":"category-televisiot","8":"tag-entertainment","9":"tag-fi","10":"tag-finland","11":"tag-finnish","12":"tag-nelonen","13":"tag-sarja","14":"tag-suomi","15":"tag-televisiot","16":"tag-tu00e4hdet-tu00e4hdet","17":"tag-tv","18":"tag-viihde"},"share_on_mastodon":{"url":"https:\/\/pubeurope.com\/@fi\/115887939396885234","error":""},"_links":{"self":[{"href":"https:\/\/www.europesays.com\/fi\/wp-json\/wp\/v2\/posts\/141164","targetHints":{"allow":["GET"]}}],"collection":[{"href":"https:\/\/www.europesays.com\/fi\/wp-json\/wp\/v2\/posts"}],"about":[{"href":"https:\/\/www.europesays.com\/fi\/wp-json\/wp\/v2\/types\/post"}],"author":[{"embeddable":true,"href":"https:\/\/www.europesays.com\/fi\/wp-json\/wp\/v2\/users\/2"}],"replies":[{"embeddable":true,"href":"https:\/\/www.europesays.com\/fi\/wp-json\/wp\/v2\/comments?post=141164"}],"version-history":[{"count":0,"href":"https:\/\/www.europesays.com\/fi\/wp-json\/wp\/v2\/posts\/141164\/revisions"}],"wp:featuredmedia":[{"embeddable":true,"href":"https:\/\/www.europesays.com\/fi\/wp-json\/wp\/v2\/media\/141165"}],"wp:attachment":[{"href":"https:\/\/www.europesays.com\/fi\/wp-json\/wp\/v2\/media?parent=141164"}],"wp:term":[{"taxonomy":"category","embeddable":true,"href":"https:\/\/www.europesays.com\/fi\/wp-json\/wp\/v2\/categories?post=141164"},{"taxonomy":"post_tag","embeddable":true,"href":"https:\/\/www.europesays.com\/fi\/wp-json\/wp\/v2\/tags?post=141164"}],"curies":[{"name":"wp","href":"https:\/\/api.w.org\/{rel}","templated":true}]}}