{"id":141168,"date":"2026-01-13T13:10:07","date_gmt":"2026-01-13T13:10:07","guid":{"rendered":"https:\/\/www.europesays.com\/fi\/141168\/"},"modified":"2026-01-13T13:10:07","modified_gmt":"2026-01-13T13:10:07","slug":"marquee-tv-aloitti-suomessa-ilta-sanomat","status":"publish","type":"post","link":"https:\/\/www.europesays.com\/fi\/141168\/","title":{"rendered":"Marquee TV aloitti Suomessa &#8211; Ilta-Sanomat"},"content":{"rendered":"<p>Uuden suoratoistopalvelun valikoimissa on muun muassa taltiointeja oopperasta ja teatterista.<\/p>\n<p class=\"article-body mb-nof-24 px-nof-16\">Suomeen rantautuu uusi suoratoistopalvelu, kun korkeakulttuuriin keskittyneen Marquee TV:n valikoima tulee Ruutuun.<\/p>\n<p class=\"article-body mb-nof-24 px-nof-16\">Toisin kuin kilpailijansa, Marquee TV ei esit\u00e4 tv-sarjoja tai Hollywood-elokuvia.<\/p>\n<p class=\"article-body mb-nof-24 px-nof-16\">Palvelussa on katsottavissa muun muassa taidedokumentteja ja taltiointeja baletista, oopperasta, teatterista, klassisesta musiikista ja tanssista.<\/p>\n<p class=\"article-body mb-nof-24 px-nof-16\">Marquee TV:n sis\u00e4lt\u00f6 on katsottavissa Ruudussa erillisell\u00e4 tilauksella. Korkeakulttuuriin keskittyv\u00e4n suoratoiston hinta on 9,99 euroa kuukaudessa. Tilaus ei vaadi erillist\u00e4 Ruutu+-tilausta.<\/p>\n<p class=\"article-body mb-nof-24 px-nof-16\">Uuden suoratoistopalvelun tarjontaan kuuluu taltiointeja muun muassa London Symphony Orchestralta, London Philharmonic Orchestralta, English National Balletilta ja The Cleveland Orchestralta.<\/p>\n<p class=\"article-body mb-nof-24 px-nof-16\">Teatterin ja oopperan puolelta mukana ovat muun muassa Royal Shakespeare Company, The Globe Theatre, Donmar Warehouse, Glyndebourne, The Royal Ballet ja Opera Zurich.<\/p>\n<p class=\"article-body mb-nof-24 px-nof-16\">Marquee TV:n sis\u00e4lt\u00f6 on katsottavissa Ruudussa erillisell\u00e4 tilauksella. Korkeakulttuuriin keskittyv\u00e4n suoratoiston hinta on 9,99 euroa kuukaudessa. Tilaus ei vaadi erillist\u00e4 Ruutu+-tilausta.<\/p>\n<p class=\"article-body mb-nof-24 px-nof-16\">Suoratoistopalvelu on my\u00f6s tilattavissa oman verkkosivunsa ja sovelluksensa kautta.<\/p>\n<p class=\"article-body nof-ui-body-medium mb-nof-24 px-nof-16\">Ruutu ja Ilta-Sanomat kuuluvat samaan Sanoma-konserniin.<\/p>\n","protected":false},"excerpt":{"rendered":"Uuden suoratoistopalvelun valikoimissa on muun muassa taltiointeja oopperasta ja teatterista. Suomeen rantautuu uusi suoratoistopalvelu, kun korkeakulttuuriin keskittyneen Marquee&hellip;\n","protected":false},"author":2,"featured_media":141169,"comment_status":"","ping_status":"","sticky":false,"template":"","format":"standard","meta":{"footnotes":""},"categories":[130],"tags":[137,33,31,30,34,32,109],"class_list":{"0":"post-141168","1":"post","2":"type-post","3":"status-publish","4":"format-standard","5":"has-post-thumbnail","7":"category-viihde","8":"tag-entertainment","9":"tag-fi","10":"tag-finland","11":"tag-finnish","12":"tag-ilta-sanomat","13":"tag-suomi","14":"tag-viihde"},"share_on_mastodon":{"url":"https:\/\/pubeurope.com\/@fi\/115887959064390425","error":""},"_links":{"self":[{"href":"https:\/\/www.europesays.com\/fi\/wp-json\/wp\/v2\/posts\/141168","targetHints":{"allow":["GET"]}}],"collection":[{"href":"https:\/\/www.europesays.com\/fi\/wp-json\/wp\/v2\/posts"}],"about":[{"href":"https:\/\/www.europesays.com\/fi\/wp-json\/wp\/v2\/types\/post"}],"author":[{"embeddable":true,"href":"https:\/\/www.europesays.com\/fi\/wp-json\/wp\/v2\/users\/2"}],"replies":[{"embeddable":true,"href":"https:\/\/www.europesays.com\/fi\/wp-json\/wp\/v2\/comments?post=141168"}],"version-history":[{"count":0,"href":"https:\/\/www.europesays.com\/fi\/wp-json\/wp\/v2\/posts\/141168\/revisions"}],"wp:featuredmedia":[{"embeddable":true,"href":"https:\/\/www.europesays.com\/fi\/wp-json\/wp\/v2\/media\/141169"}],"wp:attachment":[{"href":"https:\/\/www.europesays.com\/fi\/wp-json\/wp\/v2\/media?parent=141168"}],"wp:term":[{"taxonomy":"category","embeddable":true,"href":"https:\/\/www.europesays.com\/fi\/wp-json\/wp\/v2\/categories?post=141168"},{"taxonomy":"post_tag","embeddable":true,"href":"https:\/\/www.europesays.com\/fi\/wp-json\/wp\/v2\/tags?post=141168"}],"curies":[{"name":"wp","href":"https:\/\/api.w.org\/{rel}","templated":true}]}}