{"id":141170,"date":"2026-01-13T13:13:07","date_gmt":"2026-01-13T13:13:07","guid":{"rendered":"https:\/\/www.europesays.com\/fi\/141170\/"},"modified":"2026-01-13T13:13:07","modified_gmt":"2026-01-13T13:13:07","slug":"keskuspankkien-johtajat-ilmaisevat-tayden-tukensa-fedin-jerome-powellille-uutissuomalainen","status":"publish","type":"post","link":"https:\/\/www.europesays.com\/fi\/141170\/","title":{"rendered":"Keskuspankkien johtajat ilmaisevat t\u00e4yden tukensa Fedin Jerome Powellille | Uutissuomalainen"},"content":{"rendered":"<p>Euroopan keskuspankki EKP:n p\u00e4\u00e4johtaja Christine Lagarde sek\u00e4 muun muassa Kanadan, Britannian, Australian, Ruotsin ja Norjan keskuspankkien p\u00e4\u00e4johtajat antavat t\u00e4yden tukensa Yhdysvaltain keskuspankki Fedin p\u00e4\u00e4johtajalle Jerome Powellille.<\/p>\n<p>Yhteisess\u00e4 <a href=\"https:\/\/www.ecb.europa.eu\/press\/pr\/date\/2026\/html\/ecb.pr260113~ec4630b9fa.en.html\" rel=\"nofollow noopener\" target=\"_blank\">lausunnossaan<\/a> p\u00e4\u00e4johtajat osoittavat solidaarisuuttaan Powellille ja painottavat keskuspankkien riippumattomuuden merkityst\u00e4.<\/p>\n<p>\u2013\u2009P\u00e4\u00e4johtaja Powell on hoitanut teht\u00e4v\u00e4\u00e4ns\u00e4 suoraselk\u00e4isesti keskittyen teht\u00e4v\u00e4\u00e4ns\u00e4 ja ty\u00f6skennellyt vankkumattomasti yleisen edun puolesta. Meille h\u00e4n on kunnioitettu virkaveli, jota kaikki h\u00e4nen kanssaan ty\u00f6skennelleet arvostavat suuresti, pankinjohtajat toteavat.<\/p>\n<p>Keskuspankkien riippumattomuus t\u00e4ytyy turvata, allekirjoittajat vaativat.<\/p>\n<p>\u2013\u2009Keskuspankkien riippumattomuus on hinta-, finanssi- ja talousj\u00e4rjestelm\u00e4n kulmakivi. On v\u00e4ltt\u00e4m\u00e4t\u00f6nt\u00e4 varmistaa riippumattomuus kunnioittaen oikeusvaltiota ja demokraattista vastuuvelvollisuutta.<\/p>\n<p>Julkilausuman taustalla on presidentti Donald Trumpin hallinnon aloittama rikostutkinta Powellista. Tutkinta liittyy Powellin kes\u00e4kuussa antamiin kommentteihin senaatin j\u00e4senille. Kommentit liittyiv\u00e4t keskuspankin toimistorakennusten peruskorjaushankkeeseen.<\/p>\n<p>\t\t\t\tP\u00e4\u00e4johtajalta suorat sanat<\/p>\n<p>Powell antoi syyt\u00f6ksille tiukkas\u00e4vyisen <a href=\"https:\/\/www.youtube.com\/watch?v=KckGHaBLSn4\" rel=\"nofollow noopener\" target=\"_blank\">vastauksen<\/a> sunnuntaina ja totesi, ett\u00e4 tutkinta on osa Trumpin aloittamaa painostuskampanjaa. Trump on useasti toistellut, ett\u00e4 h\u00e4nen mielest\u00e4\u00e4n Powellin johtaman Fedin olisi pit\u00e4nyt laskea ohjauskorkoa paljon nopeammin kuin on tapahtunut. <\/p>\n<p>\u2013\u2009Kysymys on siit\u00e4, voiko Fed tulevaisuudessa p\u00e4\u00e4tt\u00e4\u00e4 koroista evidenssin ja talouden tilanteen perusteella, vai ohjataanko rahapolitiikkaa jatkossa poliittisella painostuksella ja uhkauksilla, Powell sanoi videolla.<\/p>\n<p>Powell sai jo aiemmin tukea joukolta entisi\u00e4 Fedin p\u00e4\u00e4johtajia ja Yhdysvaltojen valtiovarainministereit\u00e4. <a href=\"https:\/\/jointstatement.substack.com\/p\/statement-on-the-federal-reserve\" rel=\"nofollow noopener\" target=\"_blank\">Kannanoton<\/a> allekirjoittajien joukossa olivat muun muassa Janet Yellen, Ben Bernanke ja Alan Greenspan. <\/p>\n<p>Powellin kausi Fedin johdossa p\u00e4\u00e4ttyy toukokuussa, mutta h\u00e4n voi jatkaa Fedin johtokunnan j\u00e4senen\u00e4 vuoteen 2028. H\u00e4n ei ole viel\u00e4 kertonut, aikooko tehd\u00e4 niin. <\/p>\n","protected":false},"excerpt":{"rendered":"Euroopan keskuspankki EKP:n p\u00e4\u00e4johtaja Christine Lagarde sek\u00e4 muun muassa Kanadan, Britannian, Australian, Ruotsin ja Norjan keskuspankkien p\u00e4\u00e4johtajat antavat&hellip;\n","protected":false},"author":2,"featured_media":141171,"comment_status":"","ping_status":"","sticky":false,"template":"","format":"standard","meta":{"footnotes":""},"categories":[76],"tags":[79,585,77,2267,33,31,30,2346,5741,2619,2408,32,78],"class_list":{"0":"post-141170","1":"post","2":"type-post","3":"status-publish","4":"format-standard","5":"has-post-thumbnail","7":"category-talous","8":"tag-business","9":"tag-donald-trump","10":"tag-economy","11":"tag-eurooppa","12":"tag-fi","13":"tag-finland","14":"tag-finnish","15":"tag-hallituksen-talouspolitiikka","16":"tag-keskuspankit-keskuspankkitoiminta","17":"tag-makrotalous-ja-talouspolitiikka","18":"tag-rahoitusmarkkinat","19":"tag-suomi","20":"tag-talous"},"share_on_mastodon":{"url":"https:\/\/pubeurope.com\/@fi\/115887971010618919","error":""},"_links":{"self":[{"href":"https:\/\/www.europesays.com\/fi\/wp-json\/wp\/v2\/posts\/141170","targetHints":{"allow":["GET"]}}],"collection":[{"href":"https:\/\/www.europesays.com\/fi\/wp-json\/wp\/v2\/posts"}],"about":[{"href":"https:\/\/www.europesays.com\/fi\/wp-json\/wp\/v2\/types\/post"}],"author":[{"embeddable":true,"href":"https:\/\/www.europesays.com\/fi\/wp-json\/wp\/v2\/users\/2"}],"replies":[{"embeddable":true,"href":"https:\/\/www.europesays.com\/fi\/wp-json\/wp\/v2\/comments?post=141170"}],"version-history":[{"count":0,"href":"https:\/\/www.europesays.com\/fi\/wp-json\/wp\/v2\/posts\/141170\/revisions"}],"wp:featuredmedia":[{"embeddable":true,"href":"https:\/\/www.europesays.com\/fi\/wp-json\/wp\/v2\/media\/141171"}],"wp:attachment":[{"href":"https:\/\/www.europesays.com\/fi\/wp-json\/wp\/v2\/media?parent=141170"}],"wp:term":[{"taxonomy":"category","embeddable":true,"href":"https:\/\/www.europesays.com\/fi\/wp-json\/wp\/v2\/categories?post=141170"},{"taxonomy":"post_tag","embeddable":true,"href":"https:\/\/www.europesays.com\/fi\/wp-json\/wp\/v2\/tags?post=141170"}],"curies":[{"name":"wp","href":"https:\/\/api.w.org\/{rel}","templated":true}]}}