{"id":141174,"date":"2026-01-13T13:15:06","date_gmt":"2026-01-13T13:15:06","guid":{"rendered":"https:\/\/www.europesays.com\/fi\/141174\/"},"modified":"2026-01-13T13:15:06","modified_gmt":"2026-01-13T13:15:06","slug":"itaradan-ymparistovaikutusten-arvioinnista-yva-pyydetaan-mielipiteita-lupa","status":"publish","type":"post","link":"https:\/\/www.europesays.com\/fi\/141174\/","title":{"rendered":"It\u00e4radan ymp\u00e4rist\u00f6vaikutusten arvioinnista (YVA) pyydet\u00e4\u00e4n mielipiteit\u00e4 | Lupa"},"content":{"rendered":"<p><strong><\/p>\n<p>It\u00e4rata on Keravalta Porvoon kautta Kouvolaan suunniteltava uusi kaksiraiteinen nopean liikenteen rata. It\u00e4rata erkaantuu Lentoradan tunnelista Vantaan ja Tuusulan rajalla ja liittyy nykyiseen rataverkkoon Korian alueella Kouvolassa. Hankkeen ymp\u00e4rist\u00f6vaikutuksia on selvitetty YVA-menettelyss\u00e4. Arvioinnin tuloksia ja hanketta esitell\u00e4\u00e4n useassa yleis\u00f6tilaisuudessa tammi-helmikuussa. Lausunnot ja mielipiteet tulee toimittaa viimeist\u00e4\u00e4n 13.3.2026. It\u00e4radan YVA-menettelyn verkkosivut: <a href=\"https:\/\/www.ymparisto.fi\/itarata-YVA\" rel=\"nofollow noopener\" target=\"_blank\">www.ymparisto.fi\/itarata-YVA<\/a><\/p>\n<p><\/strong><\/p>\n<p>It\u00e4rata-hankkeen keskeisen\u00e4 tavoitteena on mahdollistaa nykyist\u00e4 nopeampi kaukojunaliikenne it\u00e4iseen Suomeen: Savon ja Karjalan ratoja pitkin Kuopioon, Joensuuhun ja Kainuuseen. Toisena keskeisen\u00e4 tavoitteena on yhdist\u00e4\u00e4 Porvoon kaupunki nopean rataliikenteen ja l\u00e4hijunaliikenteen piiriin. Radan reittivaihtoehdot sijoittuvat Vantaan, Tuusulan, Keravan, Sipoon, Porvoon, Loviisan, Myrskyl\u00e4n, Lapinj\u00e4rven ja Kouvolan alueille. Lis\u00e4\u00e4 ratahankkeesta It\u00e4radan omilla verkkosivuilla: <a href=\"https:\/\/www.itarata.fi\" rel=\"nofollow noopener\" target=\"_blank\">www.itarata.fi<\/a><\/p>\n<p>Ymp\u00e4rist\u00f6vaikutusten arviointimenettely (YVA) on lakis\u00e4\u00e4teinen menettely, jossa selvitet\u00e4\u00e4n suurten hankkeiden vaikutukset jo suunnitteluvaiheessa. Tavoitteena on tunnistaa hankkeen merkitt\u00e4v\u00e4t vaikutukset ja arvioinnin perusteella suunnitella, miten haitallisia vaikutuksia lievennet\u00e4\u00e4n tai poistetaan.<\/p>\n<p>Nyt n\u00e4ht\u00e4vill\u00e4 oleva arviointiselostus on hankkeesta vastaavan It\u00e4rata Oy:n laatima selvitys hankkeen eri toteutusvaihtoehdoista ja niiden ymp\u00e4rist\u00f6vaikutuksista. Arviointiselostus on n\u00e4ht\u00e4vill\u00e4 13.1.2026\u201313.3.2026, min\u00e4 aikana eri tahoilla on mahdollisuus antaa hankkeesta ja sen ymp\u00e4rist\u00f6vaikutuksista mielipiteens\u00e4. T\u00e4m\u00e4n j\u00e4lkeen hankkeessa yhteysviranomaisena toimiva Lupa- ja valvontavirasto laatii perustellun p\u00e4\u00e4telm\u00e4n. Perusteltu p\u00e4\u00e4telm\u00e4ss\u00e4 viranomainen antaa kantansa hankkeen merkitt\u00e4vist\u00e4 ymp\u00e4rist\u00f6vaikutuksista. Perusteltu p\u00e4\u00e4telm\u00e4 on my\u00f6hemmin otettava huomioon kaikissa hanketta koskevissa luvissa koko sen elinkaaren ajan.<\/p>\n<p>Osallistuminen on keskeinen osa YVA-menettely\u00e4. Hanketta ja arvioinnin tuloksia esitell\u00e4\u00e4n useassa yleis\u00f6tilaisuudessa tammi-helmikuussa sek\u00e4 et\u00e4tilaisuudessa maaliskuussa. Kaikki tilaisuudet et\u00e4tilaisuutta lukuun ottamatta alkavat kahvituksella klo 17.00, esitykset ja yhteiskeskustelu klo 17.30\u201319, jonka j\u00e4lkeen osallistujilla on mahdollisuus j\u00e4\u00e4d\u00e4 viel\u00e4 hetkeksi karttojen \u00e4\u00e4relle.<\/p>\n<ul>\n<li><strong>Ke 21.1. Vantaa, Monitoimikeskus Lumon Lumosali,<\/strong> Urpiaisentie 14, 01450 Vantaa<\/li>\n<li><strong>To 22.1. Porvoo, Taidetehtaan Tehdassali, L\u00e4ntinen Aleksanterinkatu 1,<\/strong> 06100 Porvoo<\/li>\n<li><strong>Ke 28.1. Kouvola, Kouvolatalon Honkasali, Varuskuntakatu 11,<\/strong> 45100 Kouvola<\/li>\n<li><strong>To 29.1. Sipoo, Nikkil\u00e4n juhlatalon juhlasali, Vanha vesitorninm\u00e4ki 1,<\/strong> 04130 Sipoo<\/li>\n<li><strong>Ti 3.2. Myrskyl\u00e4, Myrskyl\u00e4n koulu Mestarintie 3,<\/strong> 07600 Myrskyl\u00e4<\/li>\n<li><strong>Ke 4.2. Lapinj\u00e4rvi, Nuorisoseurantalo Lindar\u00e5s,<\/strong> Seuratalontanhua 28, 07840 Lindkoski<\/li>\n<li><strong>Ti 10.2. Loviisa, Koskenkyl\u00e4n koulun ruokasali,<\/strong> Kullbyntie 4, 07700 Koskenkyl\u00e4<\/li>\n<li><strong>Ke 11.2. Kerava, Keuda-talon Kerava-Sali,<\/strong> Keskikatu 3, 04200 Kerava<\/li>\n<li><strong>Ti 3.3. klo 18\u201319.30 Et\u00e4yleis\u00f6tilaisuus Teamsilla.<\/strong> Osallistumislinkki tilaisuuteen on verkkosivulla <a href=\"https:\/\/www.ymparisto.fi\/itarata-yva\" rel=\"nofollow noopener\" target=\"_blank\">www.ymparisto.fi\/itarata-yva<\/a>.<\/li>\n<\/ul>\n<p>It\u00e4radan ymp\u00e4rist\u00f6vaikutusten arviointiselostus on kuulutettu lausuntojen ja mielipiteiden esitt\u00e4mist\u00e4 varten 13.1.-13.3.2026. Lausunnot ja mielipiteet tulee toimittaa kirjallisena viimeist\u00e4\u00e4n 13.3.2026 Lupa- ja valvontavirastoon osoitteella PL 20 13035 LVV tai s\u00e4hk\u00f6isesti osoitteeseen <a href=\"https:\/\/www.sttinfo.fi\/tiedote\/71730929\/mailto:kirjaamo@lvv.fi\" rel=\"nofollow noopener\" target=\"_blank\">kirjaamo@lvv.fi<\/a>. Arviointiselostus ja tiedot sen esill\u00e4olosta ovat n\u00e4ht\u00e4vill\u00e4 mm. ymp\u00e4rist\u00f6hallinnon verkkosivuilla:\u00a0<a href=\"http:\/\/www.ymparisto.fi\/itarata-yva\" rel=\"nofollow noopener\" target=\"_blank\">www.ymparisto.fi\/itarata-yva<\/a> ja\u00a0<a href=\"http:\/\/www.miljo.fi\/ostbana-mkb\" rel=\"nofollow noopener\" target=\"_blank\">www.miljo.fi\/ostbana-mkb<\/a>.<\/p>\n","protected":false},"excerpt":{"rendered":"It\u00e4rata on Keravalta Porvoon kautta Kouvolaan suunniteltava uusi kaksiraiteinen nopean liikenteen rata. It\u00e4rata erkaantuu Lentoradan tunnelista Vantaan ja&hellip;\n","protected":false},"author":2,"featured_media":141175,"comment_status":"","ping_status":"","sticky":false,"template":"","format":"standard","meta":{"footnotes":""},"categories":[12],"tags":[22,23,26,27,33,31,30,17,24,25,28,29,15,18,21,32,19,20,16],"class_list":{"0":"post-141174","1":"post","2":"type-post","3":"status-publish","4":"format-standard","5":"has-post-thumbnail","7":"category-suomi","8":"tag-breaking-news","9":"tag-breakingnews","10":"tag-featured-news","11":"tag-featurednews","12":"tag-fi","13":"tag-finland","14":"tag-finnish","15":"tag-headlines","16":"tag-latest-news","17":"tag-latestnews","18":"tag-main-news","19":"tag-mainnews","20":"tag-news","21":"tag-otsikot","22":"tag-paauutiset","23":"tag-suomi","24":"tag-top-stories","25":"tag-topstories","26":"tag-uutiset"},"share_on_mastodon":{"url":"https:\/\/pubeurope.com\/@fi\/115887978918178474","error":""},"_links":{"self":[{"href":"https:\/\/www.europesays.com\/fi\/wp-json\/wp\/v2\/posts\/141174","targetHints":{"allow":["GET"]}}],"collection":[{"href":"https:\/\/www.europesays.com\/fi\/wp-json\/wp\/v2\/posts"}],"about":[{"href":"https:\/\/www.europesays.com\/fi\/wp-json\/wp\/v2\/types\/post"}],"author":[{"embeddable":true,"href":"https:\/\/www.europesays.com\/fi\/wp-json\/wp\/v2\/users\/2"}],"replies":[{"embeddable":true,"href":"https:\/\/www.europesays.com\/fi\/wp-json\/wp\/v2\/comments?post=141174"}],"version-history":[{"count":0,"href":"https:\/\/www.europesays.com\/fi\/wp-json\/wp\/v2\/posts\/141174\/revisions"}],"wp:featuredmedia":[{"embeddable":true,"href":"https:\/\/www.europesays.com\/fi\/wp-json\/wp\/v2\/media\/141175"}],"wp:attachment":[{"href":"https:\/\/www.europesays.com\/fi\/wp-json\/wp\/v2\/media?parent=141174"}],"wp:term":[{"taxonomy":"category","embeddable":true,"href":"https:\/\/www.europesays.com\/fi\/wp-json\/wp\/v2\/categories?post=141174"},{"taxonomy":"post_tag","embeddable":true,"href":"https:\/\/www.europesays.com\/fi\/wp-json\/wp\/v2\/tags?post=141174"}],"curies":[{"name":"wp","href":"https:\/\/api.w.org\/{rel}","templated":true}]}}