{"id":141180,"date":"2026-01-13T13:36:08","date_gmt":"2026-01-13T13:36:08","guid":{"rendered":"https:\/\/www.europesays.com\/fi\/141180\/"},"modified":"2026-01-13T13:36:08","modified_gmt":"2026-01-13T13:36:08","slug":"keski-pohjanmaan-kamariorkesterin-kevatkaudella-kuullaan-musiikkia-bachista-nirvanaan-keski-pohjanmaa","status":"publish","type":"post","link":"https:\/\/www.europesays.com\/fi\/141180\/","title":{"rendered":"Keski-Pohjanmaan kamari\u00adorkesterin kev\u00e4tkaudella kuullaan musiikkia Bachista Nirvanaan | Keski-Pohjanmaa"},"content":{"rendered":"<p class=\"aw-1gybjub aw-5vja16 kEtdKx kmuxyA yle__article__paragraph\">Kamari\u00adorkesterilla on edess\u00e4\u00e4n muutosten vuosi, kun taiteellinen johtaja vaihtuu, ja uusi intendentti aloittaa helmikuussa.<\/p>\n<p><img decoding=\"async\" alt=\"Orkesteri soittaa salissa.\" src=\"https:\/\/www.europesays.com\/fi\/wp-content\/uploads\/2026\/01\/39-15598936926f4655e1a8.jpeg\" class=\"aw-1l9m598 hKVVvP\"\/><\/p>\n<p>Avaa kuvien katselu<\/p>\n<p>Orkesteria yli 6 vuotta johtanut ruotsalainen viulisti Malin Broman j\u00e4tt\u00e4\u00e4 paikkansa kev\u00e4tkauden j\u00e4lkeen. Syksyll\u00e4 johdon ottaa Kasmir Uusitupa. Kuva: Kalle Niskala \/ Yle<\/p>\n<p class=\"aw-1gybjub aw-1p7kakr kEtdKx cEmitX yle__article__paragraph\">Keski-Pohjanmaan kamariorkesterin kev\u00e4tkausi tarjoilee musiikkia aina Bachista Nirvanaan.<\/p>\n<p class=\"aw-1gybjub aw-1p7kakr kEtdKx cEmitX yle__article__paragraph\">Johannes-passio kuullaan useamman vuoden tauon j\u00e4lkeen Kokkolan kirkossa pitk\u00e4perjantaina.<\/p>\n<p class=\"aw-1gybjub aw-1p7kakr kEtdKx cEmitX yle__article__paragraph\">Jazz-laulaja ja lauluntekij\u00e4 <strong class=\"aw-ak79eh KyCXm yle__article__strong\">Aili Ikonen<\/strong> nousee lavalle orkesterin kanssa tammikuun lopulla.<\/p>\n<p class=\"aw-1gybjub aw-1p7kakr kEtdKx cEmitX yle__article__paragraph\">Huhtikuun puoliv\u00e4liss\u00e4 brittil\u00e4inen orkesterinjohtaja <strong class=\"aw-ak79eh KyCXm yle__article__strong\">Hugo Ticciati<\/strong> yhdist\u00e4\u00e4 konsertissaan <strong class=\"aw-ak79eh KyCXm yle__article__strong\">Philip Glassin<\/strong> 3. sinfonian osia rock-yhtye Nirvanan hitteihin.<\/p>\n<p class=\"aw-1gybjub aw-1p7kakr kEtdKx cEmitX yle__article__paragraph\">Lis\u00e4ksi kev\u00e4tkaudella on luvassa kantaesitys. Kamariorkesterin ja Kokkolan Talviharmonikan yhteisponnistukset jatkuvat, kun harmonikkataiteilija <strong class=\"aw-ak79eh KyCXm yle__article__strong\">Harri Kuusij\u00e4rvi<\/strong> esitt\u00e4\u00e4 <strong class=\"aw-ak79eh KyCXm yle__article__strong\">Sampo Kasurisen<\/strong> uuden konserton jousille ja elektronisesti laajennetulle harmonikalle.<\/p>\n<p class=\"aw-1gybjub aw-1p7kakr kEtdKx cEmitX yle__article__paragraph\">My\u00f6s koululaisille suunnattu Luonnossa-konserttikokonaisuus saa jatkoa.<\/p>\n<p class=\"aw-1gybjub aw-1p7kakr kEtdKx cEmitX yle__article__paragraph\">Kamariorkesterilla on edess\u00e4 muutosten vuosi, sill\u00e4 kokoonpanon taiteellinen johtaja vaihtuu ja my\u00f6s <a class=\"aw-iao6s4 iHOxEa yle__article__link\" href=\"https:\/\/yle.fi\/a\/74-20198795\" role=\"link\" rel=\"nofollow noopener\" target=\"_blank\">uusi intendentti<\/a> aloittaa helmikuussa.<\/p>\n<p class=\"aw-1gybjub aw-1p7kakr kEtdKx cEmitX yle__article__paragraph\">Orkesteria yli 6 vuotta johtanut ruotsalainen viulisti <strong class=\"aw-ak79eh KyCXm yle__article__strong\">Malin Broman<\/strong> j\u00e4tt\u00e4\u00e4 paikkansa kev\u00e4\u00e4n j\u00e4lkeen. Syyskaudella johdon ottaa Kasmir Uusitupa.<\/p>\n","protected":false},"excerpt":{"rendered":"Kamari\u00adorkesterilla on edess\u00e4\u00e4n muutosten vuosi, kun taiteellinen johtaja vaihtuu, ja uusi intendentti aloittaa helmikuussa. Avaa kuvien katselu Orkesteria&hellip;\n","protected":false},"author":2,"featured_media":141181,"comment_status":"","ping_status":"","sticky":false,"template":"","format":"standard","meta":{"footnotes":""},"categories":[130],"tags":[137,33,31,30,451,10065,3147,991,47,6799,32,109],"class_list":{"0":"post-141180","1":"post","2":"type-post","3":"status-publish","4":"format-standard","5":"has-post-thumbnail","7":"category-viihde","8":"tag-entertainment","9":"tag-fi","10":"tag-finland","11":"tag-finnish","12":"tag-keski-pohjanmaa","13":"tag-keski-pohjanmaan-kamariorkesteri","14":"tag-klassinen-musiikki","15":"tag-kokkola","16":"tag-musiikki","17":"tag-orkesterit","18":"tag-suomi","19":"tag-viihde"},"share_on_mastodon":{"url":"https:\/\/pubeurope.com\/@fi\/115888061342052303","error":""},"_links":{"self":[{"href":"https:\/\/www.europesays.com\/fi\/wp-json\/wp\/v2\/posts\/141180","targetHints":{"allow":["GET"]}}],"collection":[{"href":"https:\/\/www.europesays.com\/fi\/wp-json\/wp\/v2\/posts"}],"about":[{"href":"https:\/\/www.europesays.com\/fi\/wp-json\/wp\/v2\/types\/post"}],"author":[{"embeddable":true,"href":"https:\/\/www.europesays.com\/fi\/wp-json\/wp\/v2\/users\/2"}],"replies":[{"embeddable":true,"href":"https:\/\/www.europesays.com\/fi\/wp-json\/wp\/v2\/comments?post=141180"}],"version-history":[{"count":0,"href":"https:\/\/www.europesays.com\/fi\/wp-json\/wp\/v2\/posts\/141180\/revisions"}],"wp:featuredmedia":[{"embeddable":true,"href":"https:\/\/www.europesays.com\/fi\/wp-json\/wp\/v2\/media\/141181"}],"wp:attachment":[{"href":"https:\/\/www.europesays.com\/fi\/wp-json\/wp\/v2\/media?parent=141180"}],"wp:term":[{"taxonomy":"category","embeddable":true,"href":"https:\/\/www.europesays.com\/fi\/wp-json\/wp\/v2\/categories?post=141180"},{"taxonomy":"post_tag","embeddable":true,"href":"https:\/\/www.europesays.com\/fi\/wp-json\/wp\/v2\/tags?post=141180"}],"curies":[{"name":"wp","href":"https:\/\/api.w.org\/{rel}","templated":true}]}}