{"id":141183,"date":"2026-01-13T13:40:10","date_gmt":"2026-01-13T13:40:10","guid":{"rendered":"https:\/\/www.europesays.com\/fi\/141183\/"},"modified":"2026-01-13T13:40:10","modified_gmt":"2026-01-13T13:40:10","slug":"ex-ministeri-pakeni-kotimaastaan-unkariin-mtv-uutiset","status":"publish","type":"post","link":"https:\/\/www.europesays.com\/fi\/141183\/","title":{"rendered":"Ex-ministeri pakeni kotimaastaan Unkariin | MTV Uutiset"},"content":{"rendered":"<p><strong class=\"typography-bold\">Unkari on antanut turvapaikan entiselle puolalaisministerille.<\/strong><\/p>\n<p>Puolan entinen oikeusministeri <strong class=\"typography-bold\">Zbigniew Ziobro<\/strong> kertoo viestipalvelu<a class=\"underline\" data-testid=\"external-link\" href=\"https:\/\/x.com\/ZiobroPL\/status\/2010602297433166168?s=20\" rel=\"noopener noreferrer nofollow\" data-sentry-component=\"ExternalLink\" data-sentry-source-file=\"ExternalLink.tsx\"> X:ss\u00e4<\/a> ottaneensa vastaan turvapaikan Unkarista. Puolassa julkisten varojen v\u00e4\u00e4rink\u00e4yt\u00f6st\u00e4 rikossyytteess\u00e4 oleva ex-ministeri kertoo joutuneensa poliittisen vainon kohteeksi kotimaassaan.<\/p>\n<p>Unkarin ulkoministeri <strong class=\"typography-bold\">Peter Szijjarto<\/strong> vahvistaa nimi\u00e4 mainitsematta maan my\u00f6nt\u00e4neen turvapaikkoja tai pakolaisaseman Puolassa vainotuille henkil\u00f6ille.<\/p>\n<p>Ziobro toimi Puolan konservatiivisen Laki ja oikeus -puolueen hallituksen oikeusministerin\u00e4 vuosina 2015\u201323. Puolan parlamentti antoi hyv\u00e4ksynt\u00e4ns\u00e4 Ziobron pid\u00e4tt\u00e4miselle viime marraskuussa poistamalla h\u00e4nen parlamentaarisen koskemattomuutensa.<\/p>\n<p>Ziobroa syytet\u00e4\u00e4n rikosten uhreille tarkoitettujen varojen k\u00e4yt\u00f6st\u00e4 israelilaisen Pegasus-vakoiluohjelman hankintaan. H\u00e4nt\u00e4 uhkaa Puolassa enimmill\u00e4\u00e4n jopa 26 vuoden vankeustuomio.\u00a0<\/p>\n<p>Ziobron mielest\u00e4 kyseess\u00e4 on p\u00e4\u00e4ministeri<strong class=\"typography-bold\"> <\/strong><strong class=\"typography-bold\">Donald Tuskin<\/strong> aloittama poliittinen ajojahti konservatiivista oppositiota vastaan.<\/p>\n<p>Ziobron ministeriaikainen avustaja <strong class=\"typography-bold\">Marcin Romanowski<\/strong>on jo aiemmin saanut poliittisen turvapaikan Unkarista. H\u00e4n oleskelee siell\u00e4 Puolan antamasta eurooppalaisesta pid\u00e4tysm\u00e4\u00e4r\u00e4yksest\u00e4 huolimatta.\u00a0<\/p>\n","protected":false},"excerpt":{"rendered":"Unkari on antanut turvapaikan entiselle puolalaisministerille. Puolan entinen oikeusministeri Zbigniew Ziobro kertoo viestipalvelu X:ss\u00e4 ottaneensa vastaan turvapaikan Unkarista.&hellip;\n","protected":false},"author":2,"featured_media":141184,"comment_status":"","ping_status":"","sticky":false,"template":"","format":"standard","meta":{"footnotes":""},"categories":[14],"tags":[22,23,26,27,33,31,30,17,24,25,28,29,15,18,21,32,19,20,56,16,59,60,61],"class_list":{"0":"post-141183","1":"post","2":"type-post","3":"status-publish","4":"format-standard","5":"has-post-thumbnail","7":"category-ulkomaat","8":"tag-breaking-news","9":"tag-breakingnews","10":"tag-featured-news","11":"tag-featurednews","12":"tag-fi","13":"tag-finland","14":"tag-finnish","15":"tag-headlines","16":"tag-latest-news","17":"tag-latestnews","18":"tag-main-news","19":"tag-mainnews","20":"tag-news","21":"tag-otsikot","22":"tag-paauutiset","23":"tag-suomi","24":"tag-top-stories","25":"tag-topstories","26":"tag-ulkomaat","27":"tag-uutiset","28":"tag-world","29":"tag-world-news","30":"tag-worldnews"},"share_on_mastodon":{"url":"https:\/\/pubeurope.com\/@fi\/115888077153350064","error":""},"_links":{"self":[{"href":"https:\/\/www.europesays.com\/fi\/wp-json\/wp\/v2\/posts\/141183","targetHints":{"allow":["GET"]}}],"collection":[{"href":"https:\/\/www.europesays.com\/fi\/wp-json\/wp\/v2\/posts"}],"about":[{"href":"https:\/\/www.europesays.com\/fi\/wp-json\/wp\/v2\/types\/post"}],"author":[{"embeddable":true,"href":"https:\/\/www.europesays.com\/fi\/wp-json\/wp\/v2\/users\/2"}],"replies":[{"embeddable":true,"href":"https:\/\/www.europesays.com\/fi\/wp-json\/wp\/v2\/comments?post=141183"}],"version-history":[{"count":0,"href":"https:\/\/www.europesays.com\/fi\/wp-json\/wp\/v2\/posts\/141183\/revisions"}],"wp:featuredmedia":[{"embeddable":true,"href":"https:\/\/www.europesays.com\/fi\/wp-json\/wp\/v2\/media\/141184"}],"wp:attachment":[{"href":"https:\/\/www.europesays.com\/fi\/wp-json\/wp\/v2\/media?parent=141183"}],"wp:term":[{"taxonomy":"category","embeddable":true,"href":"https:\/\/www.europesays.com\/fi\/wp-json\/wp\/v2\/categories?post=141183"},{"taxonomy":"post_tag","embeddable":true,"href":"https:\/\/www.europesays.com\/fi\/wp-json\/wp\/v2\/tags?post=141183"}],"curies":[{"name":"wp","href":"https:\/\/api.w.org\/{rel}","templated":true}]}}