{"id":141185,"date":"2026-01-13T13:41:07","date_gmt":"2026-01-13T13:41:07","guid":{"rendered":"https:\/\/www.europesays.com\/fi\/141185\/"},"modified":"2026-01-13T13:41:07","modified_gmt":"2026-01-13T13:41:07","slug":"siilinjarven-kuolonkolarissa-sai-surmansa-21-vuotias-nainen","status":"publish","type":"post","link":"https:\/\/www.europesays.com\/fi\/141185\/","title":{"rendered":"Siilinj\u00e4rven kuolonkolarissa sai surmansa 21-vuotias nainen"},"content":{"rendered":"<p>Henkil\u00f6auto ajautui onnettomuudessa vastaantulevien kaistalle, poliisi kertoo.<\/p>\n<p class=\"article-body mb-nof-24 px-nof-16\">Pohjois-Savon Siilinj\u00e4rvell\u00e4 Valtatie 5:ll\u00e4 eilen maanantaina tapahtuneessa liikenneonnettomuudessa menehtyi 21-vuotias pohjoissavolainen nainen.<\/p>\n<p class=\"article-body mb-nof-24 px-nof-16\">Nainen oli onnettomuudessa olleen henkil\u00f6auton kuljettaja. Asiasta kertoo It\u00e4-Suomen poliisilaitos.<\/p>\n<p class=\"article-body mb-nof-24 px-nof-16\">Lue lis\u00e4\u00e4: <a class=\"underline underline-offset-[0.12em] [text-decoration-thickness:var(--generic-link-underline-thickness)] [text-decoration-color:var(--generic-link-underline-color)] [text-decoration-skip-ink:var(--generic-link-underline-skip-ink)] break-words\" href=\"https:\/\/www.is.fi\/kotimaa\/art-2000011744588.html\" rel=\"nofollow noopener\" target=\"_blank\">Kuolonkolari Siilinj\u00e4rvell\u00e4<\/a><\/p>\n<p class=\"article-body mb-nof-24 px-nof-16\">Onnettomuus tapahtui maanantai-iltap\u00e4iv\u00e4n\u00e4 kello 15 j\u00e4lkeen Siilinj\u00e4rven keskustan pohjoispuolella, Valtatie 5:ll\u00e4 ennen R\u00e4is\u00e4l\u00e4n liittym\u00e4\u00e4.<\/p>\n<p class=\"article-body mb-nof-24 px-nof-16\">Poliisin mukaan etel\u00e4st\u00e4 p\u00e4in tullut henkil\u00f6auto ajautui vastaantulevien kaistalle ja t\u00f6rm\u00e4si pohjoisen suunnasta tulleen kuorma-auton keulaan kylki edell\u00e4. Onnettomuudessa menehtyi henkil\u00f6auton kuljettaja. Kuorma-auton kuljettaja toimitettiin tarkistettavaksi sairaalaan. Onnettomuudessa ei ollut muita osallisia.<\/p>\n<p class=\"article-body mb-nof-24 px-nof-16\">Tien pinta oli tapahtumahetkell\u00e4 eritt\u00e4in liukas, mik\u00e4 poliisin k\u00e4sityksen mukaan vaikutti onnettomuuden syntyyn. Poliisin mukaan tutkinnassa ei ole ilmennyt viitteit\u00e4 tahallisuudesta.<\/p>\n<p class=\"article-body mb-nof-24 px-nof-16\">Poliisi kertoo jatkavansa tutkintaa nimikkeill\u00e4 liikenneturvallisuuden vaarantaminen ja kuolemansyyn tutkinta.<\/p>\n","protected":false},"excerpt":{"rendered":"Henkil\u00f6auto ajautui onnettomuudessa vastaantulevien kaistalle, poliisi kertoo. Pohjois-Savon Siilinj\u00e4rvell\u00e4 Valtatie 5:ll\u00e4 eilen maanantaina tapahtuneessa liikenneonnettomuudessa menehtyi 21-vuotias pohjoissavolainen&hellip;\n","protected":false},"author":2,"featured_media":141186,"comment_status":"","ping_status":"","sticky":false,"template":"","format":"standard","meta":{"footnotes":""},"categories":[12],"tags":[22,23,26,27,33,31,30,17,34,24,25,28,29,15,18,21,32,19,20,16],"class_list":{"0":"post-141185","1":"post","2":"type-post","3":"status-publish","4":"format-standard","5":"has-post-thumbnail","7":"category-suomi","8":"tag-breaking-news","9":"tag-breakingnews","10":"tag-featured-news","11":"tag-featurednews","12":"tag-fi","13":"tag-finland","14":"tag-finnish","15":"tag-headlines","16":"tag-ilta-sanomat","17":"tag-latest-news","18":"tag-latestnews","19":"tag-main-news","20":"tag-mainnews","21":"tag-news","22":"tag-otsikot","23":"tag-paauutiset","24":"tag-suomi","25":"tag-top-stories","26":"tag-topstories","27":"tag-uutiset"},"share_on_mastodon":{"url":"https:\/\/pubeurope.com\/@fi\/115888081434181507","error":""},"_links":{"self":[{"href":"https:\/\/www.europesays.com\/fi\/wp-json\/wp\/v2\/posts\/141185","targetHints":{"allow":["GET"]}}],"collection":[{"href":"https:\/\/www.europesays.com\/fi\/wp-json\/wp\/v2\/posts"}],"about":[{"href":"https:\/\/www.europesays.com\/fi\/wp-json\/wp\/v2\/types\/post"}],"author":[{"embeddable":true,"href":"https:\/\/www.europesays.com\/fi\/wp-json\/wp\/v2\/users\/2"}],"replies":[{"embeddable":true,"href":"https:\/\/www.europesays.com\/fi\/wp-json\/wp\/v2\/comments?post=141185"}],"version-history":[{"count":0,"href":"https:\/\/www.europesays.com\/fi\/wp-json\/wp\/v2\/posts\/141185\/revisions"}],"wp:featuredmedia":[{"embeddable":true,"href":"https:\/\/www.europesays.com\/fi\/wp-json\/wp\/v2\/media\/141186"}],"wp:attachment":[{"href":"https:\/\/www.europesays.com\/fi\/wp-json\/wp\/v2\/media?parent=141185"}],"wp:term":[{"taxonomy":"category","embeddable":true,"href":"https:\/\/www.europesays.com\/fi\/wp-json\/wp\/v2\/categories?post=141185"},{"taxonomy":"post_tag","embeddable":true,"href":"https:\/\/www.europesays.com\/fi\/wp-json\/wp\/v2\/tags?post=141185"}],"curies":[{"name":"wp","href":"https:\/\/api.w.org\/{rel}","templated":true}]}}