{"id":141187,"date":"2026-01-13T13:42:08","date_gmt":"2026-01-13T13:42:08","guid":{"rendered":"https:\/\/www.europesays.com\/fi\/141187\/"},"modified":"2026-01-13T13:42:08","modified_gmt":"2026-01-13T13:42:08","slug":"eu-rahoitusohjelmien-maakuntakiertue-jyvaskylassa-6-5-keski-suomen-hyvinvointialue","status":"publish","type":"post","link":"https:\/\/www.europesays.com\/fi\/141187\/","title":{"rendered":"EU-rahoitusohjelmien maakuntakiertue Jyv\u00e4skyl\u00e4ss\u00e4 6.5. | Keski-Suomen hyvinvointialue"},"content":{"rendered":"<p>Tilaisuus tarjoaa monipuolista tietoa EU-rahoitusmahdollisuuksista eri toimijoille \u2013 hyvinvointialueille, kunnille, maakuntaliitoille, j\u00e4rjest\u00f6ille, viranomaisille, korkeakouluille ja oppilaitoksille sek\u00e4 kaikille rahoituksesta kiinnostuneille.<\/p>\n<p>Kyseess\u00e4 on l\u00e4hitilaisuus, johon ovat l\u00e4mpim\u00e4sti tervetulleita osallistujat Keski-Suomen, Etel\u00e4-Savon, Pohjois-Savon ja Pohjois-Karjalan maakunnista.<\/p>\n<p>Seminaarissa kuulet EU-rahoitusohjelmien asiantuntijoilta perustietoa ohjelmista, toteutuneista hankkeista ja hakuprosesseista. Tilaisuuden j\u00e4lkeen voit keskustella asiantuntijoiden kanssa minimessuilla ja saada lis\u00e4tietoja ja opastusta rahoitusmahdollisuuksiin. Sinulla ei viel\u00e4 t\u00e4ss\u00e4 vaiheessa tarvitse olla hankeideaa tai kumppania \u2013 kumppani ja idea voivat synty\u00e4 tilaisuudessa! Rahoitukset liittyv\u00e4t muun muassa seuraaviin aiheisiin: terveys, turvallisuus, osallisuus, tasa-arvo, perusoikeudet, kulttuuri, liikunta, koulutus, nuorisoala ja kaupunkikehitys.<\/p>\n<p><strong>Tilaisuus j\u00e4rjestet\u00e4\u00e4n keskiviikkona 6.5.2026 kello 11.30\u201315.20 v\u00e4lisen\u00e4 aikana Keski-Suomen hyvinvointialueen valtuustosalissa, osoitteessa Viitaniementie 1 a 2, Jyv\u00e4skyl\u00e4, sis\u00e4\u00e4nk\u00e4ynti A1, 2 kerros (noin 2 km Jyv\u00e4skyl\u00e4n Matkakeskukselta).<\/strong><\/p>\n<p><strong>Ohjelma<\/strong><\/p>\n<ul>\n<li>11.30\u201311.35 Tervetulosanat, Kari Pirinen, kehitt\u00e4misp\u00e4\u00e4llikk\u00f6, Keski-Suomen liitto<\/li>\n<li>11.35\u201311.50 CERV, Kansalaiset, tasa-arvo, oikeudet ja arvot -ohjelman esittely, Juha Nieminen, hankep\u00e4\u00e4llikk\u00f6, Oikeusministeri\u00f6<\/li>\n<li>11.50\u201312.00 EU-rahoitusportaalin esittely, Juha Nieminen, hankep\u00e4\u00e4llikk\u00f6, Oikeusministeri\u00f6<\/li>\n<li>12.00\u201312.30 Erasmus+, Solidaarisuusjoukot ja Luova Eurooppa, Mauri Uusilehto, vastaava asiantuntija, Opetushallitus<\/li>\n<li>12.30\u201312.45 Horisontti Euroopan kulttuuri-, luovuus- ja osallisuutta edist\u00e4v\u00e4 yhteiskunta, Jenni Rinne, tiedeasiantuntija, Suomen Akatemia<\/li>\n<li>12.45\u201313.05 Tauko<\/li>\n<li>13.05\u201313.20 Eurooppalainen kaupunkialoite, Mervi Hemminki, asiantuntija, Ty\u00f6- ja elinkeinoministeri\u00f6<\/li>\n<li>13.20\u201313.35 URBACT-ohjelman esittely, Timo Hirvonen, tutkija, Alue- ja kuntatutkimuskeskus Spatia<\/li>\n<li>13.35\u201313.50 EU4Health-ohjelman esittely, Pirjo Pietil\u00e4-Kainulainen, erityisasiantuntija, Sosiaali- ja terveysministeri\u00f6<\/li>\n<li>13.50\u201315.20 Minimessut: Keskustele asiantuntijoiden kanssa, saat lis\u00e4tietoja ja opastusta rahoitusmahdollisuuksiin.<\/li>\n<li>15.20 Tilaisuus p\u00e4\u00e4ttyy<br \/>\u00a0<\/li>\n<\/ul>\n<p><strong>Ilmoittautuminen l\u00e4hitilaisuuteen 22.4. menness\u00e4 <\/strong><a href=\"https:\/\/link.webropolsurveys.com\/EP\/A34F7C7306487675\" rel=\"nofollow noopener\" target=\"_blank\"><strong>verkkolomakkeella.<\/strong><\/a><\/p>\n<p>Tilaisuuden j\u00e4rjest\u00e4v\u00e4t Keski-Suomen hyvinvointialue, Keski-Suomen liitto ja oikeusministeri\u00f6. L\u00e4mpim\u00e4sti tervetuloa!<\/p>\n<p><strong>Lis\u00e4tietoja ohjelmista:<\/strong>\u00a0<\/p>\n<p><strong>CERV \u2013 Kansalaiset, tasa-arvo, oikeudet ja arvot<\/strong><\/p>\n<p>CERV-ohjelma tukee EU:n perusarvojen, kuten demokratian, oikeusvaltion ja perusoikeuksien edist\u00e4mist\u00e4. Sen tavoitteena on vahvistaa kansalaisyhteiskuntaa, edist\u00e4\u00e4 tasa-arvoa ja torjua syrjint\u00e4\u00e4. Kohderyhmi\u00e4 ovat kansalaisj\u00e4rjest\u00f6t, viranomaiset (paikalliset, alueelliset, valtakunnalliset), korkeakoulut, tutkimuslaitokset ja muut toimijat, jotka ty\u00f6skentelev\u00e4t ihmisoikeuksien, kansalaisosallistumisen ja demokratian parissa. <a href=\"https:\/\/oikeusministerio.fi\/cerv-rahoitusohjelma\" rel=\"nofollow noopener\" target=\"_blank\">Lis\u00e4tietoja oikeusministeri\u00f6n verkkosivulta.<\/a><\/p>\n<p><strong>Erasmus+<\/strong><\/p>\n<p>Erasmus+ on EU:n koulutuksen, nuorisoalan sek\u00e4 urheilun ohjelma. Ohjelma tukee oppilaitosten ja muiden organisaatioiden kansainv\u00e4list\u00e4 yhteisty\u00f6t\u00e4 sek\u00e4 hyvien k\u00e4yt\u00e4nt\u00f6jen vaihtoa ja kehitt\u00e4mist\u00e4. Ohjelman kohderyhmi\u00e4 ovat: koulutussektori, nuorisoala ja urheilusektori, kunnat ja kansalaisj\u00e4rjest\u00f6t. <a href=\"https:\/\/www.oph.fi\/fi\/kansainvalisyys\/eu-ohjelmat-nuorisoalalle\/erasmus-nuorisoalalle-youth\" rel=\"nofollow noopener\" target=\"_blank\">Lis\u00e4tietoja Opetushallituksen verkkosivuilta.<\/a><\/p>\n<p><strong>Euroopan solidaarisuusjoukot<\/strong><\/p>\n<p>Euroopan solidaarisuusjoukot on EU:n rahoitusohjelma 18\u201330-vuotiaille nuorille ja kaikenlaisille organisaatioille, jotka haluavat rakentaa solidaarisempaa maailmaa. Kohderyhm\u00e4t mm: kunnat, yhdistykset, nuorten ryhm\u00e4t jne. <a href=\"https:\/\/www.oph.fi\/fi\/kehittaminen-ja-kansainvalisyys\/eu-ohjelmat-nuorisoalalle\/euroopan-solidaarisuusjoukot\" rel=\"nofollow noopener\" target=\"_blank\">Lis\u00e4tietoja Opetushallituksen verkkosivuilta.<\/a><\/p>\n<p><strong>Luova Eurooppa<\/strong><\/p>\n<p>Luova Eurooppa tarjoaa kulttuurin, luovien alojen ja audiovisuaalisen alan organisaatioille ja ammattilaisille mahdollisuuksia eurooppalaiseen yhteisty\u00f6h\u00f6n ja toiminnan kehitt\u00e4miseen. <a href=\"https:\/\/www.oph.fi\/fi\/kansainvalisyys\/tietoa-kansainvalistymisrahoituksesta\/luova-eurooppa\" rel=\"nofollow noopener\" target=\"_blank\">Lis\u00e4tietoja Opetushallituksen verkkosivuilta.<\/a><\/p>\n<p><strong>Horisontti Eurooppa (Kulttuuri, luovuus ja osallisuutta edist\u00e4v\u00e4 yhteiskunta -klusteri)<\/strong><\/p>\n<p>Kulttuuri, luovuus ja osallisuutta edist\u00e4v\u00e4 yhteiskunta -klusterin rahoitus kohdistuu globalisaation, teknologisten uudistusten ja lis\u00e4\u00e4ntyv\u00e4n eriarvoisuuden tuomiin haasteisiin ja niihin vastaamiseen. Se sis\u00e4lt\u00e4\u00e4 kolme eri tavoitealuetta: demokratia ja hallinto; Eurooppalainen kulttuuriperint\u00f6 ja kulttuuri- ja luovat alat sek\u00e4 Sosiaaliset ja taloudelliset muutokset. Kohderyhmi\u00e4 ovat yritykset, tutkijat, korkeakoulut, tutkimuslaitokset, j\u00e4rjest\u00f6t, s\u00e4\u00e4ti\u00f6t, viranomaiset, kaupungit, kunnat jne. <a href=\"https:\/\/www.businessfinland.fi\/suomalaisille-asiakkaille\/palvelut\/rahoitus\/horisontti-eurooppa\/tietoa-ohjelmasta\/globaalit-haasteet\/kulttuuri\" rel=\"nofollow noopener\" target=\"_blank\">Lis\u00e4tietoja Business Finland -verkkosivuilta.\u00a0<\/a>\u00a0<\/p>\n<p><strong>Eurooppalainen kaupunkialoite (EUI)<\/strong><\/p>\n<p>EUI on Euroopan komission rahoittama ohjelma, joka edist\u00e4\u00e4 kest\u00e4v\u00e4\u00e4 kaupunkikehityst\u00e4 Euroopassa. Se tarjoaa kaupungeille tukea innovatiivisiin ratkaisuihin, osaamisen vahvistamiseen ja kaupunkitiedon jakamiseen Portico-kaupunkitietoalustan kautta. EUI:n my\u00f6t\u00e4 rakentuu laaja eurooppalainen verkosto, jossa kaupungit voivat oppia toisiltaan, jakaa hyvi\u00e4 k\u00e4yt\u00e4nt\u00f6j\u00e4 ja kehitt\u00e4\u00e4 kest\u00e4v\u00e4mpi\u00e4 ratkaisuja yhdess\u00e4. Aloitteen yhteyspiste sijaitsee ty\u00f6- ja elinkeinoministeri\u00f6ss\u00e4. <a href=\"https:\/\/www.urban-initiative.eu\/urban-contact-points\/finland\" rel=\"nofollow noopener\" target=\"_blank\">Lis\u00e4tietoja Urban Initiative -verkkosivuilta.\u00a0<\/a>\u00a0<\/p>\n<p><strong>Turvapaikka-, maahanmuutto- ja kotouttamisrahastosta (AMIF)<\/strong><\/p>\n<p>AMIF-rahoitusohjelmasta<strong> <\/strong>my\u00f6nnet\u00e4\u00e4n avustusta maahanmuuttoprosessien tai kolmansien maiden kansalaisten parissa toimivien viranomaisten, j\u00e4rjest\u00f6jen ja muiden toimijoiden hallinnollisen ty\u00f6n vahvistamiseen. Etenkin kotouttamispuolella on kunnille ja muille paikallisille toimijoille hyvin mahdollisuuksia. <a href=\"https:\/\/intermin.fi\/ministerio\/rahastot\" rel=\"nofollow noopener\" target=\"_blank\">Lis\u00e4tietoja sis\u00e4ministeri\u00f6n verkkosivuilta.<\/a><\/p>\n<p><strong>Sis\u00e4isen turvallisuuden rahasto (ISF)<\/strong><\/p>\n<p>ISF-rahasto vastaa EU:n sis\u00e4isen turvallisuuden strategian keskeisimpiin tavoitteisiin. Rahastosta my\u00f6nnet\u00e4\u00e4n avustusta hankkeisiin, joissa edistet\u00e4\u00e4n tiedonvaihtoa ja rajat ylitt\u00e4v\u00e4\u00e4 yhteisty\u00f6t\u00e4, vakavan rikollisuuden ehk\u00e4isy\u00e4 ja torjuntaa, turvallisuutta uhkaavien tilanteiden ja kriisien hallintaa sek\u00e4 mm. rikosten uhrien tukea. Avustusta voivat hakea viranomaiset, kolmannen sektorin toimijat, j\u00e4rjest\u00f6t ja koulutusorganisaatiot. <a href=\"https:\/\/intermin.fi\/ministerio\/rahastot\" rel=\"nofollow noopener\" target=\"_blank\">Lis\u00e4tietoja sis\u00e4ministeri\u00f6n verkkosivuilta.\u00a0<\/a>\u00a0<\/p>\n<p><strong>URBACT \u2013 Kest\u00e4v\u00e4 ja osallistava kaupunkikehitys<\/strong><\/p>\n<p>URBACT on EU:n ohjelma, joka tukee kaupunkien kest\u00e4v\u00e4\u00e4 ja osallistavaa kehitt\u00e4mist\u00e4. Ohjelma edist\u00e4\u00e4 kaupunkien v\u00e4list\u00e4 oppimista, hyvien k\u00e4yt\u00e4nt\u00f6jen jakamista ja paikallisten toimintasuunnitelmien kehitt\u00e4mist\u00e4. Tavoitteena on vahvistaa kaupunkien kyky\u00e4 vastata sosiaalisiin, taloudellisiin ja ymp\u00e4rist\u00f6llisiin haasteisiin. Kohderyhmin\u00e4 ovat erityisesti kaupunkiviranomaiset, mutta mukaan voivat tulla my\u00f6s tutkimuslaitokset, kansalaisj\u00e4rjest\u00f6t ja muut paikalliset toimijat. Lis\u00e4tietoja: <a href=\"https:\/\/urbact.eu\/\" rel=\"nofollow noopener\" target=\"_blank\">Urbact-ohjelman verkkosivuilta<\/a> ja <a href=\"https:\/\/www.uef.fi\/fi\/yksikko\/alue-ja-kuntatutkimuskeskus-spatia\" rel=\"nofollow noopener\" target=\"_blank\">It\u00e4-Suomen yliopiston verkkosivuilta.<\/a><\/p>\n<p><strong>EU4Health-ohjelma<\/strong><\/p>\n<p>EU4Health-ohjelma edist\u00e4\u00e4 eurooppalaisia ratkaisuja, joilla tuetaan v\u00e4est\u00f6n terveytt\u00e4, vahvistetaan terveydenhuoltoj\u00e4rjestelmien kest\u00e4vyytt\u00e4 ja terveysalan innovaatiotoimintaa. Uudella terveysohjelmalla pyrit\u00e4\u00e4n korjaamaan my\u00f6s covid-19-kriisin esiin nostamia puutteita eurooppalaisissa terveydenhuoltoj\u00e4rjestelmiss\u00e4 siten, ett\u00e4 ne ovat paremmin varautuneita uusien terveysuhkien varalta.<\/p>\n<p><a href=\"https:\/\/stm.fi\/rahoitus-ja-avustukset\/eu-n-iv-terveysalan-toimintaohjelma\" rel=\"nofollow noopener\" target=\"_blank\">Lis\u00e4tietoja sosiaali- ja terveysministeri\u00f6n verkkosivuilta.\u00a0<\/a>\u00a0<\/p>\n<p>Ohjelmien kuvaukset l\u00f6yd\u00e4t koottuna <a href=\"https:\/\/www.eurahoitusneuvonta.fi\/etusivu#stored\" rel=\"nofollow noopener\" target=\"_blank\">EU-rahoitusneuvonnan verkkosivuilta<\/a> sek\u00e4 yhteyspisteiden omilta verkkosivuilta.<\/p>\n<p><strong>Lis\u00e4tietoja<\/strong><\/p>\n<ul>\n<li>Emilia Nygren, hankep\u00e4\u00e4llikk\u00f6, Keski-Suomen hyvinvointialue, emilia.nygren(at)<a href=\"http:\/\/hyvaks.fi\" rel=\"nofollow noopener\" target=\"_blank\">hyvaks.fi<\/a>, p. 050 3118687<\/li>\n<li>Kari Pirinen, kehitt\u00e4misp\u00e4\u00e4llikk\u00f6, Keski-Suomen liitto, kari.pirinen(at)<a href=\"http:\/\/keskisuomi.fi\" rel=\"nofollow noopener\" target=\"_blank\">keskisuomi.fi<\/a><\/li>\n<\/ul>\n","protected":false},"excerpt":{"rendered":"Tilaisuus tarjoaa monipuolista tietoa EU-rahoitusmahdollisuuksista eri toimijoille \u2013 hyvinvointialueille, kunnille, maakuntaliitoille, j\u00e4rjest\u00f6ille, viranomaisille, korkeakouluille ja oppilaitoksille sek\u00e4 kaikille&hellip;\n","protected":false},"author":2,"featured_media":141188,"comment_status":"","ping_status":"","sticky":false,"template":"","format":"standard","meta":{"footnotes":""},"categories":[5],"tags":[22,23,26,27,33,31,30,17,24,25,28,29,15,18,21,32,19,20,16],"class_list":{"0":"post-141187","1":"post","2":"type-post","3":"status-publish","4":"format-standard","5":"has-post-thumbnail","7":"category-otsikot","8":"tag-breaking-news","9":"tag-breakingnews","10":"tag-featured-news","11":"tag-featurednews","12":"tag-fi","13":"tag-finland","14":"tag-finnish","15":"tag-headlines","16":"tag-latest-news","17":"tag-latestnews","18":"tag-main-news","19":"tag-mainnews","20":"tag-news","21":"tag-otsikot","22":"tag-paauutiset","23":"tag-suomi","24":"tag-top-stories","25":"tag-topstories","26":"tag-uutiset"},"share_on_mastodon":{"url":"https:\/\/pubeurope.com\/@fi\/115888084973695708","error":""},"_links":{"self":[{"href":"https:\/\/www.europesays.com\/fi\/wp-json\/wp\/v2\/posts\/141187","targetHints":{"allow":["GET"]}}],"collection":[{"href":"https:\/\/www.europesays.com\/fi\/wp-json\/wp\/v2\/posts"}],"about":[{"href":"https:\/\/www.europesays.com\/fi\/wp-json\/wp\/v2\/types\/post"}],"author":[{"embeddable":true,"href":"https:\/\/www.europesays.com\/fi\/wp-json\/wp\/v2\/users\/2"}],"replies":[{"embeddable":true,"href":"https:\/\/www.europesays.com\/fi\/wp-json\/wp\/v2\/comments?post=141187"}],"version-history":[{"count":0,"href":"https:\/\/www.europesays.com\/fi\/wp-json\/wp\/v2\/posts\/141187\/revisions"}],"wp:featuredmedia":[{"embeddable":true,"href":"https:\/\/www.europesays.com\/fi\/wp-json\/wp\/v2\/media\/141188"}],"wp:attachment":[{"href":"https:\/\/www.europesays.com\/fi\/wp-json\/wp\/v2\/media?parent=141187"}],"wp:term":[{"taxonomy":"category","embeddable":true,"href":"https:\/\/www.europesays.com\/fi\/wp-json\/wp\/v2\/categories?post=141187"},{"taxonomy":"post_tag","embeddable":true,"href":"https:\/\/www.europesays.com\/fi\/wp-json\/wp\/v2\/tags?post=141187"}],"curies":[{"name":"wp","href":"https:\/\/api.w.org\/{rel}","templated":true}]}}