{"id":14119,"date":"2025-08-23T13:44:14","date_gmt":"2025-08-23T13:44:14","guid":{"rendered":"https:\/\/www.europesays.com\/fi\/14119\/"},"modified":"2025-08-23T13:44:14","modified_gmt":"2025-08-23T13:44:14","slug":"fedin-powell-jatti-oven-auki-mahdolliselle-koronlaskulle-uutissuomalainen","status":"publish","type":"post","link":"https:\/\/www.europesays.com\/fi\/14119\/","title":{"rendered":"Fedin Powell j\u00e4tti oven auki mahdolliselle koronlaskulle | Uutissuomalainen"},"content":{"rendered":"<p>Yhdysvaltain keskuspankki Fedin p\u00e4\u00e4johtaja Jerome Powell ei sulkenut pois mahdollisuutta koronlaskuun puhuessaan keskuspankkiirien vuosittaisessa Jackson Holen konferenssissa perjantaina.<\/p>\n<p>Powell sanoi, ett\u00e4 riskit korkeammasta inflaatiosta ja heikentyvist\u00e4 ty\u00f6markkinoista muodostavat haastavan tilanteen. H\u00e4n lis\u00e4si, ett\u00e4 tullien vaikutus kuluttajahintoihin on jo n\u00e4kyviss\u00e4 ja tulee lis\u00e4\u00e4ntym\u00e4\u00e4n l\u00e4hikuukausina.<\/p>\n<p>Tilanne saattaa edellytt\u00e4\u00e4 linjan mukauttamista, Powell sanoi.<\/p>\n<p>Fed on pit\u00e4nyt ohjauskorkonsa 4,25\u20134,5 prosentissa viime joulukuusta l\u00e4htien. Seuraava kokous, jossa korkotasosta p\u00e4\u00e4tet\u00e4\u00e4n, on syyskuussa.<\/p>\n<p>Yhdysvaltain presidentti Donald Trump on jo pitk\u00e4\u00e4n ajanut aggressiivisesti korkojen laskua.<\/p>\n<p>Powellin kommentit sys\u00e4siv\u00e4t Yhdysvaltain osakemarkkinat reippaaseen nousuun perjantaina.<\/p>\n<p>Kyseess\u00e4 oli Powellin viimeinen puhe Jackson Holessa Fedin p\u00e4\u00e4johtajana, sill\u00e4 h\u00e4nen kautensa p\u00e4\u00e4ttyy ensi vuoden toukokuussa.<\/p>\n","protected":false},"excerpt":{"rendered":"Yhdysvaltain keskuspankki Fedin p\u00e4\u00e4johtaja Jerome Powell ei sulkenut pois mahdollisuutta koronlaskuun puhuessaan keskuspankkiirien vuosittaisessa Jackson Holen konferenssissa perjantaina.&hellip;\n","protected":false},"author":2,"featured_media":14120,"comment_status":"","ping_status":"","sticky":false,"template":"","format":"standard","meta":{"footnotes":""},"categories":[76],"tags":[79,585,77,33,31,30,2346,2168,5741,2619,637,2408,32,78],"class_list":{"0":"post-14119","1":"post","2":"type-post","3":"status-publish","4":"format-standard","5":"has-post-thumbnail","7":"category-talous","8":"tag-business","9":"tag-donald-trump","10":"tag-economy","11":"tag-fi","12":"tag-finland","13":"tag-finnish","14":"tag-hallituksen-talouspolitiikka","15":"tag-hallituspolitiikka","16":"tag-keskuspankit-keskuspankkitoiminta","17":"tag-makrotalous-ja-talouspolitiikka","18":"tag-politiikka","19":"tag-rahoitusmarkkinat","20":"tag-suomi","21":"tag-talous"},"share_on_mastodon":{"url":"","error":""},"_links":{"self":[{"href":"https:\/\/www.europesays.com\/fi\/wp-json\/wp\/v2\/posts\/14119","targetHints":{"allow":["GET"]}}],"collection":[{"href":"https:\/\/www.europesays.com\/fi\/wp-json\/wp\/v2\/posts"}],"about":[{"href":"https:\/\/www.europesays.com\/fi\/wp-json\/wp\/v2\/types\/post"}],"author":[{"embeddable":true,"href":"https:\/\/www.europesays.com\/fi\/wp-json\/wp\/v2\/users\/2"}],"replies":[{"embeddable":true,"href":"https:\/\/www.europesays.com\/fi\/wp-json\/wp\/v2\/comments?post=14119"}],"version-history":[{"count":0,"href":"https:\/\/www.europesays.com\/fi\/wp-json\/wp\/v2\/posts\/14119\/revisions"}],"wp:featuredmedia":[{"embeddable":true,"href":"https:\/\/www.europesays.com\/fi\/wp-json\/wp\/v2\/media\/14120"}],"wp:attachment":[{"href":"https:\/\/www.europesays.com\/fi\/wp-json\/wp\/v2\/media?parent=14119"}],"wp:term":[{"taxonomy":"category","embeddable":true,"href":"https:\/\/www.europesays.com\/fi\/wp-json\/wp\/v2\/categories?post=14119"},{"taxonomy":"post_tag","embeddable":true,"href":"https:\/\/www.europesays.com\/fi\/wp-json\/wp\/v2\/tags?post=14119"}],"curies":[{"name":"wp","href":"https:\/\/api.w.org\/{rel}","templated":true}]}}