{"id":141193,"date":"2026-01-13T14:05:06","date_gmt":"2026-01-13T14:05:06","guid":{"rendered":"https:\/\/www.europesays.com\/fi\/141193\/"},"modified":"2026-01-13T14:05:06","modified_gmt":"2026-01-13T14:05:06","slug":"fortum-raamisopimukseen-pienydinvoimalaa-kehittavan-suomalaisyhtion-kanssa-uutissuomalainen","status":"publish","type":"post","link":"https:\/\/www.europesays.com\/fi\/141193\/","title":{"rendered":"Fortum raamisopimukseen pienydinvoimalaa kehitt\u00e4v\u00e4n suomalaisyhti\u00f6n kanssa | Uutissuomalainen"},"content":{"rendered":"<p>Energiayhti\u00f6 Fortum <a href=\"https:\/\/news.cision.com\/fi\/fortum\/r\/fortum-syventaa-yhteistyotaan-kaukolamporeaktoria-kehittavan-steady-energyn-kanssa,c4291167\" rel=\"nofollow noopener\" target=\"_blank\">syvent\u00e4\u00e4<\/a> yhteisty\u00f6t\u00e4\u00e4n kaukol\u00e4mp\u00f6reaktoria kehitt\u00e4v\u00e4n suomalaisyhti\u00f6n Steady Energyn kanssa. <\/p>\n<p>Yhti\u00f6t ovat solmineet raamisopimuksen, jonka puitteissa Fortum tarjoaa ydinvoiman asiantuntijapalveluita Steady Energylle. Erityisesti Fortum tukee pienydinvoimalan k\u00e4yt\u00f6n ja kunnossapidon toimintamallin suunnittelussa sek\u00e4 k\u00e4ytt\u00f6\u00f6n liittyvien toimintojen kehitt\u00e4misess\u00e4.<\/p>\n<p>Sopimuksen mukaan Fortum voi tuottaa tulevaisuudessa yksinoikeudella Steady Energyn pienydinvoimaloiden tarvitsemat k\u00e4ytt\u00f6- ja kunnossapitopalvelut Suomessa ja Ruotsissa, kertoo Steady Energy.<\/p>\n<p>Fortum my\u00f6s rahoittaa Steady Energyn kaukol\u00e4mp\u00f6reaktorin kehitysty\u00f6t\u00e4 2,1 miljoonan euron p\u00e4\u00e4omasijoituksella.<\/p>\n<p>Steady Energy on mukana pienydinvoimahankkeissa Helsingiss\u00e4, Kuopiossa ja Keravalla. Yhti\u00f6n mukaan sen pienydinvoimalat sopivat erityisesti kaukol\u00e4mm\u00f6n tuotantoon. Laitokset rakennetaan maan alle, mik\u00e4 muiden turvallisuusratkaisujen kanssa sallii sijoittamisen kaupunkeihin kaukol\u00e4mp\u00f6verkkojen ulottuville.<\/p>\n<p>\u2013\u2009Tavoitteenamme on saada suunnitteluty\u00f6 valmiiksi vuonna 2028, jolloin olemme teknisesti valmiit aloittamaan ensimm\u00e4isen laitoksen rakentamisen, sanoo Steady Energyn toimitusjohtaja Tommi Nyman <a href=\"https:\/\/www.steadyenergy.com\/news-article\/steady-energy-and-fortum-deepen-cooperation\" rel=\"nofollow noopener\" target=\"_blank\">tiedotteessa<\/a>. <\/p>\n","protected":false},"excerpt":{"rendered":"Energiayhti\u00f6 Fortum syvent\u00e4\u00e4 yhteisty\u00f6t\u00e4\u00e4n kaukol\u00e4mp\u00f6reaktoria kehitt\u00e4v\u00e4n suomalaisyhti\u00f6n Steady Energyn kanssa. Yhti\u00f6t ovat solmineet raamisopimuksen, jonka puitteissa Fortum tarjoaa&hellip;\n","protected":false},"author":2,"featured_media":141194,"comment_status":"","ping_status":"","sticky":false,"template":"","format":"standard","meta":{"footnotes":""},"categories":[76],"tags":[79,77,1628,33,31,30,104,2647,1132,2007,32,78,604],"class_list":{"0":"post-141193","1":"post","2":"type-post","3":"status-publish","4":"format-standard","5":"has-post-thumbnail","7":"category-talous","8":"tag-business","9":"tag-economy","10":"tag-energia-ja-energiavarat","11":"tag-fi","12":"tag-finland","13":"tag-finnish","14":"tag-helsinki","15":"tag-kerava","16":"tag-kuopio","17":"tag-sahko","18":"tag-suomi","19":"tag-talous","20":"tag-ydinvoima"},"share_on_mastodon":{"url":"https:\/\/pubeurope.com\/@fi\/115888175404703672","error":""},"_links":{"self":[{"href":"https:\/\/www.europesays.com\/fi\/wp-json\/wp\/v2\/posts\/141193","targetHints":{"allow":["GET"]}}],"collection":[{"href":"https:\/\/www.europesays.com\/fi\/wp-json\/wp\/v2\/posts"}],"about":[{"href":"https:\/\/www.europesays.com\/fi\/wp-json\/wp\/v2\/types\/post"}],"author":[{"embeddable":true,"href":"https:\/\/www.europesays.com\/fi\/wp-json\/wp\/v2\/users\/2"}],"replies":[{"embeddable":true,"href":"https:\/\/www.europesays.com\/fi\/wp-json\/wp\/v2\/comments?post=141193"}],"version-history":[{"count":0,"href":"https:\/\/www.europesays.com\/fi\/wp-json\/wp\/v2\/posts\/141193\/revisions"}],"wp:featuredmedia":[{"embeddable":true,"href":"https:\/\/www.europesays.com\/fi\/wp-json\/wp\/v2\/media\/141194"}],"wp:attachment":[{"href":"https:\/\/www.europesays.com\/fi\/wp-json\/wp\/v2\/media?parent=141193"}],"wp:term":[{"taxonomy":"category","embeddable":true,"href":"https:\/\/www.europesays.com\/fi\/wp-json\/wp\/v2\/categories?post=141193"},{"taxonomy":"post_tag","embeddable":true,"href":"https:\/\/www.europesays.com\/fi\/wp-json\/wp\/v2\/tags?post=141193"}],"curies":[{"name":"wp","href":"https:\/\/api.w.org\/{rel}","templated":true}]}}