{"id":141195,"date":"2026-01-13T14:06:06","date_gmt":"2026-01-13T14:06:06","guid":{"rendered":"https:\/\/www.europesays.com\/fi\/141195\/"},"modified":"2026-01-13T14:06:06","modified_gmt":"2026-01-13T14:06:06","slug":"european-film-awards-2026-palkintogaala-katsottavissa-ran-nettisivuilla","status":"publish","type":"post","link":"https:\/\/www.europesays.com\/fi\/141195\/","title":{"rendered":"European Film Awards 2026 -palkintogaala katsottavissa R&#038;A:n nettisivuilla!"},"content":{"rendered":"<p>Elokuva-alan palkintokausi k\u00e4y kuumana ja on aika palkita Euroopan parhaat elokuvat!\u00a0<\/p>\n<p>Euroopan elokuva-akatemian (EFA) j\u00e4rjest\u00e4\u00e4 European Film Awards 2026 -palkintogaalan lauantaina 17. tammikuuta Berliiniss\u00e4. Palkintogaalaa on mahdollista seurata R&amp;A:n nettisivuilta!\u00a0<\/p>\n<p>European Film Awards 2026 -ehdokkuuksia ovat ker\u00e4nneet my\u00f6s monet R&amp;A:n ohjelmistossa n\u00e4hdyt elokuvat. Ehdokkuuksia l\u00f6ytyy muun muassa viime vuoden upeilta gaalaelokuvilta Sentimental Value, Sound of Falling, Sir\u0101t ja It Was Just an Accident.\u00a0<\/p>\n<p>Palkintogaala alkaa 17. tammikuuta Suomen aikaa klo 19:00. Gaalal\u00e4hetys l\u00f6ytyy t\u00e4st\u00e4 uutisesta!\u00a0<\/p>\n<p>Katso kaikki ehdokkaat ja lue lis\u00e4\u00e4 tapahtumasta <a href=\"https:\/\/www.europeanfilmawards.eu\/\" target=\"_blank\" rel=\"noopener nofollow\">European Film Awards -verkkosivulta<\/a>.<\/p>\n<p>Lue lis\u00e4\u00e4 Euroopan elokuva-akatemiasta osoitteesta <a href=\"http:\/\/europeanfilmacademy.org\" rel=\"nofollow noopener\" target=\"_blank\">europeanfilmacademy.org<\/a>.<\/p>\n<p><\/p>\n","protected":false},"excerpt":{"rendered":"Elokuva-alan palkintokausi k\u00e4y kuumana ja on aika palkita Euroopan parhaat elokuvat!\u00a0 Euroopan elokuva-akatemian (EFA) j\u00e4rjest\u00e4\u00e4 European Film Awards&hellip;\n","protected":false},"author":2,"featured_media":141196,"comment_status":"","ping_status":"","sticky":false,"template":"","format":"standard","meta":{"footnotes":""},"categories":[14],"tags":[22,23,26,27,33,31,30,17,24,25,28,29,15,18,21,32,19,20,56,16,59,60,61],"class_list":{"0":"post-141195","1":"post","2":"type-post","3":"status-publish","4":"format-standard","5":"has-post-thumbnail","7":"category-ulkomaat","8":"tag-breaking-news","9":"tag-breakingnews","10":"tag-featured-news","11":"tag-featurednews","12":"tag-fi","13":"tag-finland","14":"tag-finnish","15":"tag-headlines","16":"tag-latest-news","17":"tag-latestnews","18":"tag-main-news","19":"tag-mainnews","20":"tag-news","21":"tag-otsikot","22":"tag-paauutiset","23":"tag-suomi","24":"tag-top-stories","25":"tag-topstories","26":"tag-ulkomaat","27":"tag-uutiset","28":"tag-world","29":"tag-world-news","30":"tag-worldnews"},"share_on_mastodon":{"url":"https:\/\/pubeurope.com\/@fi\/115888179366190417","error":""},"_links":{"self":[{"href":"https:\/\/www.europesays.com\/fi\/wp-json\/wp\/v2\/posts\/141195","targetHints":{"allow":["GET"]}}],"collection":[{"href":"https:\/\/www.europesays.com\/fi\/wp-json\/wp\/v2\/posts"}],"about":[{"href":"https:\/\/www.europesays.com\/fi\/wp-json\/wp\/v2\/types\/post"}],"author":[{"embeddable":true,"href":"https:\/\/www.europesays.com\/fi\/wp-json\/wp\/v2\/users\/2"}],"replies":[{"embeddable":true,"href":"https:\/\/www.europesays.com\/fi\/wp-json\/wp\/v2\/comments?post=141195"}],"version-history":[{"count":0,"href":"https:\/\/www.europesays.com\/fi\/wp-json\/wp\/v2\/posts\/141195\/revisions"}],"wp:featuredmedia":[{"embeddable":true,"href":"https:\/\/www.europesays.com\/fi\/wp-json\/wp\/v2\/media\/141196"}],"wp:attachment":[{"href":"https:\/\/www.europesays.com\/fi\/wp-json\/wp\/v2\/media?parent=141195"}],"wp:term":[{"taxonomy":"category","embeddable":true,"href":"https:\/\/www.europesays.com\/fi\/wp-json\/wp\/v2\/categories?post=141195"},{"taxonomy":"post_tag","embeddable":true,"href":"https:\/\/www.europesays.com\/fi\/wp-json\/wp\/v2\/tags?post=141195"}],"curies":[{"name":"wp","href":"https:\/\/api.w.org\/{rel}","templated":true}]}}