{"id":141197,"date":"2026-01-13T14:07:07","date_gmt":"2026-01-13T14:07:07","guid":{"rendered":"https:\/\/www.europesays.com\/fi\/141197\/"},"modified":"2026-01-13T14:07:07","modified_gmt":"2026-01-13T14:07:07","slug":"asunnosta-loytyi-kivaarimallinen-ilma-ase-malmilla-yksi-otettu-kiinni","status":"publish","type":"post","link":"https:\/\/www.europesays.com\/fi\/141197\/","title":{"rendered":"Asunnosta l\u00f6ytyi kiv\u00e4\u00e4rimallinen ilma-ase Malmilla, yksi otettu kiinni"},"content":{"rendered":"<p>Helsinki|Poliisi sai tiistaina ilmoituksen mahdollisesta ase\u00adhavainnosta yksityis\u00adasunnossa Viljatiell\u00e4.<\/p>\n<p class=\"article-body mb-nof-24 px-nof-16\">Asehavainto yksityisasunnossa sai aikaan ison poliisioperaation Helsingin Malmilla tiistaina iltap\u00e4iv\u00e4ll\u00e4.<\/p>\n<p class=\"article-body mb-nof-24 px-nof-16\">Poliisi sai h\u00e4t\u00e4keskuksen kautta tiistaina noin kello 15 ilmoituksen mahdollisesta asehavainnosta yksityisasunnossa kerrostalossa Malmilla Viljatiell\u00e4.<\/p>\n<p class=\"article-body mb-nof-24 px-nof-16\">Paikalle h\u00e4lytettiin useita poliisin partioita ja pelastuslaitoksen yksik\u00f6it\u00e4.<\/p>\n<p class=\"article-body mb-nof-24 px-nof-16\">Asunnosta l\u00f6ytyi kiv\u00e4\u00e4rimallinen ilma-ase. Poliisi otti tapahtuma\u00adpaikalta kiinni yhden ihmisen.<\/p>\n<p class=\"article-body mb-nof-24 px-nof-16\">Tapausta tutkitaan laittomana uhkauksena. Rikosnimike saattaa muuttua tutkinnan aikana.<\/p>\n<p class=\"article-body mb-nof-24 px-nof-16\">Osa Viljatiest\u00e4 eristettiin poliisioperaation ajaksi.<\/p>\n","protected":false},"excerpt":{"rendered":"Helsinki|Poliisi sai tiistaina ilmoituksen mahdollisesta ase\u00adhavainnosta yksityis\u00adasunnossa Viljatiell\u00e4. Asehavainto yksityisasunnossa sai aikaan ison poliisioperaation Helsingin Malmilla tiistaina iltap\u00e4iv\u00e4ll\u00e4.&hellip;\n","protected":false},"author":2,"featured_media":96697,"comment_status":"","ping_status":"","sticky":false,"template":"","format":"standard","meta":{"footnotes":""},"categories":[12],"tags":[22,23,26,27,33,31,30,17,46,24,25,28,29,15,18,21,32,19,20,16],"class_list":{"0":"post-141197","1":"post","2":"type-post","3":"status-publish","4":"format-standard","5":"has-post-thumbnail","7":"category-suomi","8":"tag-breaking-news","9":"tag-breakingnews","10":"tag-featured-news","11":"tag-featurednews","12":"tag-fi","13":"tag-finland","14":"tag-finnish","15":"tag-headlines","16":"tag-helsingin-sanomat","17":"tag-latest-news","18":"tag-latestnews","19":"tag-main-news","20":"tag-mainnews","21":"tag-news","22":"tag-otsikot","23":"tag-paauutiset","24":"tag-suomi","25":"tag-top-stories","26":"tag-topstories","27":"tag-uutiset"},"share_on_mastodon":{"url":"https:\/\/pubeurope.com\/@fi\/115888183259925401","error":""},"_links":{"self":[{"href":"https:\/\/www.europesays.com\/fi\/wp-json\/wp\/v2\/posts\/141197","targetHints":{"allow":["GET"]}}],"collection":[{"href":"https:\/\/www.europesays.com\/fi\/wp-json\/wp\/v2\/posts"}],"about":[{"href":"https:\/\/www.europesays.com\/fi\/wp-json\/wp\/v2\/types\/post"}],"author":[{"embeddable":true,"href":"https:\/\/www.europesays.com\/fi\/wp-json\/wp\/v2\/users\/2"}],"replies":[{"embeddable":true,"href":"https:\/\/www.europesays.com\/fi\/wp-json\/wp\/v2\/comments?post=141197"}],"version-history":[{"count":0,"href":"https:\/\/www.europesays.com\/fi\/wp-json\/wp\/v2\/posts\/141197\/revisions"}],"wp:featuredmedia":[{"embeddable":true,"href":"https:\/\/www.europesays.com\/fi\/wp-json\/wp\/v2\/media\/96697"}],"wp:attachment":[{"href":"https:\/\/www.europesays.com\/fi\/wp-json\/wp\/v2\/media?parent=141197"}],"wp:term":[{"taxonomy":"category","embeddable":true,"href":"https:\/\/www.europesays.com\/fi\/wp-json\/wp\/v2\/categories?post=141197"},{"taxonomy":"post_tag","embeddable":true,"href":"https:\/\/www.europesays.com\/fi\/wp-json\/wp\/v2\/tags?post=141197"}],"curies":[{"name":"wp","href":"https:\/\/api.w.org\/{rel}","templated":true}]}}