{"id":141200,"date":"2026-01-13T14:27:08","date_gmt":"2026-01-13T14:27:08","guid":{"rendered":"https:\/\/www.europesays.com\/fi\/141200\/"},"modified":"2026-01-13T14:27:08","modified_gmt":"2026-01-13T14:27:08","slug":"ilveksen-harjoituskaudelle-on-sovittuna-kolme-harjoitusottelua-ilves-tampere","status":"publish","type":"post","link":"https:\/\/www.europesays.com\/fi\/141200\/","title":{"rendered":"Ilveksen harjoituskaudelle on sovittuna kolme harjoitusottelua \u2013 Ilves Tampere"},"content":{"rendered":"<p>Artikkelikuva: Jimi Soinila<\/p>\n<p><strong>Ilveksen harjoituskauden otteluohjelmaan on sovittu kaksi harjoitusottelua tammikuulle ennen Liigacupin alkua sek\u00e4 yksi harjoitusottelu maaliskuulle. Vuoden ensimm\u00e4inen ottelu pelataan lauantaina 17.1., kun Ilves ja Ilves\/2 kohtaavat Pirkkahallissa.<\/strong><\/p>\n<p>Lauantain 17.1. Ilves\u2013Ilves\/2-ottelu alkaa kello 14.45 ja otteluun on ilmainen sis\u00e4\u00e4np\u00e4\u00e4sy kello 14.15 alkaen. Ilves\u2013IF Gnistan -ottelu lauantaina 24.1. pelataan niin ik\u00e4\u00e4n Pirkkahallissa, mutta ottelun sis\u00e4\u00e4np\u00e4\u00e4syk\u00e4yt\u00e4nn\u00f6ist\u00e4 tiedotetaan my\u00f6hemmin.<\/p>\n<p>Maaliskuussa Ilves pelaa harjoitusottelun IFK Mariehamnia vastaan Tammelan Stadionilla. Ottelu pelataan lauantaina 14.3. kello 15.00. Ottelun j\u00e4rjestelyist\u00e4 tiedotetaan my\u00f6hemmin.<\/p>\n","protected":false},"excerpt":{"rendered":"Artikkelikuva: Jimi Soinila Ilveksen harjoituskauden otteluohjelmaan on sovittu kaksi harjoitusottelua tammikuulle ennen Liigacupin alkua sek\u00e4 yksi harjoitusottelu maaliskuulle.&hellip;\n","protected":false},"author":2,"featured_media":141201,"comment_status":"","ping_status":"","sticky":false,"template":"","format":"standard","meta":{"footnotes":""},"categories":[158],"tags":[33,31,30,159,32,160],"class_list":{"0":"post-141200","1":"post","2":"type-post","3":"status-publish","4":"format-standard","5":"has-post-thumbnail","7":"category-urheilu","8":"tag-fi","9":"tag-finland","10":"tag-finnish","11":"tag-sports","12":"tag-suomi","13":"tag-urheilu"},"share_on_mastodon":{"url":"https:\/\/pubeurope.com\/@fi\/115888261963247409","error":""},"_links":{"self":[{"href":"https:\/\/www.europesays.com\/fi\/wp-json\/wp\/v2\/posts\/141200","targetHints":{"allow":["GET"]}}],"collection":[{"href":"https:\/\/www.europesays.com\/fi\/wp-json\/wp\/v2\/posts"}],"about":[{"href":"https:\/\/www.europesays.com\/fi\/wp-json\/wp\/v2\/types\/post"}],"author":[{"embeddable":true,"href":"https:\/\/www.europesays.com\/fi\/wp-json\/wp\/v2\/users\/2"}],"replies":[{"embeddable":true,"href":"https:\/\/www.europesays.com\/fi\/wp-json\/wp\/v2\/comments?post=141200"}],"version-history":[{"count":0,"href":"https:\/\/www.europesays.com\/fi\/wp-json\/wp\/v2\/posts\/141200\/revisions"}],"wp:featuredmedia":[{"embeddable":true,"href":"https:\/\/www.europesays.com\/fi\/wp-json\/wp\/v2\/media\/141201"}],"wp:attachment":[{"href":"https:\/\/www.europesays.com\/fi\/wp-json\/wp\/v2\/media?parent=141200"}],"wp:term":[{"taxonomy":"category","embeddable":true,"href":"https:\/\/www.europesays.com\/fi\/wp-json\/wp\/v2\/categories?post=141200"},{"taxonomy":"post_tag","embeddable":true,"href":"https:\/\/www.europesays.com\/fi\/wp-json\/wp\/v2\/tags?post=141200"}],"curies":[{"name":"wp","href":"https:\/\/api.w.org\/{rel}","templated":true}]}}