{"id":141208,"date":"2026-01-13T14:33:08","date_gmt":"2026-01-13T14:33:08","guid":{"rendered":"https:\/\/www.europesays.com\/fi\/141208\/"},"modified":"2026-01-13T14:33:08","modified_gmt":"2026-01-13T14:33:08","slug":"elisa-aikoo-vaatia-vahingonkorvauksia-kaapelia-vaurioittaneelta-taholta-uutisia-lyhyesti","status":"publish","type":"post","link":"https:\/\/www.europesays.com\/fi\/141208\/","title":{"rendered":"Elisa aikoo vaatia vahingon\u00adkorvauksia kaapelia vaurioit\u00adtaneelta taholta | Uutisia lyhyesti"},"content":{"rendered":"<p class=\"aw-1gybjub aw-5vja16 kEtdKx kmuxyA yle__article__paragraph\">Vahingonkorvauksesta uutisoi ensin Ilta-Sanomat.<\/p>\n<p><img decoding=\"async\" alt=\"Rahtilaiva Fitburg Kantvikin satamassa Kirkkonummella. \" src=\"https:\/\/www.europesays.com\/fi\/wp-content\/uploads\/2026\/01\/1768250773_226_39-1577045695b7b839910a.jpeg\" class=\"aw-1l9m598 hKVVvP\"\/><\/p>\n<p>Avaa kuvien katselu<\/p>\n<p>Fitburg-aluksen ep\u00e4ill\u00e4\u00e4n aiheuttaneen Elisan merikaapelin rikkoontumisen uudenvuodenaattona. Aluksen takavarikko on purettu ja laiva on poistunut Suomesta. Kuva: Toni M\u00e4\u00e4tt\u00e4 \/ Yle<\/p>\n<p class=\"aw-1gybjub aw-1p7kakr kEtdKx cEmitX yle__article__paragraph\">Teleoperaattori Elisa aikoo vaatia vahingonkorvauksia taholta, joka aiheutti tietoliikennekaapelin rikkoutumisen uudenvuodenaattona.<\/p>\n<p class=\"aw-1gybjub aw-1p7kakr kEtdKx cEmitX yle__article__paragraph\">Asiasta kertoo Ylelle Elisan turvallisuusjohtaja <strong class=\"aw-ak79eh KyCXm yle__article__strong\">Kim Tikkanen<\/strong>.<\/p>\n<p class=\"aw-1gybjub aw-1p7kakr kEtdKx cEmitX yle__article__paragraph\">\u2013 Tarkemmin t\u00e4t\u00e4 ei voi viel\u00e4 avata tai yksil\u00f6id\u00e4. Meill\u00e4 on t\u00e4m\u00e4n osalta k\u00e4ynniss\u00e4 erilaisia selvityksi\u00e4 eri vaihtoehdoista. Tietenkin t\u00e4st\u00e4 meille aiheutuu kustannuksia, jotka liittyv\u00e4t kaapelin korjaamiseen, Tikkanen sanoo.<\/p>\n<p class=\"aw-1gybjub aw-1p7kakr kEtdKx cEmitX yle__article__paragraph\">Vahingonkorvauksista uutisoi ensin <a class=\"aw-iao6s4 iHOxEa yle__article__link\" href=\"https:\/\/www.is.fi\/kotimaa\/art-2000011746099.html\" role=\"link\" rel=\"nofollow noopener\" target=\"_blank\">Ilta-Sanomat<\/a>.<\/p>\n<p class=\"aw-1gybjub aw-1p7kakr kEtdKx cEmitX yle__article__paragraph\">Tikkasen mukaan kaapelin vaurioita p\u00e4\u00e4st\u00e4\u00e4n t\u00e4ll\u00e4 viikolla tarkastelemaan tarkemmin paikan p\u00e4\u00e4lle. S\u00e4\u00e4olosuhteet ovat vaikeuttaneet paikalle p\u00e4\u00e4semist\u00e4.<\/p>\n<p class=\"aw-1gybjub aw-1p7kakr kEtdKx cEmitX yle__article__paragraph\">\u2013 Toivottavasti t\u00e4ll\u00e4 viikolla p\u00e4\u00e4semme paikan p\u00e4\u00e4lle ja n\u00e4emme, mik\u00e4 tilanne on ja mit\u00e4 korjaaminen edellytt\u00e4\u00e4. Sen j\u00e4lkeen voimme arvioida siihen liittyv\u00e4t kustannukset paremmin.<\/p>\n<p class=\"aw-1gybjub aw-1p7kakr kEtdKx cEmitX yle__article__paragraph\">My\u00f6s kaapelin korjausaikataulu voidaan arvioida my\u00f6hemmin. Tikkasen mukaan Elisan yhteydet ja palvelut ovat toimineet vauriosta huolimatta normaalisti.<\/p>\n<p class=\"aw-1gybjub aw-1p7kakr kEtdKx cEmitX yle__article__paragraph\">Tietoliikennekaapeli sijaitsee Helsingin ja Tallinnan v\u00e4lill\u00e4. Vauriokohta sijaitsee Viron talousvy\u00f6hykkeell\u00e4.<\/p>\n","protected":false},"excerpt":{"rendered":"Vahingonkorvauksesta uutisoi ensin Ilta-Sanomat. Avaa kuvien katselu Fitburg-aluksen ep\u00e4ill\u00e4\u00e4n aiheuttaneen Elisan merikaapelin rikkoontumisen uudenvuodenaattona. Aluksen takavarikko on purettu&hellip;\n","protected":false},"author":2,"featured_media":135076,"comment_status":"","ping_status":"","sticky":false,"template":"","format":"standard","meta":{"footnotes":""},"categories":[12],"tags":[22,23,1744,26,27,33,31,30,17,71,24,25,28,29,15,18,21,32,1070,634,19,20,16,15312],"class_list":{"0":"post-141208","1":"post","2":"type-post","3":"status-publish","4":"format-standard","5":"has-post-thumbnail","7":"category-suomi","8":"tag-breaking-news","9":"tag-breakingnews","10":"tag-elisa","11":"tag-featured-news","12":"tag-featurednews","13":"tag-fi","14":"tag-finland","15":"tag-finnish","16":"tag-headlines","17":"tag-kotimaa","18":"tag-latest-news","19":"tag-latestnews","20":"tag-main-news","21":"tag-mainnews","22":"tag-news","23":"tag-otsikot","24":"tag-paauutiset","25":"tag-suomi","26":"tag-teleoperaattorit","27":"tag-tietoliikenne","28":"tag-top-stories","29":"tag-topstories","30":"tag-uutiset","31":"tag-vahingonkorvaus"},"share_on_mastodon":{"url":"https:\/\/pubeurope.com\/@fi\/115888285590355353","error":""},"_links":{"self":[{"href":"https:\/\/www.europesays.com\/fi\/wp-json\/wp\/v2\/posts\/141208","targetHints":{"allow":["GET"]}}],"collection":[{"href":"https:\/\/www.europesays.com\/fi\/wp-json\/wp\/v2\/posts"}],"about":[{"href":"https:\/\/www.europesays.com\/fi\/wp-json\/wp\/v2\/types\/post"}],"author":[{"embeddable":true,"href":"https:\/\/www.europesays.com\/fi\/wp-json\/wp\/v2\/users\/2"}],"replies":[{"embeddable":true,"href":"https:\/\/www.europesays.com\/fi\/wp-json\/wp\/v2\/comments?post=141208"}],"version-history":[{"count":0,"href":"https:\/\/www.europesays.com\/fi\/wp-json\/wp\/v2\/posts\/141208\/revisions"}],"wp:featuredmedia":[{"embeddable":true,"href":"https:\/\/www.europesays.com\/fi\/wp-json\/wp\/v2\/media\/135076"}],"wp:attachment":[{"href":"https:\/\/www.europesays.com\/fi\/wp-json\/wp\/v2\/media?parent=141208"}],"wp:term":[{"taxonomy":"category","embeddable":true,"href":"https:\/\/www.europesays.com\/fi\/wp-json\/wp\/v2\/categories?post=141208"},{"taxonomy":"post_tag","embeddable":true,"href":"https:\/\/www.europesays.com\/fi\/wp-json\/wp\/v2\/tags?post=141208"}],"curies":[{"name":"wp","href":"https:\/\/api.w.org\/{rel}","templated":true}]}}