{"id":141215,"date":"2026-01-13T14:46:07","date_gmt":"2026-01-13T14:46:07","guid":{"rendered":"https:\/\/www.europesays.com\/fi\/141215\/"},"modified":"2026-01-13T14:46:07","modified_gmt":"2026-01-13T14:46:07","slug":"sara-siipola-yllatti-lomallaan-kuin-supermalli-catwalkilla-stara-fi","status":"publish","type":"post","link":"https:\/\/www.europesays.com\/fi\/141215\/","title":{"rendered":"Sara Siipola yll\u00e4tti lomallaan \u2013 kuin supermalli catwalkilla \u2013 Stara.fi"},"content":{"rendered":"<p>Suosikkilaulaja Sara Siipola osallistui viime syksyn\u00e4 huippusuosittuun Tanssii t\u00e4htien kanssa -kilpailuun, jossa h\u00e4n ei kuitenkaan p\u00e4\u00e4ssyt olemaan mukana kovinkaan pitk\u00e4\u00e4n. N\u00e4ytt\u00e4v\u00e4 laulajatar putosi nimitt\u00e4in kilpailusta ensimm\u00e4isen\u00e4. Musiikkialalla h\u00e4n kuitenkin menestyy edelleen upeasti.<\/p>\n<p>MAINOS ALKAAMAINOS LOPPUU<\/p>\n<p>Siipola tuli suomalaisille tutuksi viimeist\u00e4\u00e4n h\u00e4nen osallistuessaan UMK-kilpailuun ja tavoitellessaan Suomen edustajan paikkaa Euroviisuissa. H\u00e4nen kilpailukappaleensa Paskana menestyi hienosti ja siit\u00e4 muodostui radiohitti, joka soi edelleen p\u00e4ivitt\u00e4in radioaalloilla.<\/p>\n<p>Sara Siipola lomaili Meksikossa<\/p>\n<p>Nyt Sara on ehtinyt monien muiden suomalaisten viihdealan ammattilaisten tavoin lomailemaan, sill\u00e4 keikkakentill\u00e4 vuodenvaihde ja tammikuu ovat vuoden hiljaisinta aikaa. Meksikon Isla Mujeresissa aurinkolomalla oleva popt\u00e4hti osoittautui olevansa kuin supermalli catwalkilla, kun h\u00e4n nautti paahtavasta aurgingosta. <a href=\"https:\/\/www.instagram.com\/p\/DTTLRhhiYAj\/\" rel=\"nofollow noopener\" target=\"_blank\">Katso alkuper\u00e4inen julkaisu t\u00e4st\u00e4<\/a>.<\/p>\n<p>MAINOS ALKAAMAINOS LOPPUU<\/p>\n<p>\u2013 Rakastan, koska mustahan siis piti tulla isona merenneito eik\u00e4 mik\u00e4\u00e4 artisti. Oon halunnu nii kauan k\u00e4yd\u00e4 cenoteksella. Kelatkaa et n\u00e4\u00e4 synty ku meteoriitti iski (jolloin dinosaurukset kuoli sukupuuttoon) ja n\u00e4\u00e4 oli Mayoilla kovassa k\u00e4yt\u00f6ss\u00e4, Sara ihasteli paikallista n\u00e4ht\u00e4vyytt\u00e4.<\/p>\n<p>Taannoin Sara Siipola julkaisi uuden singlen, jolla oli mukana tavanomaista suurempi m\u00e4\u00e4r\u00e4 vierailijoita. Rakasta mua, rakasta mua, rakasta -kappaleessa kuullaan per\u00e4ti yli 3 000 fanin \u00e4\u00e4nt\u00e4. Siipola pyysi fanejaan mukaan ja odotti arviolta sataa osallistujaa. Lopulta m\u00e4\u00e4r\u00e4 olikin huomattavasti suurempi. Sara Siipola solmi levytyssopimuksen Sony Musicin kanssa vuonna 2019.<\/p>\n<p>MAINOS ALKAAMAINOS LOPPUU<\/p>\n<p>\n\t\t\t\tVoit halutessasi lukea Starassa my\u00f6s lis\u00e4\u00e4 juuri t\u00e4h\u00e4n artikkeliin liittyvist\u00e4 teemoista ja aiheista, kuten <a href=\"https:\/\/www.stara.fi\/asiasanat\/sara-siipola\/\" rel=\"tag nofollow noopener\" target=\"_blank\">Sara Siipola<\/a> tai laajemmin t\u00e4st\u00e4 aihealueesta <a href=\"https:\/\/www.stara.fi\/category\/viihdeuutiset\/\" rel=\"category tag nofollow noopener\" target=\"_blank\">Viihdeuutiset<\/a> -osioistamme.\n\t\t\t<\/p>\n<p>\t\t<script async src=\"\/\/www.instagram.com\/embed.js\"><\/script><\/p>\n","protected":false},"excerpt":{"rendered":"Suosikkilaulaja Sara Siipola osallistui viime syksyn\u00e4 huippusuosittuun Tanssii t\u00e4htien kanssa -kilpailuun, jossa h\u00e4n ei kuitenkaan p\u00e4\u00e4ssyt olemaan mukana&hellip;\n","protected":false},"author":2,"featured_media":141216,"comment_status":"","ping_status":"","sticky":false,"template":"","format":"standard","meta":{"footnotes":""},"categories":[136],"tags":[407,137,33,31,30,408,32,109],"class_list":{"0":"post-141215","1":"post","2":"type-post","3":"status-publish","4":"format-standard","5":"has-post-thumbnail","7":"category-julkkikset","8":"tag-celebrities","9":"tag-entertainment","10":"tag-fi","11":"tag-finland","12":"tag-finnish","13":"tag-julkkikset","14":"tag-suomi","15":"tag-viihde"},"share_on_mastodon":{"url":"https:\/\/pubeurope.com\/@fi\/115888336608173787","error":""},"_links":{"self":[{"href":"https:\/\/www.europesays.com\/fi\/wp-json\/wp\/v2\/posts\/141215","targetHints":{"allow":["GET"]}}],"collection":[{"href":"https:\/\/www.europesays.com\/fi\/wp-json\/wp\/v2\/posts"}],"about":[{"href":"https:\/\/www.europesays.com\/fi\/wp-json\/wp\/v2\/types\/post"}],"author":[{"embeddable":true,"href":"https:\/\/www.europesays.com\/fi\/wp-json\/wp\/v2\/users\/2"}],"replies":[{"embeddable":true,"href":"https:\/\/www.europesays.com\/fi\/wp-json\/wp\/v2\/comments?post=141215"}],"version-history":[{"count":0,"href":"https:\/\/www.europesays.com\/fi\/wp-json\/wp\/v2\/posts\/141215\/revisions"}],"wp:featuredmedia":[{"embeddable":true,"href":"https:\/\/www.europesays.com\/fi\/wp-json\/wp\/v2\/media\/141216"}],"wp:attachment":[{"href":"https:\/\/www.europesays.com\/fi\/wp-json\/wp\/v2\/media?parent=141215"}],"wp:term":[{"taxonomy":"category","embeddable":true,"href":"https:\/\/www.europesays.com\/fi\/wp-json\/wp\/v2\/categories?post=141215"},{"taxonomy":"post_tag","embeddable":true,"href":"https:\/\/www.europesays.com\/fi\/wp-json\/wp\/v2\/tags?post=141215"}],"curies":[{"name":"wp","href":"https:\/\/api.w.org\/{rel}","templated":true}]}}