{"id":141219,"date":"2026-01-13T14:54:07","date_gmt":"2026-01-13T14:54:07","guid":{"rendered":"https:\/\/www.europesays.com\/fi\/141219\/"},"modified":"2026-01-13T14:54:07","modified_gmt":"2026-01-13T14:54:07","slug":"yksin-kotona-tahti-daniel-stern-yritti-ostaa-seuralaisen","status":"publish","type":"post","link":"https:\/\/www.europesays.com\/fi\/141219\/","title":{"rendered":"Yksin kotona -t\u00e4hti Daniel Stern yritti ostaa seuralaisen"},"content":{"rendered":"<p>Ys\u00e4rileffojen t\u00e4hti j\u00e4i kiinni joulukuussa.<\/p>\n<p class=\"article-body mb-nof-24 px-nof-16\">Ensimm\u00e4isi\u00e4 Yksin kotona -elokuvia t\u00e4hditt\u00e4nyt <a class=\"font-bold underline-offset-[0.12em] [text-decoration:var(--person-link-text-decoration)] ![text-decoration-color:var(--person-link-text-decoration-color)]\" href=\"https:\/\/www.is.fi\/haku\/?query=Daniel%20Stern\" rel=\"nofollow noopener\" target=\"_blank\">Daniel Stern<\/a> on joutunut vaikeuksiin Yhdysvalloissa. Konnaa hittielokuvissa esitt\u00e4nyt Stern j\u00e4i <a class=\"underline underline-offset-[0.12em] [text-decoration-thickness:var(--generic-link-underline-thickness)] [text-decoration-color:var(--generic-link-underline-color)] [text-decoration-skip-ink:var(--generic-link-underline-skip-ink)] break-words\" href=\"https:\/\/people.com\/daniel-stern-home-alone-charged-alleged-misdemeanor-soliciting-prostitution-11884092\" rel=\"nofollow noopener\" target=\"_blank\">People-lehden<\/a> mukaan kiinni joulukuun alussa yritt\u00e4ess\u00e4\u00e4n ostaa itselleen seuralaisen.<\/p>\n<p class=\"article-body mb-nof-24 px-nof-16\">Sen vuoksi h\u00e4nt\u00e4 syytet\u00e4\u00e4n nyt liev\u00e4st\u00e4 rikoksesta. Lehden tietojen mukaan Stern j\u00e4i kiinni motellin luota Venturan piirikunnassa.<\/p>\n<p class=\"article-body mb-nof-24 px-nof-16\">\u2013 H\u00e4net n\u00e4htiin paikan p\u00e4\u00e4ll\u00e4 ja h\u00e4net vapautettiin, edustaja <a class=\"font-bold underline-offset-[0.12em] [text-decoration:var(--person-link-text-decoration)] ![text-decoration-color:var(--person-link-text-decoration-color)]\" href=\"https:\/\/www.is.fi\/haku\/?query=Joey%20Buttitta\" rel=\"nofollow noopener\" target=\"_blank\">Joey Buttitta<\/a> kertoo People-lehdelle.<\/p>\n<p class=\"article-body mb-nof-24 px-nof-16\"><a class=\"underline underline-offset-[0.12em] [text-decoration-thickness:var(--generic-link-underline-thickness)] [text-decoration-color:var(--generic-link-underline-color)] [text-decoration-skip-ink:var(--generic-link-underline-skip-ink)] break-words\" href=\"https:\/\/www.tmz.com\/2026\/01\/09\/home-alone-daniel-stern-busted-prostitution\/\" rel=\"nofollow noopener\" target=\"_blank\">TMZ:n<\/a> tietojen mukaan Stern olisi saanut tilanteessa sakot. H\u00e4nen kuulemisensa on m\u00e4\u00e4r\u00e4 tapahtua tiistaina 13. tammikuuta.<\/p>\n<p><img decoding=\"async\" src=\"https:\/\/www.europesays.com\/fi\/wp-content\/uploads\/2026\/01\/1768316047_684_468.jpg\" alt=\"Daniel Stern on vet\u00e4ytynyt julkisuudesta ja elelee maatilalla.\" class=\"_Img_1rerz_1\" style=\"aspect-ratio:0.6666666666666666\" loading=\"eager\"\/><\/p>\n<p class=\"article-picture-caption\">Daniel Stern on vet\u00e4ytynyt julkisuudesta ja elelee maatilalla. Kuva:\u00a0Charlie Steffens \/ ZUMA \/ MVPhotos<\/p>\n<p class=\"article-body mb-nof-24 px-nof-16\">Murtovarasta suosituissa elokuvissa n\u00e4ytellyt Stern on pit\u00e4nyt suuren suosion j\u00e4lkeen hiljaiseloa julkisuudessa. H\u00e4n antoi <a class=\"underline underline-offset-[0.12em] [text-decoration-thickness:var(--generic-link-underline-thickness)] [text-decoration-color:var(--generic-link-underline-color)] [text-decoration-skip-ink:var(--generic-link-underline-skip-ink)] break-words\" href=\"https:\/\/www.is.fi\/tv-ja-elokuvat\/art-2000010923212.html\" rel=\"nofollow noopener\" target=\"_blank\">harvinaisen haastattelun<\/a> vuonna 2024 ja kertoi el\u00e4m\u00e4st\u00e4\u00e4n poissa parrasvaloista.<\/p>\n<p class=\"article-body mb-nof-24 px-nof-16\">Mies kertoi People-lehden haastattelussa voivansa hyvin, asuvansa Kaliforniassa maatilalla. Sen h\u00e4n sai ostettua hittielokuvista tienaamillaan rahoilla.<\/p>\n<p class=\"article-body mb-nof-24 px-nof-16\">N\u00e4yttely\u00e4 mies ei ainakaan vuonna 2024 kaivannut. Sen sijaan h\u00e4n kertoi aikansa kuluvan kuvanveiston, maanviljelyn ja humanitaarisen toiminnan parissa.<\/p>\n<p class=\"article-body mb-nof-24 px-nof-16\">\u2013 Tienasin niin paljon rahaa, ettei minun tarvinnut tehd\u00e4 t\u00f6it\u00e4, h\u00e4n kertoi lehdess\u00e4.<\/p>\n<p class=\"article-body mb-nof-24 px-nof-16\">\u2013 Olen aika s\u00e4\u00e4st\u00e4v\u00e4inen. Ostin talon ja autot k\u00e4teisell\u00e4. Ostin kaiken suoraan, koska taiteilijana en tiennyt, tienaisinko jatkossa leip\u00e4\u00e4.<\/p>\n<p class=\"article-body mb-nof-24 px-nof-16\">Stern esitti <a class=\"font-bold underline-offset-[0.12em] [text-decoration:var(--person-link-text-decoration)] ![text-decoration-color:var(--person-link-text-decoration-color)]\" href=\"https:\/\/www.is.fi\/haku\/?query=Macaulay%20Culkinin\" rel=\"nofollow noopener\" target=\"_blank\">Macaulay Culkinin<\/a> esitt\u00e4m\u00e4n Kevinin kepposten kohteeksi joutuvaa murtovarasta ensimm\u00e4isess\u00e4 Yksin kotona -elokuvassa (1990) sek\u00e4 sen jatko-osassa Yksin kotona 2 \u2013 Eksynyt New Yorkissa (1992).<\/p>\n","protected":false},"excerpt":{"rendered":"Ys\u00e4rileffojen t\u00e4hti j\u00e4i kiinni joulukuussa. Ensimm\u00e4isi\u00e4 Yksin kotona -elokuvia t\u00e4hditt\u00e4nyt Daniel Stern on joutunut vaikeuksiin Yhdysvalloissa. Konnaa hittielokuvissa&hellip;\n","protected":false},"author":2,"featured_media":141220,"comment_status":"","ping_status":"","sticky":false,"template":"","format":"standard","meta":{"footnotes":""},"categories":[130],"tags":[137,33,31,30,34,32,109],"class_list":{"0":"post-141219","1":"post","2":"type-post","3":"status-publish","4":"format-standard","5":"has-post-thumbnail","7":"category-viihde","8":"tag-entertainment","9":"tag-fi","10":"tag-finland","11":"tag-finnish","12":"tag-ilta-sanomat","13":"tag-suomi","14":"tag-viihde"},"share_on_mastodon":{"url":"https:\/\/pubeurope.com\/@fi\/115888368042258931","error":""},"_links":{"self":[{"href":"https:\/\/www.europesays.com\/fi\/wp-json\/wp\/v2\/posts\/141219","targetHints":{"allow":["GET"]}}],"collection":[{"href":"https:\/\/www.europesays.com\/fi\/wp-json\/wp\/v2\/posts"}],"about":[{"href":"https:\/\/www.europesays.com\/fi\/wp-json\/wp\/v2\/types\/post"}],"author":[{"embeddable":true,"href":"https:\/\/www.europesays.com\/fi\/wp-json\/wp\/v2\/users\/2"}],"replies":[{"embeddable":true,"href":"https:\/\/www.europesays.com\/fi\/wp-json\/wp\/v2\/comments?post=141219"}],"version-history":[{"count":0,"href":"https:\/\/www.europesays.com\/fi\/wp-json\/wp\/v2\/posts\/141219\/revisions"}],"wp:featuredmedia":[{"embeddable":true,"href":"https:\/\/www.europesays.com\/fi\/wp-json\/wp\/v2\/media\/141220"}],"wp:attachment":[{"href":"https:\/\/www.europesays.com\/fi\/wp-json\/wp\/v2\/media?parent=141219"}],"wp:term":[{"taxonomy":"category","embeddable":true,"href":"https:\/\/www.europesays.com\/fi\/wp-json\/wp\/v2\/categories?post=141219"},{"taxonomy":"post_tag","embeddable":true,"href":"https:\/\/www.europesays.com\/fi\/wp-json\/wp\/v2\/tags?post=141219"}],"curies":[{"name":"wp","href":"https:\/\/api.w.org\/{rel}","templated":true}]}}