{"id":141221,"date":"2026-01-13T14:57:07","date_gmt":"2026-01-13T14:57:07","guid":{"rendered":"https:\/\/www.europesays.com\/fi\/141221\/"},"modified":"2026-01-13T14:57:07","modified_gmt":"2026-01-13T14:57:07","slug":"gronlannin-paaministeri-valitsemme-tanskan-eun-ja-naton-uutisia-lyhyesti","status":"publish","type":"post","link":"https:\/\/www.europesays.com\/fi\/141221\/","title":{"rendered":"Gr\u00f6nlannin p\u00e4\u00e4ministeri: Valitsemme Tanskan, EU:n ja Naton | Uutisia lyhyesti"},"content":{"rendered":"<p class=\"aw-1gybjub aw-5vja16 kEtdKx kmuxyA yle__article__paragraph\">Gr\u00f6nlantilaiset haluavat, ett\u00e4 kansainv\u00e4list\u00e4 oikeutta ja heid\u00e4n oikeuttaan omaan maahansa kunnioitetaan.<\/p>\n<p><img decoding=\"async\" alt=\"Gr\u00f6nlannin p\u00e4\u00e4ministeri Jens-Frederik Nielsen.\" src=\"https:\/\/www.europesays.com\/fi\/wp-content\/uploads\/2026\/01\/39-15806336966537b44959.jpeg\" class=\"aw-1l9m598 hKVVvP\"\/><\/p>\n<p>Avaa kuvien katselu<\/p>\n<p>Gr\u00f6nlannin p\u00e4\u00e4ministeri Jens-Frederik Nielsen toisti, ett\u00e4 Gr\u00f6nlanti p\u00e4\u00e4tt\u00e4\u00e4 itse, mit\u00e4 se haluaa, eik\u00e4 ole myyt\u00e4v\u00e4n\u00e4. Arkistokuva lokakuulta 2025. Kuva: Frederick Florin \/ AFP<\/p>\n<p>16:11\u2022P\u00e4ivitetty 16:28<\/p>\n<p class=\"aw-1gybjub aw-1p7kakr kEtdKx cEmitX yle__article__paragraph\">Demokratian puolesta, sanoivat sek\u00e4 Tanskan p\u00e4\u00e4ministeri <strong class=\"aw-ak79eh KyCXm yle__article__strong\">Mette Frederiksen<\/strong> ett\u00e4 Gr\u00f6nlannin itsehallinnon p\u00e4\u00e4ministeri <strong class=\"aw-ak79eh KyCXm yle__article__strong\">Jens-Frederik Nielsen<\/strong> lehdist\u00f6tilaisuudessa tiistai-iltap\u00e4iv\u00e4n\u00e4.<\/p>\n<p class=\"aw-1gybjub aw-1p7kakr kEtdKx cEmitX yle__article__paragraph\">He vastasivat Yhdysvaltain presidentti <strong class=\"aw-ak79eh KyCXm yle__article__strong\">Donald Trumpin<\/strong> uhkaan liitt\u00e4\u00e4 Gr\u00f6nlanti Yhdysvaltoihin.<\/p>\n<p class=\"aw-1gybjub aw-1p7kakr kEtdKx cEmitX yle__article__paragraph\">\u2013 Valitsemme Tanskan, EU:n ja Naton, sanoi Gr\u00f6nlannin parlamanentin Naalakkersuisutin puheenjohtaja Jens-Frederik Nielsen sanoi ja toisti, ett\u00e4 Gr\u00f6nlanti ei ole myyt\u00e4v\u00e4n\u00e4.<\/p>\n<p class=\"aw-1gybjub aw-1p7kakr kEtdKx cEmitX yle__article__paragraph\">My\u00f6s Frederiksenin \u00e4\u00e4nens\u00e4vyt olivat hyvin painavia. H\u00e4n toisti, ett\u00e4 Gr\u00f6nlanti p\u00e4\u00e4tt\u00e4\u00e4 itse, mit\u00e4 se haluaa, eik\u00e4 ole myyt\u00e4v\u00e4n\u00e4.<\/p>\n<p class=\"aw-1gybjub aw-1p7kakr kEtdKx cEmitX yle__article__paragraph\">\u2013 Me tulemme yhdess\u00e4, pysymme yhdess\u00e4 ja l\u00e4hdemme yhdess\u00e4, Frederiksen sanoi.<\/p>\n<p class=\"aw-1gybjub aw-1p7kakr kEtdKx cEmitX yle__article__paragraph\">\u2013 Kyse on siit\u00e4, ettei rajoja voi muuttaa voimalla, ja ett\u00e4 pienten maiden ei pid\u00e4 pel\u00e4t\u00e4 suuria maita. Siksi sanomme vastaan.<\/p>\n<p class=\"aw-1gybjub aw-1p7kakr kEtdKx cEmitX yle__article__paragraph\">Nielsen sanoi, ett\u00e4 Gr\u00f6nlannin tavoitteena on rauhanomainen dialogi, jossa keskityt\u00e4\u00e4n yhteisty\u00f6h\u00f6n. Gr\u00f6nlantilaiset haluavat, ett\u00e4 kansainv\u00e4linen oikeutta ja heid\u00e4n oikeuttaan omaan maahansa kunnioitetaan.<\/p>\n<p class=\"aw-1gybjub aw-1p7kakr kEtdKx cEmitX yle__article__paragraph\">\u2013 Mutta yksi asia kaikkien on ymm\u00e4rrett\u00e4v\u00e4: Gr\u00f6nlanti ei halua olla Yhdysvaltojen omistama. Gr\u00f6nlantia ei tulla hallitsemaan Yhdysvalloista k\u00e4sin.<\/p>\n<p class=\"aw-1gybjub aw-1p7kakr kEtdKx cEmitX yle__article__paragraph\">Mette Frederiksen muistutti j\u00e4lleen kerran, ett\u00e4 Tanska on ollut Yhdysvaltain hyv\u00e4 liittolainen jo vuosikymmeni\u00e4. Se on asia, jota Tanska voi Yhdysvalloille tarjota Gr\u00f6nlannista.<\/p>\n<p class=\"aw-1gybjub aw-1p7kakr kEtdKx cEmitX yle__article__paragraph\">\u2013 Voimme tarjota sit\u00e4, mit\u00e4 olemme tarjonneet jo monien vuosien ajan, h\u00e4n sanoo.<\/p>\n<p class=\"aw-1gybjub aw-1p7kakr kEtdKx cEmitX yle__article__paragraph\">Tanskan ulkoministeri <strong class=\"aw-ak79eh KyCXm yle__article__strong\">Lars L\u00f8kke Rasmussen<\/strong> ja Gr\u00f6nlannin ulkoministeri <strong class=\"aw-ak79eh KyCXm yle__article__strong\">Vivian Motzfeldt<\/strong> tapaavat Yhdysvaltain varapresidentin <strong class=\"aw-ak79eh KyCXm yle__article__strong\">J.D. Vancen<\/strong> ja ulkoministerin <strong class=\"aw-ak79eh KyCXm yle__article__strong\">Marco Rubion<\/strong> Valkoisessa talossa huomenna keskiviikkona.<\/p>\n<p class=\"aw-1gybjub aw-1p7kakr kEtdKx cEmitX yle__article__paragraph\">Tanska pyysi tapaamista, kun Yhdysvaltain presidentti <strong class=\"aw-ak79eh KyCXm yle__article__strong\">Donald Trump<\/strong> on toistuvasti sanonut haluavansa liitt\u00e4\u00e4 Gr\u00f6nlannin Yhdysvaltoihin.<\/p>\n<p class=\"aw-1gybjub aw-1p7kakr kEtdKx cEmitX yle__article__paragraph\">P\u00e4ivit\u00e4mme uutista.<\/p>\n","protected":false},"excerpt":{"rendered":"Gr\u00f6nlantilaiset haluavat, ett\u00e4 kansainv\u00e4list\u00e4 oikeutta ja heid\u00e4n oikeuttaan omaan maahansa kunnioitetaan. Avaa kuvien katselu Gr\u00f6nlannin p\u00e4\u00e4ministeri Jens-Frederik Nielsen&hellip;\n","protected":false},"author":2,"featured_media":141222,"comment_status":"","ping_status":"","sticky":false,"template":"","format":"standard","meta":{"footnotes":""},"categories":[76],"tags":[79,77,33,31,30,70,32,78,56],"class_list":{"0":"post-141221","1":"post","2":"type-post","3":"status-publish","4":"format-standard","5":"has-post-thumbnail","7":"category-talous","8":"tag-business","9":"tag-economy","10":"tag-fi","11":"tag-finland","12":"tag-finnish","13":"tag-kansainvalinen-politiikka","14":"tag-suomi","15":"tag-talous","16":"tag-ulkomaat"},"share_on_mastodon":{"url":"https:\/\/pubeurope.com\/@fi\/115888379999394720","error":""},"_links":{"self":[{"href":"https:\/\/www.europesays.com\/fi\/wp-json\/wp\/v2\/posts\/141221","targetHints":{"allow":["GET"]}}],"collection":[{"href":"https:\/\/www.europesays.com\/fi\/wp-json\/wp\/v2\/posts"}],"about":[{"href":"https:\/\/www.europesays.com\/fi\/wp-json\/wp\/v2\/types\/post"}],"author":[{"embeddable":true,"href":"https:\/\/www.europesays.com\/fi\/wp-json\/wp\/v2\/users\/2"}],"replies":[{"embeddable":true,"href":"https:\/\/www.europesays.com\/fi\/wp-json\/wp\/v2\/comments?post=141221"}],"version-history":[{"count":0,"href":"https:\/\/www.europesays.com\/fi\/wp-json\/wp\/v2\/posts\/141221\/revisions"}],"wp:featuredmedia":[{"embeddable":true,"href":"https:\/\/www.europesays.com\/fi\/wp-json\/wp\/v2\/media\/141222"}],"wp:attachment":[{"href":"https:\/\/www.europesays.com\/fi\/wp-json\/wp\/v2\/media?parent=141221"}],"wp:term":[{"taxonomy":"category","embeddable":true,"href":"https:\/\/www.europesays.com\/fi\/wp-json\/wp\/v2\/categories?post=141221"},{"taxonomy":"post_tag","embeddable":true,"href":"https:\/\/www.europesays.com\/fi\/wp-json\/wp\/v2\/tags?post=141221"}],"curies":[{"name":"wp","href":"https:\/\/api.w.org\/{rel}","templated":true}]}}