{"id":141223,"date":"2026-01-13T14:58:07","date_gmt":"2026-01-13T14:58:07","guid":{"rendered":"https:\/\/www.europesays.com\/fi\/141223\/"},"modified":"2026-01-13T14:58:07","modified_gmt":"2026-01-13T14:58:07","slug":"varapresidentti-vance-halusi-mukaan-tanskan-ja-gronlannin-ulkoministerien-tapaamiseen","status":"publish","type":"post","link":"https:\/\/www.europesays.com\/fi\/141223\/","title":{"rendered":"Varapresidentti Vance halusi mukaan Tanskan ja Gr\u00f6nlannin ulkoministerien tapaamiseen"},"content":{"rendered":"<p>Varapresidentti J.\u202fD. Vancen osallistuminen on omiaan lis\u00e4\u00e4m\u00e4\u00e4n tapaamisen j\u00e4nnitteisyytt\u00e4, arvioivat tanskalais\u00admediat.<\/p>\n<p>Lue tiivistelm\u00e4<\/p>\n<p class=\"article-body mb-nof-24 px-nof-16 sndp-summary-bullet-point-font\">Yhdysvaltain varapresidentti J. D. Vance osallistuu Tanskan, Gr\u00f6nlannin ja Yhdysvaltain ulkoministerien tapaamiseen Washingtonissa keskiviikkona.<\/p>\n<p class=\"article-body mb-nof-24 px-nof-16 sndp-summary-bullet-point-font\">Tanskan ulkoministeri Lars L\u00f8kke Rasmussen kertoo, ett\u00e4 Vance pyysi saada osallistua ja is\u00e4nn\u00f6id\u00e4 kokousta Valkoisessa talossa.<\/p>\n<p class=\"article-body mb-nof-24 px-nof-16 sndp-summary-bullet-point-font\">Vance on kritisoinut Tanskaa siit\u00e4, ettei se ole kantanut vastuutaan Gr\u00f6nlannin turvaamisesta ven\u00e4l\u00e4isilt\u00e4 ja kiinalaisilta.<\/p>\n<p class=\"article-body mb-nof-24 px-nof-16 sndp-summary-bullet-point-font\">Tapaaminen j\u00e4rjestet\u00e4\u00e4n sen j\u00e4lkeen, kun presidentti Donald Trump on vaatinut Gr\u00f6nlannin liitt\u00e4mist\u00e4 Yhdysvaltoihin.<\/p>\n<p class=\"article-body mb-nof-24 px-nof-16\">My\u00f6s Yhdysvaltain varapresidentti <a class=\"font-bold underline-offset-[0.12em] [text-decoration:var(--person-link-text-decoration)] ![text-decoration-color:var(--person-link-text-decoration-color)]\" href=\"https:\/\/www.satakunnankansa.fi\/haku\/?query=J.%E2%80%AFD.%20Vance\" rel=\"nofollow noopener\" target=\"_blank\">J.\u202fD. Vance<\/a> osallistuu Tanskan, Gr\u00f6nlannin ja Yhdysvaltain ulkoministerien tapaamiseen Washingtonissa keskiviikkona. Asiasta kertoo uutistoimisto Reuters.<\/p>\n<p class=\"article-body mb-nof-24 px-nof-16\">Reutersin mukaan Tanskan ulkoministeri <a class=\"font-bold underline-offset-[0.12em] [text-decoration:var(--person-link-text-decoration)] ![text-decoration-color:var(--person-link-text-decoration-color)]\" href=\"https:\/\/www.satakunnankansa.fi\/haku\/?query=Lars%20L%C3%B8kke%20Rasmussen\" rel=\"nofollow noopener\" target=\"_blank\">Lars L\u00f8kke Rasmussen<\/a> kertoi asiasta toimittajille K\u00f6\u00f6penhaminassa tiistaina. Rasmussenin mukaan h\u00e4n ja Gr\u00f6nlannin ulkoministeri <a class=\"font-bold underline-offset-[0.12em] [text-decoration:var(--person-link-text-decoration)] ![text-decoration-color:var(--person-link-text-decoration-color)]\" href=\"https:\/\/www.satakunnankansa.fi\/haku\/?query=Vivian%20Motzfeldt\" rel=\"nofollow noopener\" target=\"_blank\">Vivian Motzfeldt<\/a> olivat alkujaan pyyt\u00e4neet tapaamista Yhdysvaltain ulkoministerin <a class=\"font-bold underline-offset-[0.12em] [text-decoration:var(--person-link-text-decoration)] ![text-decoration-color:var(--person-link-text-decoration-color)]\" href=\"https:\/\/www.satakunnankansa.fi\/haku\/?query=Marco%20Rubion\" rel=\"nofollow noopener\" target=\"_blank\">Marco Rubion<\/a> kanssa.<\/p>\n<p class=\"article-body mb-nof-24 px-nof-16\">Rasmussen sanoi, ett\u00e4 Vance oli pyyt\u00e4nyt saada osallistua Valkoisessa talossa pidett\u00e4v\u00e4\u00e4n kokoukseen ja is\u00e4nn\u00f6id\u00e4 sit\u00e4.<\/p>\n<p class=\"article-body mb-nof-24 px-nof-16\">Tanskalaismediat arvioivat, ett\u00e4 Vancen osallistuminen on omiaan lis\u00e4\u00e4m\u00e4\u00e4n tapaamisen j\u00e4nnitteisyytt\u00e4.<\/p>\n<p class=\"article-body mb-nof-24 px-nof-16\">Vance on kritisoinut Tanskaa siit\u00e4, ettei se ole kantanut vastuutaan Gr\u00f6nlannin ja muun arktisen alueen turvaamisesta ven\u00e4l\u00e4isilt\u00e4 ja kiinalaisilta, kirjoittaa tanskalaislehti <a class=\"underline underline-offset-[0.12em] [text-decoration-thickness:var(--generic-link-underline-thickness)] [text-decoration-color:var(--generic-link-underline-color)] [text-decoration-skip-ink:var(--generic-link-underline-skip-ink)] break-words\" href=\"https:\/\/politiken.dk\/internationalt\/art10679188\/JD-Vance-vil-deltage-i-m%C3%B8de-med-Danmark-og-Gr%C3%B8nland-Rykkes-til-Det-Hvide-Hus\" rel=\"nofollow noopener\" target=\"_blank\">Politiken<\/a>.<\/p>\n<p class=\"article-body mb-nof-24 px-nof-16\">Tuoreessa muistissa on my\u00f6s Ukrainan presidentin <a class=\"font-bold underline-offset-[0.12em] [text-decoration:var(--person-link-text-decoration)] ![text-decoration-color:var(--person-link-text-decoration-color)]\" href=\"https:\/\/www.satakunnankansa.fi\/haku\/?query=Volodymyr%20Zelenskyin\" rel=\"nofollow noopener\" target=\"_blank\">Volodymyr Zelenskyin<\/a> ep\u00e4onninen vierailu Valkoisessa talossa l\u00e4hes vuosi sitten, kirjoittaa Tanskan yleisradioyhti\u00f6 <a class=\"underline underline-offset-[0.12em] [text-decoration-thickness:var(--generic-link-underline-thickness)] [text-decoration-color:var(--generic-link-underline-color)] [text-decoration-skip-ink:var(--generic-link-underline-skip-ink)] break-words\" href=\"https:\/\/www.dr.dk\/nyheder\/indland\/groenland\/live-storpolitisk-drama-mellem-usa-danmark-og-groenland?focusId=10841676\" rel=\"nofollow noopener\" target=\"_blank\">DR<\/a>. Tuolloin Vance ja presidentti <a class=\"font-bold underline-offset-[0.12em] [text-decoration:var(--person-link-text-decoration)] ![text-decoration-color:var(--person-link-text-decoration-color)]\" href=\"https:\/\/www.satakunnankansa.fi\/haku\/?query=Donald%20Trump\" rel=\"nofollow noopener\" target=\"_blank\">Donald Trump<\/a> ajautuivat Zelenskyin kanssa sanasotaan lehdist\u00f6n edess\u00e4.<\/p>\n<p class=\"article-body mb-nof-24 px-nof-16\">Vance ja Trump muun muassa syyttiv\u00e4t Zelenskyi\u00e4 huonosta asenteesta ja kiitt\u00e4m\u00e4tt\u00f6myydest\u00e4 l\u00e4pi Ukrainan sodan.<\/p>\n<p class=\"article-body mb-nof-24 px-nof-16\">Tanskan ja Gr\u00f6nlannin hallitukset pyysiv\u00e4t viime viikolla pikaista tapaamista Yhdysvaltain ulkoministerin Rubion kanssa sen j\u00e4lkeen kun Trumpin puheet Gr\u00f6nlannin liitt\u00e4misest\u00e4 Yhdysvaltoihin olivat taas kiihtyneet.<\/p>\n<p class=\"article-body mb-nof-24 px-nof-16\">Trump vaatii Gr\u00f6nlannin liitt\u00e4mist\u00e4 Yhdysvaltoihin est\u00e4\u00e4kseen Ven\u00e4j\u00e4\u00e4 tai Kiinaa valtaamasta strategisesti t\u00e4rke\u00e4\u00e4 aluetta.<\/p>\n","protected":false},"excerpt":{"rendered":"Varapresidentti J.\u202fD. Vancen osallistuminen on omiaan lis\u00e4\u00e4m\u00e4\u00e4n tapaamisen j\u00e4nnitteisyytt\u00e4, arvioivat tanskalais\u00admediat. Lue tiivistelm\u00e4 Yhdysvaltain varapresidentti J. D. Vance&hellip;\n","protected":false},"author":2,"featured_media":141224,"comment_status":"","ping_status":"","sticky":false,"template":"","format":"standard","meta":{"footnotes":""},"categories":[14],"tags":[22,23,26,27,33,31,30,17,24,25,28,29,15,18,21,80,32,19,20,56,16,59,60,61],"class_list":{"0":"post-141223","1":"post","2":"type-post","3":"status-publish","4":"format-standard","5":"has-post-thumbnail","7":"category-ulkomaat","8":"tag-breaking-news","9":"tag-breakingnews","10":"tag-featured-news","11":"tag-featurednews","12":"tag-fi","13":"tag-finland","14":"tag-finnish","15":"tag-headlines","16":"tag-latest-news","17":"tag-latestnews","18":"tag-main-news","19":"tag-mainnews","20":"tag-news","21":"tag-otsikot","22":"tag-paauutiset","23":"tag-satakunnan-kansa","24":"tag-suomi","25":"tag-top-stories","26":"tag-topstories","27":"tag-ulkomaat","28":"tag-uutiset","29":"tag-world","30":"tag-world-news","31":"tag-worldnews"},"share_on_mastodon":{"url":"https:\/\/pubeurope.com\/@fi\/115888383848040133","error":""},"_links":{"self":[{"href":"https:\/\/www.europesays.com\/fi\/wp-json\/wp\/v2\/posts\/141223","targetHints":{"allow":["GET"]}}],"collection":[{"href":"https:\/\/www.europesays.com\/fi\/wp-json\/wp\/v2\/posts"}],"about":[{"href":"https:\/\/www.europesays.com\/fi\/wp-json\/wp\/v2\/types\/post"}],"author":[{"embeddable":true,"href":"https:\/\/www.europesays.com\/fi\/wp-json\/wp\/v2\/users\/2"}],"replies":[{"embeddable":true,"href":"https:\/\/www.europesays.com\/fi\/wp-json\/wp\/v2\/comments?post=141223"}],"version-history":[{"count":0,"href":"https:\/\/www.europesays.com\/fi\/wp-json\/wp\/v2\/posts\/141223\/revisions"}],"wp:featuredmedia":[{"embeddable":true,"href":"https:\/\/www.europesays.com\/fi\/wp-json\/wp\/v2\/media\/141224"}],"wp:attachment":[{"href":"https:\/\/www.europesays.com\/fi\/wp-json\/wp\/v2\/media?parent=141223"}],"wp:term":[{"taxonomy":"category","embeddable":true,"href":"https:\/\/www.europesays.com\/fi\/wp-json\/wp\/v2\/categories?post=141223"},{"taxonomy":"post_tag","embeddable":true,"href":"https:\/\/www.europesays.com\/fi\/wp-json\/wp\/v2\/tags?post=141223"}],"curies":[{"name":"wp","href":"https:\/\/api.w.org\/{rel}","templated":true}]}}