{"id":141225,"date":"2026-01-13T14:59:08","date_gmt":"2026-01-13T14:59:08","guid":{"rendered":"https:\/\/www.europesays.com\/fi\/141225\/"},"modified":"2026-01-13T14:59:08","modified_gmt":"2026-01-13T14:59:08","slug":"kulosaaren-ostoskeskus-helsingissa-halutaan-purkaa-ja-rakentaa-kerrostaloja-tilalle","status":"publish","type":"post","link":"https:\/\/www.europesays.com\/fi\/141225\/","title":{"rendered":"Kulosaaren ostoskeskus Helsingiss\u00e4 halutaan purkaa ja rakentaa kerrostaloja tilalle"},"content":{"rendered":"<p>Purkaminen|Kulosaaren ostoskeskuksen tilalle halutaan uusia kerrostaloja. Kerrostalojen v\u00e4liin j\u00e4isi \u201dkohtaamispaikka\u201d asukkaille.<\/p>\n<p>Lue tiivistelm\u00e4<\/p>\n<p class=\"article-body mb-nof-24 px-nof-16 sndp-summary-bullet-point-font\">Kulosaaren ostoskeskus Helsingiss\u00e4 halutaan purkaa ja rakentaa tilalle kaksi 4\u20135-kerroksista kerrostaloa.<\/p>\n<p class=\"article-body mb-nof-24 px-nof-16 sndp-summary-bullet-point-font\">Rakennusyhti\u00f6t perustelevat purkamista sill\u00e4, ett\u00e4 1960-luvun ostarin s\u00e4ilytt\u00e4minen ei ole taloudellisesti mahdollista ja peruskorjaus maksaisi 3,8 miljoonaa euroa.<\/p>\n<p class=\"article-body mb-nof-24 px-nof-16 sndp-summary-bullet-point-font\">Ostoskeskusta pidet\u00e4\u00e4n kulttuurihistoriallisesti arvokkaana, mutta sit\u00e4 ei ole suojeltu.<\/p>\n<p class=\"article-body mb-nof-24 px-nof-16 sndp-summary-bullet-point-font\">Poliitikot k\u00e4sittelev\u00e4t asiaa todenn\u00e4k\u00f6isesti kev\u00e4\u00e4ll\u00e4 2026.<\/p>\n<p class=\"article-body mb-nof-24 px-nof-16\">Kulosaaren vanhan ostoskeskuksen tilalle Helsingiss\u00e4 halutaan rakentaa 4\u2013\u20095-kerroksisia kerrostaloja. Rakennusten v\u00e4liin j\u00e4isi sis\u00e4piha, joka rakennusyhti\u00f6iden suunnitelmien mukaan toimisi asukkaiden \u201dkohtaamispaikkana\u201d.<\/p>\n<p class=\"article-body mb-nof-24 px-nof-16\">Kerrostaloja tulisi suunnitelman mukaan kaksi ja ne sijoittuisivat Ky\u00f6sti Kallion tien ja Svinhufvudintien risteykseen. Taloihin halutaan asuntoja sek\u00e4 liiketiloja kivijalkaan.<\/p>\n<p class=\"article-body mb-nof-24 px-nof-16\">Purkamista perustellaan rahalla, Kulosaaren ostoskeskus Oy:n ja rakennusyhti\u00f6 YIT:n l\u00e4hett\u00e4m\u00e4st\u00e4 tiedotteesta ilmenee. 1960-luvun ostarin s\u00e4ilytt\u00e4minen ei ole yhti\u00f6iden mukaan taloudellisesti mahdollista. Se on huonossa kunnossa ja osa liiketiloista on tyhjill\u00e4\u00e4n.<\/p>\n<p><img decoding=\"async\" src=\"https:\/\/www.europesays.com\/fi\/wp-content\/uploads\/2026\/01\/1768316348_665_468.jpg\" alt=\"Havainnekuvassa Kulosaaren ostoskeskuksen tilalle tulevia kerrostaloja\" class=\"_Img_1rerz_1\" style=\"aspect-ratio:1.5\" loading=\"eager\"\/><\/p>\n<p class=\"article-picture-caption\">Havainnekuvassa Kulosaaren ostoskeskuksen tilalle tulevia kerrostaloja Kuva:\u00a0Arkkitehtitoimisto K2S<\/p>\n<p class=\"article-body mb-nof-24 px-nof-16\">Ostoskeskusta pidet\u00e4\u00e4n kulttuurihistoriallisesti arvokkaana, mutta rakennusta ei ole suojeltu.<\/p>\n<p class=\"article-body mb-nof-24 px-nof-16\">Peruskorjaus maksaisi yhti\u00f6iden laskelmien mukaan 3,8 miljoonaa euroa, tiedotteessa kerrotaan.<\/p>\n<p class=\"article-body mb-nof-24 px-nof-16\">Kaavavalmistelussa on selvitetty my\u00f6s ostarin osin s\u00e4ilytt\u00e4v\u00e4\u00e4 ratkaisua, mutta tiedotteen mukaan rakenteista on teknisesti mahdollista s\u00e4ilytt\u00e4\u00e4 vain pieni osuus.<\/p>\n<p class=\"article-body mb-nof-24 px-nof-16\">\u201dKorjatut liiketilat olisivat edelleen vanhanaikaisia ja vaikeasti vuokrattavia eiv\u00e4tk\u00e4 ne vastaisi nykyp\u00e4iv\u00e4n vaatimuksia\u201d, tiedote kuvailee.<\/p>\n<p class=\"article-body mb-nof-24 px-nof-16\">Kulosaaren ostoskeskuksen kohtalosta on keskusteltu vuosia. Poliitikot k\u00e4sittelev\u00e4t asiaa todenn\u00e4k\u00f6isesti kev\u00e4\u00e4ll\u00e4 2026.<\/p>\n","protected":false},"excerpt":{"rendered":"Purkaminen|Kulosaaren ostoskeskuksen tilalle halutaan uusia kerrostaloja. Kerrostalojen v\u00e4liin j\u00e4isi \u201dkohtaamispaikka\u201d asukkaille. Lue tiivistelm\u00e4 Kulosaaren ostoskeskus Helsingiss\u00e4 halutaan purkaa&hellip;\n","protected":false},"author":2,"featured_media":141226,"comment_status":"","ping_status":"","sticky":false,"template":"","format":"standard","meta":{"footnotes":""},"categories":[12],"tags":[22,23,26,27,33,31,30,17,46,24,25,28,29,15,18,21,32,19,20,16],"class_list":{"0":"post-141225","1":"post","2":"type-post","3":"status-publish","4":"format-standard","5":"has-post-thumbnail","7":"category-suomi","8":"tag-breaking-news","9":"tag-breakingnews","10":"tag-featured-news","11":"tag-featurednews","12":"tag-fi","13":"tag-finland","14":"tag-finnish","15":"tag-headlines","16":"tag-helsingin-sanomat","17":"tag-latest-news","18":"tag-latestnews","19":"tag-main-news","20":"tag-mainnews","21":"tag-news","22":"tag-otsikot","23":"tag-paauutiset","24":"tag-suomi","25":"tag-top-stories","26":"tag-topstories","27":"tag-uutiset"},"share_on_mastodon":{"url":"https:\/\/pubeurope.com\/@fi\/115888387789015230","error":""},"_links":{"self":[{"href":"https:\/\/www.europesays.com\/fi\/wp-json\/wp\/v2\/posts\/141225","targetHints":{"allow":["GET"]}}],"collection":[{"href":"https:\/\/www.europesays.com\/fi\/wp-json\/wp\/v2\/posts"}],"about":[{"href":"https:\/\/www.europesays.com\/fi\/wp-json\/wp\/v2\/types\/post"}],"author":[{"embeddable":true,"href":"https:\/\/www.europesays.com\/fi\/wp-json\/wp\/v2\/users\/2"}],"replies":[{"embeddable":true,"href":"https:\/\/www.europesays.com\/fi\/wp-json\/wp\/v2\/comments?post=141225"}],"version-history":[{"count":0,"href":"https:\/\/www.europesays.com\/fi\/wp-json\/wp\/v2\/posts\/141225\/revisions"}],"wp:featuredmedia":[{"embeddable":true,"href":"https:\/\/www.europesays.com\/fi\/wp-json\/wp\/v2\/media\/141226"}],"wp:attachment":[{"href":"https:\/\/www.europesays.com\/fi\/wp-json\/wp\/v2\/media?parent=141225"}],"wp:term":[{"taxonomy":"category","embeddable":true,"href":"https:\/\/www.europesays.com\/fi\/wp-json\/wp\/v2\/categories?post=141225"},{"taxonomy":"post_tag","embeddable":true,"href":"https:\/\/www.europesays.com\/fi\/wp-json\/wp\/v2\/tags?post=141225"}],"curies":[{"name":"wp","href":"https:\/\/api.w.org\/{rel}","templated":true}]}}