{"id":141227,"date":"2026-01-13T15:00:08","date_gmt":"2026-01-13T15:00:08","guid":{"rendered":"https:\/\/www.europesays.com\/fi\/141227\/"},"modified":"2026-01-13T15:00:08","modified_gmt":"2026-01-13T15:00:08","slug":"pirkanmaalaiselta-kirpputorilta-loytyi-muistitikku-taynna-koronatietoja-hyvinvointialue-tekee-rikosilmoituksen-kotimaa","status":"publish","type":"post","link":"https:\/\/www.europesays.com\/fi\/141227\/","title":{"rendered":"Pirkanmaalaiselta kirpputorilta l\u00f6ytyi muistitikku t\u00e4ynn\u00e4 koronatietoja \u2013 hyvinvointialue tekee rikos\u00adilmoituksen | Kotimaa"},"content":{"rendered":"<p class=\"aw-1gybjub aw-5vja16 kEtdKx kmuxyA yle__article__paragraph\">Potilas- ja henkil\u00f6tietoja on saattanut joutua sivullisten n\u00e4ht\u00e4ville Akaassa ja Urjalassa. <\/p>\n<p><img decoding=\"async\" alt=\"Muistitikkuja.\" src=\"https:\/\/www.europesays.com\/fi\/wp-content\/uploads\/2026\/01\/17-58086577a6c4756ba8.jpeg\" class=\"aw-1l9m598 hKVVvP\"\/><\/p>\n<p>Avaa kuvien katselu<\/p>\n<p>Muistitikun l\u00f6yt\u00e4nyt henkil\u00f6 toimitti tikun joulukuussa Pirkanmaan hyvinvointialueelle. Kuvituskuva. Kuva: Petteri Sopanen \/ Yle<\/p>\n<p>15:34\u2022P\u00e4ivitetty 16:36<\/p>\n<p class=\"aw-1gybjub aw-1p7kakr kEtdKx cEmitX yle__article__paragraph\">Pirkanmaalaiselta kirpputorilta on l\u00f6ytynyt myynniss\u00e4 ollut muistitikku, joka sis\u00e4lsi 253 Akaassa ja Urjalassa tehty\u00e4 eristys- ja karanteenip\u00e4\u00e4t\u00f6st\u00e4.<\/p>\n<p class=\"aw-1gybjub aw-1p7kakr kEtdKx cEmitX yle__article__paragraph\">P\u00e4\u00e4t\u00f6kset oli tehty vuosina 2020\u20132021.<\/p>\n<p class=\"aw-1gybjub aw-1p7kakr kEtdKx cEmitX yle__article__paragraph\">Pirkanmaan hyvinvointialue kertoo asiasta tiedotteessaan.<\/p>\n<p class=\"aw-1gybjub aw-1p7kakr kEtdKx cEmitX yle__article__paragraph\">Hoitaja oli l\u00f6yt\u00e4nyt tikun kirpputorilla olleesta tietokonelaukusta. H\u00e4n toimitti tikun Pirkanmaan hyvinvointialueelle joulukuussa.<\/p>\n<p class=\"aw-1gybjub aw-1p7kakr kEtdKx cEmitX yle__article__paragraph\">Tiedossa ei ole, kuka muistitikkua on k\u00e4sitellyt ja miten se on kirpputorille p\u00e4\u00e4tynyt.<\/p>\n<p class=\"aw-1gybjub aw-1p7kakr kEtdKx cEmitX yle__article__paragraph\">Kyseess\u00e4 on todenn\u00e4k\u00f6isesti Akaan kaupungin henkil\u00f6kuntaan kuuluvan ihmisen muistitikku, Pirkanmaan hyvinvointialueen vastaava johtajaylil\u00e4\u00e4k\u00e4ri <strong class=\"aw-ak79eh KyCXm yle__article__strong\">Sirpa Rainesalo<\/strong> arvioi Ylelle.<\/p>\n<p class=\"aw-1gybjub aw-1p7kakr kEtdKx cEmitX yle__article__paragraph\">\u2013 Oletettavasti kyseess\u00e4 on henkil\u00f6, joka on ollut oikeutettu n\u00e4it\u00e4 tietoja k\u00e4sittelem\u00e4\u00e4n. Potilastietojen tallentaminen muistitikulle ei varmastikaan ole Akaan kaupungin ohjeistusten mukaista.<\/p>\n<p class=\"aw-1gybjub aw-1p7kakr kEtdKx cEmitX yle__article__paragraph\">Rainesalon mukaan potilastietoja ei saisi tallentaa mihink\u00e4\u00e4n muualle kuin potilastietoj\u00e4rjestelmiin, jotka ovat tietoturvallisia.<\/p>\n<p>Tieto asiasta tuli toiselta hyvinvointialueelta<\/p>\n<p class=\"aw-1gybjub aw-1p7kakr kEtdKx cEmitX yle__article__paragraph\">Tietoturvaloukkaus voi johtaa esimerkiksi identiteettivarkauteen. Hyvinvointialue on yhteydess\u00e4 tietoturvaloukkauksen kohteena oleviin asiakkaisiin henkil\u00f6kohtaisesti.<\/p>\n<p class=\"aw-1gybjub aw-1p7kakr kEtdKx cEmitX yle__article__paragraph\">Asiasta tehd\u00e4\u00e4n my\u00f6s rikosilmoitus, joka on viel\u00e4 valmisteilla. Rainesalo kertoo, ett\u00e4 joitakin asioita on viel\u00e4 t\u00e4smennett\u00e4v\u00e4, ennen kuin rikosilmoitus voidaan tehd\u00e4.<\/p>\n<p class=\"aw-1gybjub aw-1p7kakr kEtdKx cEmitX yle__article__paragraph\">Hyvinvointialue aikoo selvitt\u00e4\u00e4 tapahtumaketjua niin pitk\u00e4lle, kuin mahdollista. Monen vuoden viive vaikeuttaa asian selvitt\u00e4mist\u00e4, Rainesalo sanoo.<\/p>\n<p class=\"aw-1gybjub aw-1p7kakr kEtdKx cEmitX yle__article__paragraph\">\u2013 Kirpputori ei ollut meid\u00e4n hyvinvointialueemme alueella. Meille t\u00e4m\u00e4 tieto tuli Kanta-H\u00e4meen hyvinvointialueelta.<\/p>\n<p class=\"aw-1gybjub aw-1p7kakr kEtdKx cEmitX yle__article__paragraph\">Muokattu klo 16.36: Uutista p\u00e4ivitetty Sirpa Rainesalon kommenteilla.<\/p>\n","protected":false},"excerpt":{"rendered":"Potilas- ja henkil\u00f6tietoja on saattanut joutua sivullisten n\u00e4ht\u00e4ville Akaassa ja Urjalassa. Avaa kuvien katselu Muistitikun l\u00f6yt\u00e4nyt henkil\u00f6 toimitti&hellip;\n","protected":false},"author":2,"featured_media":141228,"comment_status":"","ping_status":"","sticky":false,"template":"","format":"standard","meta":{"footnotes":""},"categories":[5],"tags":[14786,22,23,26,27,33,31,30,17,1909,2218,71,24,25,28,29,15,18,21,553,32,2504,19,20,14535,16],"class_list":{"0":"post-141227","1":"post","2":"type-post","3":"status-publish","4":"format-standard","5":"has-post-thumbnail","7":"category-otsikot","8":"tag-akaa","9":"tag-breaking-news","10":"tag-breakingnews","11":"tag-featured-news","12":"tag-featurednews","13":"tag-fi","14":"tag-finland","15":"tag-finnish","16":"tag-headlines","17":"tag-henkilotiedot","18":"tag-hyvinvointialueet","19":"tag-kotimaa","20":"tag-latest-news","21":"tag-latestnews","22":"tag-main-news","23":"tag-mainnews","24":"tag-news","25":"tag-otsikot","26":"tag-paauutiset","27":"tag-pirkanmaa","28":"tag-suomi","29":"tag-tietosuoja","30":"tag-top-stories","31":"tag-topstories","32":"tag-urjala","33":"tag-uutiset"},"share_on_mastodon":{"url":"https:\/\/pubeurope.com\/@fi\/115888391684644320","error":""},"_links":{"self":[{"href":"https:\/\/www.europesays.com\/fi\/wp-json\/wp\/v2\/posts\/141227","targetHints":{"allow":["GET"]}}],"collection":[{"href":"https:\/\/www.europesays.com\/fi\/wp-json\/wp\/v2\/posts"}],"about":[{"href":"https:\/\/www.europesays.com\/fi\/wp-json\/wp\/v2\/types\/post"}],"author":[{"embeddable":true,"href":"https:\/\/www.europesays.com\/fi\/wp-json\/wp\/v2\/users\/2"}],"replies":[{"embeddable":true,"href":"https:\/\/www.europesays.com\/fi\/wp-json\/wp\/v2\/comments?post=141227"}],"version-history":[{"count":0,"href":"https:\/\/www.europesays.com\/fi\/wp-json\/wp\/v2\/posts\/141227\/revisions"}],"wp:featuredmedia":[{"embeddable":true,"href":"https:\/\/www.europesays.com\/fi\/wp-json\/wp\/v2\/media\/141228"}],"wp:attachment":[{"href":"https:\/\/www.europesays.com\/fi\/wp-json\/wp\/v2\/media?parent=141227"}],"wp:term":[{"taxonomy":"category","embeddable":true,"href":"https:\/\/www.europesays.com\/fi\/wp-json\/wp\/v2\/categories?post=141227"},{"taxonomy":"post_tag","embeddable":true,"href":"https:\/\/www.europesays.com\/fi\/wp-json\/wp\/v2\/tags?post=141227"}],"curies":[{"name":"wp","href":"https:\/\/api.w.org\/{rel}","templated":true}]}}