{"id":141233,"date":"2026-01-13T15:12:08","date_gmt":"2026-01-13T15:12:08","guid":{"rendered":"https:\/\/www.europesays.com\/fi\/141233\/"},"modified":"2026-01-13T15:12:08","modified_gmt":"2026-01-13T15:12:08","slug":"osmo-ikoselta-perheuutinen","status":"publish","type":"post","link":"https:\/\/www.europesays.com\/fi\/141233\/","title":{"rendered":"Osmo Ikoselta perheuutinen"},"content":{"rendered":"<p>Muusikko Osmo Ikonen on saanut perheenlis\u00e4yst\u00e4 Reetta-puolison kanssa.<\/p>\n<p><img decoding=\"async\" class=\"image image-show image-preview\" src=\"https:\/\/www.europesays.com\/fi\/wp-content\/uploads\/2026\/01\/697ecef4d8beaaf48d7f2d0b98f6f0daf9c4465a438a197b570afbe19189be71.jpg\" alt=\"\"\/><img decoding=\"async\" class=\"image image-show\" src=\"https:\/\/www.europesays.com\/fi\/wp-content\/uploads\/2026\/01\/1768317128_954_697ecef4d8beaaf48d7f2d0b98f6f0daf9c4465a438a197b570afbe19189be71.jpg\" alt=\"\"\/><\/p>\n<p>Osmo Ikonen on saanut perheenlis\u00e4yst\u00e4. Inka Soveri<\/p>\n<p class=\"paragraph\">Muusikko <a href=\"https:\/\/www.iltalehti.fi\/henkilot\/Osmo Ikonen\" class=\"article-link-person-page\" rel=\"nofollow noopener\" target=\"_blank\">Osmo Ikonen<\/a> ja h\u00e4nen puolisonsa <a href=\"https:\/\/www.iltalehti.fi\/henkilot\/Reetta Korhonen\" class=\"article-link-person-page\" rel=\"nofollow noopener\" target=\"_blank\">Reetta Korhonen<\/a> ovat saaneet perheenlis\u00e4yst\u00e4. Lapsi on pariskunnan esikoinen.<\/p>\n<p class=\"paragraph\">Pariskunta kertoo asiasta Instagram-julkaisussaan. Ikosen ja Korhosen jakamassa kuvassa tuoreet vanhemmat pitelev\u00e4t vastasyntyneen lapsen k\u00e4tt\u00e4.<\/p>\n<p class=\"paragraph\">\u2013 Hi boy, julkaisussa kirjoitetaan.<\/p>\n<p class=\"paragraph\">Ikonen ja Korhonen kiitt\u00e4v\u00e4t julkaisussaan my\u00f6s Hyvink\u00e4\u00e4n synnytysosastoa ammattitaidosta ja empatiasta.<\/p>\n<p class=\"paragraph\">Ikonen ja Korhonen ovat saaneet julkaisuun paljon onnitteluja. Tuoreita vanhempia onnittelevat muun muassa muusikot <a href=\"https:\/\/www.iltalehti.fi\/henkilot\/Samu Haber\" class=\"article-link-person-page\" rel=\"nofollow noopener\" target=\"_blank\">Samu Haber<\/a>, <a href=\"https:\/\/www.iltalehti.fi\/henkilot\/Paula Vesala\" class=\"article-link-person-page\" rel=\"nofollow noopener\" target=\"_blank\">Paula Vesala<\/a>, <a href=\"https:\/\/www.iltalehti.fi\/henkilot\/Anna Puu\" class=\"article-link-person-page\" rel=\"nofollow noopener\" target=\"_blank\">Anna Puu<\/a>, <a href=\"https:\/\/www.iltalehti.fi\/henkilot\/Irina\" class=\"article-link-person-page\" rel=\"nofollow noopener\" target=\"_blank\">Irina<\/a> ja <a href=\"https:\/\/www.iltalehti.fi\/henkilot\/Linda Lampenius\" class=\"article-link-person-page\" rel=\"nofollow noopener\" target=\"_blank\">Linda Lampenius<\/a> sek\u00e4 hyvinvointivalmentaja <a href=\"https:\/\/www.iltalehti.fi\/henkilot\/Martina Aitolehti\" class=\"article-link-person-page\" rel=\"nofollow noopener\" target=\"_blank\">Martina Aitolehti<\/a>.<\/p>\n<p class=\"paragraph\">Ikonen ja Korhonen ovat seurustelleet l\u00e4hes 14 vuoden ajan. He puhuivat parisuhteestaan <a href=\"https:\/\/www.iltalehti.fi\/viihdeuutiset\/30159a15-21a7-431e-a702-d9d19de3186f\" rel=\"nofollow noopener\" target=\"_blank\">Iltalehdelle<\/a> kes\u00e4ll\u00e4 2024. Sek\u00e4 Ikonen ett\u00e4 Korhonen olivat yht\u00e4 mielt\u00e4 siit\u00e4, ett\u00e4 samalla alalla ty\u00f6skentely helpottaa toisen ty\u00f6rytmin ymm\u00e4rt\u00e4mist\u00e4.<\/p>\n<p class=\"paragraph\">\u2013  Ei ole tarvinnut selitt\u00e4\u00e4 erikseen, ett\u00e4 t\u00e4\u00e4 nyt on t\u00e4llaista, Ikonen sanoi.<\/p>\n<p class=\"paragraph\">\u2013 Ett\u00e4 \u201dmun nyt on pakko menn\u00e4\u201d, Korhonen t\u00e4hdensi.<\/p>\n<p class=\"paragraph\">Ikonen ja Korhonen eiv\u00e4t kuitenkaan koe, ett\u00e4 \u201dvain taiteilija voisi ymm\u00e4rt\u00e4\u00e4 taiteilijaa\u201d.<\/p>\n<p class=\"paragraph\">\u2013 Enemm\u00e4n se on se el\u00e4m\u00e4ntyyli. Onhan se tosi vaikeaa, jos toinen on jumissa yhdeks\u00e4st\u00e4 viiteen maanantaista perjantaihin ja puoliso on kotona. Sitten kun viikonloppuna olisi aikaa, puoliso l\u00e4htee keikoille. Kyll\u00e4h\u00e4n se vaikeuttaa yhteiseloa, Korhonen sanoi.<\/p>\n<p>Osmo Ikonen ja Reetta Korhonen ovat seurustelleet l\u00e4hes 14 vuotta. Inka Soveri<\/p>\n<p class=\"paragraph\">Ikonen aloitti soolouransa englanniksi ja on sittemmin siirtynyt suomenkieliseen tuotantoon. H\u00e4n on my\u00f6s soittanut Sunrise Avenue -yhtyeess\u00e4 koskettimia. Lis\u00e4ksi Ikonen on kirjoittanut musiikkia useille kotimaisille artisteille ja soittanut monissa tv-ohjelmissa.<\/p>\n<p class=\"paragraph\">Korhonen on esimerkiksi osallistunut The Voice of Finland -ohjelmaan ja toiminut <a href=\"https:\/\/www.iltalehti.fi\/henkilot\/Krista Siegfrids\" class=\"article-link-person-page\" rel=\"nofollow noopener\" target=\"_blank\">Krista Siegfridsin<\/a> taustalaulajana Euroviisuissa. Nykyisin h\u00e4n ty\u00f6skentelee n\u00e4yttelij\u00e4n\u00e4 erityisesti musikaaleissa.<\/p>\n","protected":false},"excerpt":{"rendered":"Muusikko Osmo Ikonen on saanut perheenlis\u00e4yst\u00e4 Reetta-puolison kanssa. Osmo Ikonen on saanut perheenlis\u00e4yst\u00e4. Inka Soveri Muusikko Osmo Ikonen&hellip;\n","protected":false},"author":2,"featured_media":141234,"comment_status":"","ping_status":"","sticky":false,"template":"","format":"standard","meta":{"footnotes":""},"categories":[136],"tags":[35,138,407,137,33,31,30,408,99,525,47,141,32,109],"class_list":{"0":"post-141233","1":"post","2":"type-post","3":"status-publish","4":"format-standard","5":"has-post-thumbnail","7":"category-julkkikset","8":"tag-24h","9":"tag-audio","10":"tag-celebrities","11":"tag-entertainment","12":"tag-fi","13":"tag-finland","14":"tag-finnish","15":"tag-julkkikset","16":"tag-lapset","17":"tag-laulaminen-ja-laulajat","18":"tag-musiikki","19":"tag-muusikot-bandit","20":"tag-suomi","21":"tag-viihde"},"share_on_mastodon":{"url":"https:\/\/pubeurope.com\/@fi\/115888438990111356","error":""},"_links":{"self":[{"href":"https:\/\/www.europesays.com\/fi\/wp-json\/wp\/v2\/posts\/141233","targetHints":{"allow":["GET"]}}],"collection":[{"href":"https:\/\/www.europesays.com\/fi\/wp-json\/wp\/v2\/posts"}],"about":[{"href":"https:\/\/www.europesays.com\/fi\/wp-json\/wp\/v2\/types\/post"}],"author":[{"embeddable":true,"href":"https:\/\/www.europesays.com\/fi\/wp-json\/wp\/v2\/users\/2"}],"replies":[{"embeddable":true,"href":"https:\/\/www.europesays.com\/fi\/wp-json\/wp\/v2\/comments?post=141233"}],"version-history":[{"count":0,"href":"https:\/\/www.europesays.com\/fi\/wp-json\/wp\/v2\/posts\/141233\/revisions"}],"wp:featuredmedia":[{"embeddable":true,"href":"https:\/\/www.europesays.com\/fi\/wp-json\/wp\/v2\/media\/141234"}],"wp:attachment":[{"href":"https:\/\/www.europesays.com\/fi\/wp-json\/wp\/v2\/media?parent=141233"}],"wp:term":[{"taxonomy":"category","embeddable":true,"href":"https:\/\/www.europesays.com\/fi\/wp-json\/wp\/v2\/categories?post=141233"},{"taxonomy":"post_tag","embeddable":true,"href":"https:\/\/www.europesays.com\/fi\/wp-json\/wp\/v2\/tags?post=141233"}],"curies":[{"name":"wp","href":"https:\/\/api.w.org\/{rel}","templated":true}]}}