{"id":141235,"date":"2026-01-13T15:13:09","date_gmt":"2026-01-13T15:13:09","guid":{"rendered":"https:\/\/www.europesays.com\/fi\/141235\/"},"modified":"2026-01-13T15:13:09","modified_gmt":"2026-01-13T15:13:09","slug":"sisailman-piti-olla-pilalla-ja-siksi-helsinki-myi-taidemuseon-kymppitonnilla-uusi-omistaja-ei-loyda-ongelmia-uusimaa","status":"publish","type":"post","link":"https:\/\/www.europesays.com\/fi\/141235\/","title":{"rendered":"Sis\u00e4ilman piti olla pilalla, ja siksi Helsinki myi taidemuseon kymppitonnilla \u2013 uusi omistaja ei l\u00f6yd\u00e4 ongelmia | Uusimaa"},"content":{"rendered":"<ul class=\"aw-1jjocuh iJTSwP yle__article__list yle__article__list--ul\">\n<li class=\"aw-1j7gwms gNYKfi\">Helsingin Meilahdessa yli kymmenen vuotta suljettuna ollut museorakennus on avattu uudelleen Meilahden Taidehallina.<\/li>\n<li class=\"aw-1j7gwms gNYKfi\">Kaupunki sulki oman museonsa aikoinaan mikrobiongelmien vuoksi, mutta uuden omistajan mukaan syyn\u00e4 oli vain puutteellinen ilmanvaihto.<\/li>\n<li class=\"aw-1j7gwms gNYKfi\">Helsinki myi 1800-luvun Meilahden kartanon, sen viereisen tanssipaviljongin sek\u00e4 1970-luvun taidemuseorakennuksen yhteens\u00e4 30\u00a0000 eurolla.<\/li>\n<li class=\"aw-1j7gwms gNYKfi\">Uusi omistaja kaavailee Meilahden Taidehallin katolle muun muassa saunamaailmaa.<\/li>\n<\/ul>\n<p class=\"aw-1gybjub aw-1p7kakr kEtdKx cEmitX yle__article__paragraph\">Yli kymmenen vuotta tyhjill\u00e4\u00e4n ollut taidemuseo Helsingin Meilahdessa on j\u00e4lleen avannut ovensa.<\/p>\n<p class=\"aw-1gybjub aw-1p7kakr kEtdKx cEmitX yle__article__paragraph\">Asian tekee erikoiseksi se, ett\u00e4 Helsingin <a class=\"aw-iao6s4 iHOxEa yle__article__link\" href=\"https:\/\/yle.fi\/a\/3-7174014\" role=\"link\" rel=\"nofollow noopener\" target=\"_blank\">kaupunki sulki<\/a> rakennuksessa sijainneen oman taidemuseonsa siell\u00e4 ilmenneiden mikrobiongelmien vuoksi vuonna 2012.<\/p>\n<p class=\"aw-1gybjub aw-1p7kakr kEtdKx cEmitX yle__article__paragraph\">Vuonna 1976 valmistuneella rakennuksella oli my\u00f6s purkulupa. Uusien omistajien mukaan rakennuksesta ei kuitenkaan ole l\u00f6ytynyt hometta, kosteutta tai sis\u00e4ilmaongelmia.<\/p>\n<p class=\"aw-1gybjub aw-1p7kakr kEtdKx cEmitX yle__article__paragraph\">Tulos oli yll\u00e4tys, kertoo Meilahden Taidehallista vastaavan RC Eventin operatiivinen johtaja <strong class=\"aw-ak79eh KyCXm yle__article__strong\">Noona Sand\u00e9n<\/strong>.<\/p>\n<p class=\"aw-1gybjub aw-1p7kakr kEtdKx cEmitX yle__article__paragraph\">\u2013 Olemme teett\u00e4neet kaksi mittausta, eik\u00e4 mit\u00e4\u00e4n ole l\u00f6ytynyt. Poistoilmanvaihto on ollut alimitoitettu, eiv\u00e4tk\u00e4 ilmanvaihtokoneet ole olleet aiemmin toiminnassa.<\/p>\n<p class=\"aw-1gybjub aw-1p7kakr kEtdKx cEmitX yle__article__paragraph\">Yle ei ole n\u00e4hnyt mittaustuloksia.<\/p>\n<p><img decoding=\"async\" alt=\"Noona Sand\u00e9n operatiivinen johtaja, RC Event.\" src=\"https:\/\/www.europesays.com\/fi\/wp-content\/uploads\/2026\/01\/39-1573906694a52da89d29.jpeg\" loading=\"lazy\" class=\"aw-1l9m598 hKVVvP\"\/><\/p>\n<p>Avaa kuvien katselu<\/p>\n<p>Operatiivisen johtajan Noona Sand\u00e9nin mielest\u00e4 tapahtumat taiteen \u00e4\u00e4rell\u00e4 antavat mahdollisuuden pys\u00e4hty\u00e4 ja inspiroitua. Kuva: Antti Kolppo \/ Yle<\/p>\n<p class=\"aw-1gybjub aw-1p7kakr kEtdKx cEmitX yle__article__paragraph\">Helsingin kaupunki teetti vuonna 2023 kuntoarvion taidemuseona toimineesta rakennuksesta. Siin\u00e4 ei suoranaisesti puhuta homeesta, mutta raportti nostaa esiin lukuisia ep\u00e4kohtia.<\/p>\n<p class=\"aw-1gybjub aw-1p7kakr kEtdKx cEmitX yle__article__paragraph\">Kuntoarvion on laatinut konsultointiyritys Sitowise, ja se on kaupungin mukaan toimitettu kiinnostuneille ostajille. Kohteessa on tehty sis\u00e4ilma- ja kosteusteknisi\u00e4 kuntotutkimuksia my\u00f6s vuosina 2010 ja 2016.<\/p>\n<p class=\"aw-1gybjub aw-1p7kakr kEtdKx cEmitX yle__article__paragraph\">Tutkimusten perusteella muun muassa alapohjarakenteissa on todettu kohonneita kosteuspitoisuuksia sek\u00e4 sokkeli- ja ulkosein\u00e4rakenteissa kosteus- ja mikrobivaurioita, joilla voi olla sis\u00e4ilman laatua heikent\u00e4v\u00e4 vaikutus.<\/p>\n<p class=\"aw-1gybjub aw-1p7kakr kEtdKx cEmitX yle__article__paragraph\">Sitowisen raportissa todetaan, ett\u00e4 kohdetutkimuksen aikaan ilmanvaihtokoneet eiv\u00e4t olleet toiminnassa. Tulo- ja poistoilmakoneita oli osin purettu, ja ty\u00f6t olivat n\u00e4ytt\u00e4neet j\u00e4\u00e4neen kesken jo tovi sitten.<\/p>\n<p class=\"aw-1gybjub aw-1p7kakr kEtdKx cEmitX yle__article__paragraph\">Ilmanvaihtokoneet olivat per\u00e4isin saneerauksesta vuodelta 1996.<\/p>\n<p class=\"aw-1gybjub aw-1p7kakr kEtdKx cEmitX yle__article__paragraph\">Sand\u00e9nin mukaan ilmanvaihto on nyt uusittu t\u00e4ysin sek\u00e4 tulo- ja poistoilmakoneet rakennettu uudelleen.<\/p>\n<p class=\"aw-1gybjub aw-1p7kakr kEtdKx cEmitX yle__article__paragraph\">\u2013 Onhan se h\u00e4mm\u00e4stytt\u00e4v\u00e4\u00e4, ett\u00e4 Helsingin kaupunki ei ole itse halunnut investoida siihen, ett\u00e4 n\u00e4in upea kiinteist\u00f6 olisi saatu pidetty\u00e4 auki.<\/p>\n<p><img decoding=\"async\" alt=\"Meilahden taidehalli ulkoa.\" src=\"https:\/\/www.europesays.com\/fi\/wp-content\/uploads\/2026\/01\/39-1573904694a52d93f820.jpeg\" class=\"aw-1l9m598 hKVVvP\"\/>Rakennukset myytiin 10\u00a0000 euron kappalehintaan<\/p>\n<p class=\"aw-1gybjub aw-1p7kakr kEtdKx cEmitX yle__article__paragraph\">Helsingin kaupunki halusi lopulta eroon tyhjill\u00e4\u00e4n seisseest\u00e4 taidemuseorakennuksesta sek\u00e4 samassa pihapiiriss\u00e4 olevasta 1800-luvun Meilahden kartanosta ja tanssipaviljongista.<\/p>\n<p class=\"aw-1gybjub aw-1p7kakr kEtdKx cEmitX yle__article__paragraph\">Helmikuussa 2023 p\u00e4\u00e4ttyneeseen avoimeen konsepti- ja hintakilpailuun osallistui kolme ehdotusta.<\/p>\n<p class=\"aw-1gybjub aw-1p7kakr kEtdKx cEmitX yle__article__paragraph\">Kaupat syntyiv\u00e4t Maailman kaunein sauna -nimisen yrityksen kanssa.<\/p>\n<p>Maailman kaunein sauna oy<\/p>\n<p class=\"aw-1gybjub aw-1p7kakr kEtdKx cEmitX yle__article__paragraph\">Yrityksen takana on joukko yksityisi\u00e4 omistajia.<\/p>\n<p class=\"aw-1gybjub aw-1p7kakr kEtdKx cEmitX yle__article__paragraph\">Hallitus koostuu Red Carpet -ryhmittym\u00e4n avainhenkil\u00f6ist\u00e4.<\/p>\n<p class=\"aw-1gybjub aw-1p7kakr kEtdKx cEmitX yle__article__paragraph\">Red Carpet -ryhmittym\u00e4 on joukko saman br\u00e4ndin omaavia erillisi\u00e4 yrityksi\u00e4.<\/p>\n<p class=\"aw-1gybjub aw-1p7kakr kEtdKx cEmitX yle__article__paragraph\">Maailman kaunein sauna oy:n hallituksen puheenjohtaja on <strong class=\"aw-ak79eh KyCXm yle__article__strong\">Tomi Karmaluoto<\/strong>. H\u00e4n on my\u00f6s Red Carpet -ryhmittym\u00e4n liiketoimintajohtaja ja strategi.<\/p>\n<p class=\"aw-1gybjub aw-1p7kakr kEtdKx cEmitX yle__article__paragraph\">Hallituksessa mukana on my\u00f6s n\u00e4yttelij\u00e4 <strong class=\"aw-ak79eh KyCXm yle__article__strong\">Antti Luusuaniemi<\/strong>, joka on toimitusjohtaja ryhmittym\u00e4n Film&amp;TV-yrityksess\u00e4.<\/p>\n<p class=\"aw-1gybjub aw-1p7kakr kEtdKx cEmitX yle__article__paragraph\">Red Carpet -ryhmittym\u00e4\u00e4n kuuluva kulttuuri- ja tapahtuma-alan yritys RCFF Elokuvafestivaali hakeutui konkurssiin kev\u00e4\u00e4ll\u00e4 2025. Yritys on j\u00e4rjest\u00e4nyt Hyvink\u00e4\u00e4ll\u00e4 elokuva- ja kulttuuritapahtumaa vuodesta 2017 alkaen.<\/p>\n<p class=\"aw-1gybjub aw-1p7kakr kEtdKx cEmitX yle__article__paragraph\">Konkurssi ei Karmaluodon mukaan vaikuta ryhmittym\u00e4n muihin yrityksiin.<\/p>\n<p class=\"aw-1gybjub aw-1p7kakr kEtdKx cEmitX yle__article__paragraph\">Helsinki myi kaikki kolme rakennusta 30\u00a0000 eurolla, 10\u00a0000 euron kappalehintaan.<\/p>\n<p class=\"aw-1gybjub aw-1p7kakr kEtdKx cEmitX yle__article__paragraph\">Maanvuokraa ostaja tarjoutui maksamaan 62\u00a0500 euroa vuodessa.<\/p>\n<p class=\"aw-1gybjub aw-1p7kakr kEtdKx cEmitX yle__article__paragraph\">\u2013 Kun kokonaisuutta miettii, diili oli hyv\u00e4, sanoo Maailman kaunein sauna -yrityksen hallituksen puheenjohtaja <strong class=\"aw-ak79eh KyCXm yle__article__strong\">Tomi Karmaluoto<\/strong>.<\/p>\n<p class=\"aw-1gybjub aw-1p7kakr kEtdKx cEmitX yle__article__paragraph\">Samaan hengenvetoon h\u00e4n korostaa, ett\u00e4 rakennusten korjausvelka on huomattava ja alueen kehitt\u00e4miseen kuluu rahaa.<\/p>\n<p><img decoding=\"async\" alt=\"Meilahden kartano.\" src=\"https:\/\/www.europesays.com\/fi\/wp-content\/uploads\/2026\/01\/39-1573919694a52e158753.jpeg\" loading=\"lazy\" class=\"aw-1l9m598 hKVVvP\"\/><\/p>\n<p>Avaa kuvien katselu<\/p>\n<p>Keltainen tanssipaviljonki on kuvassa vasemmalla ja Meilahden kartano on pienempi rakennus oikealla. Kuva: Antti Kolppo \/ Yle<\/p>\n<p class=\"aw-1gybjub aw-1p7kakr kEtdKx cEmitX yle__article__paragraph\">Sitowisen raportin mukaan taidemuseon kunto oli vuonna 2023 v\u00e4ltt\u00e4v\u00e4 ja rakennukseen on kohdistumassa laajoja korjaustoimenpiteit\u00e4.<\/p>\n<p class=\"aw-1gybjub aw-1p7kakr kEtdKx cEmitX yle__article__paragraph\">Toisaalta kiinteist\u00f6n perusrakenteissa ei Sitowisen tarkastelussa havaittu puutteita.<\/p>\n<p>Taidehallin katolle saunamaailma<\/p>\n<p class=\"aw-1gybjub aw-1p7kakr kEtdKx cEmitX yle__article__paragraph\">Ostajalla on alueelle suuret suunnitelmat.<\/p>\n<p class=\"aw-1gybjub aw-1p7kakr kEtdKx cEmitX yle__article__paragraph\">Kaupungin hyv\u00e4ksym\u00e4ss\u00e4 konseptisuunnitelmassa taidehallin katolle rakentuvat saunamaailma ja terassi.<\/p>\n<p><img decoding=\"async\" alt=\"Havainnekuva 1970-luvun valkotiilisest\u00e4, laatikkomaisesta museorakennuksesta, jonka tasakatolle on rakennettu puinen saunarakennus.\" src=\"https:\/\/www.europesays.com\/fi\/wp-content\/uploads\/2026\/01\/39-157505269523ef243cf0.jpeg\" loading=\"lazy\" class=\"aw-1l9m598 hKVVvP\"\/><\/p>\n<p>Avaa kuvien katselu<\/p>\n<p>Havainnekuva Meilahden Taidehallin katolle suunnitellusta saunamaailmasta. Kuva: Studio Puisto \/ Maailman kaunein sauna<\/p>\n<p class=\"aw-1gybjub aw-1p7kakr kEtdKx cEmitX yle__article__paragraph\">Kartanon p\u00e4\u00e4rakennus toimii sek\u00e4 kahvilaravintolana ett\u00e4 kokoustiloina.<\/p>\n<p class=\"aw-1gybjub aw-1p7kakr kEtdKx cEmitX yle__article__paragraph\">Kaksikerroksisesta tanssipaviljongista on suunniteltu boutique-hotellia.<\/p>\n<p class=\"aw-1gybjub aw-1p7kakr kEtdKx cEmitX yle__article__paragraph\">Puiston piha-alueelle on esitetty labyrintti\u00e4 istuskelualueeksi. Rantaan on kaavailtu laituria ja uimahuonetta.<\/p>\n<p class=\"aw-1gybjub aw-1p7kakr kEtdKx cEmitX yle__article__paragraph\">Toistaiseksi ovensa ovat avanneet taidehalli sek\u00e4 kartanorakennuksen kahvilaravintola. My\u00f6s tanssipaviljongin tiloja vuokrataan eri tilaisuuksiin.<\/p>\n<p class=\"aw-1gybjub aw-1p7kakr kEtdKx cEmitX yle__article__paragraph\">Karmaluodon mukaan toisen vaiheen suunnittelu on jo k\u00e4ynnistynyt. Toteutukseen se voisi edet\u00e4 aikaisintaan ensi syksyn\u00e4.<\/p>\n<p class=\"aw-1gybjub aw-1p7kakr kEtdKx cEmitX yle__article__paragraph\">\u2013 Mik\u00e4\u00e4n kiire meill\u00e4 ei varsinaisesti ole.<\/p>\n<p>Ostaja: T\u00e4rkeimm\u00e4t velvoitteet lunastettu<\/p>\n<p class=\"aw-1gybjub aw-1p7kakr kEtdKx cEmitX yle__article__paragraph\">Hallituksen puheenjohtaja Tomi Karmaluoto ei halua paljastaa, paljonko rakennusten kunnostukseen on kulunut t\u00e4h\u00e4n menness\u00e4 rahaa.<\/p>\n<p class=\"aw-1gybjub aw-1p7kakr kEtdKx cEmitX yle__article__paragraph\">Operatiivisesta toiminnasta vastaava johtaja Noona Sand\u00e9n sanoo, ett\u00e4 taidehallin ilmanvaihdon uusiminen ja rakennuksen k\u00e4ytt\u00f6kuntoon saaminen maksoi \u201duseita satoja tuhansia euroja\u201d.<\/p>\n<p class=\"aw-1gybjub aw-1p7kakr kEtdKx cEmitX yle__article__paragraph\">Sand\u00e9n kertoo my\u00f6s, ett\u00e4 kartano ja tanssipaviljonki on entis\u00f6ity. Ensi kes\u00e4lle on suunniteltu kaksikerroksisen tanssipaviljongin julkisivun saneerausta.<\/p>\n<p class=\"aw-1gybjub aw-1p7kakr kEtdKx cEmitX yle__article__paragraph\">\u2013 Tilanne ei suinkaan ole ollut toivoton. Rakennukset ovat siistit ja rakenteet ehj\u00e4t, joten pienell\u00e4 pintaremontilla ne on saatu uudelleen k\u00e4ytt\u00f6\u00f6n.<\/p>\n<p><img decoding=\"async\" alt=\"Meilahden kartanon sis\u00e4tiloissa toimii kahvila.\" src=\"https:\/\/www.europesays.com\/fi\/wp-content\/uploads\/2026\/01\/39-1573902694a52d817d57.jpeg\" class=\"aw-1l9m598 hKVVvP\"\/><\/p>\n<p>Avaa kuvien katselu<\/p>\n<p><img decoding=\"async\" alt=\"Meilahden kartanon tanssihallia vuokrataan eri tilaisuuksiin.\" src=\"https:\/\/www.europesays.com\/fi\/wp-content\/uploads\/2026\/01\/39-1573903694a52d8546b8.jpeg\" class=\"aw-1l9m598 hKVVvP\"\/><\/p>\n<p>Avaa kuvien katselu<\/p>\n<p><img decoding=\"async\" alt=\"Nanna Suden n\u00e4yttely Meilahden taidehallissa.\" src=\"https:\/\/www.europesays.com\/fi\/wp-content\/uploads\/2026\/01\/39-1573898694a52d5965b8.jpeg\" class=\"aw-1l9m598 hKVVvP\"\/><\/p>\n<p>Avaa kuvien katselu<\/p>\n<p><img decoding=\"async\" alt=\"Meilahden kartanon sis\u00e4tiloissa toimii kahvila.\" src=\"https:\/\/www.europesays.com\/fi\/wp-content\/uploads\/2026\/01\/39-1573900694a52d68d4e1.jpeg\" class=\"aw-1l9m598 hKVVvP\"\/><\/p>\n<p>Avaa kuvien katselu<\/p>\n<p><img decoding=\"async\" alt=\"Meilahden kartano ja taidehalli ulkoa.\" src=\"https:\/\/www.europesays.com\/fi\/wp-content\/uploads\/2026\/01\/39-1573920694a52e1d9635.jpeg\" class=\"aw-1l9m598 hKVVvP\"\/><\/p>\n<p>Avaa kuvien katselu<\/p>\n<p><img decoding=\"async\" alt=\"Meilahden kartano sek\u00e4 taidehalli ulkoa.\" src=\"https:\/\/www.europesays.com\/fi\/wp-content\/uploads\/2026\/01\/39-1573907694a52da8a84a.jpeg\" class=\"aw-1l9m598 hKVVvP\"\/><\/p>\n<p>Avaa kuvien katselu<\/p>\n<p class=\"aw-1gybjub aw-1p7kakr kEtdKx cEmitX yle__article__paragraph\">Kaupunki on asettanut hankkeen maanvuokrasopimuksen ehtoihin toteutusvelvoitteen.<\/p>\n<p class=\"aw-1gybjub aw-1p7kakr kEtdKx cEmitX yle__article__paragraph\">Koko hanke toteutuu jollain tavalla joka tapauksessa, Karmaluoto toteaa.<\/p>\n<p class=\"aw-1gybjub aw-1p7kakr kEtdKx cEmitX yle__article__paragraph\">\u2013 Pid\u00e4mme viel\u00e4 v\u00e4h\u00e4n suunnat avoinna. Juuri nyt on m\u00e4\u00e4rittelyty\u00f6 k\u00e4ynniss\u00e4, ja sen my\u00f6t\u00e4 riskit hankkeen toteuttamiseksi pienenev\u00e4t.<\/p>\n<p>Yleis\u00f6 on l\u00f6yt\u00e4nyt uuden taidehallin<\/p>\n<p class=\"aw-1gybjub aw-1p7kakr kEtdKx cEmitX yle__article__paragraph\">Noona Sand\u00e9n kertoo j\u00e4nnitt\u00e4neens\u00e4, l\u00f6yt\u00e4\u00e4k\u00f6 yleis\u00f6 Meilahden Taidehalliin.<\/p>\n<p class=\"aw-1gybjub aw-1p7kakr kEtdKx cEmitX yle__article__paragraph\">Lokakuun lopulla ovensa avanneessa taidehallissa on kuvataiteilija <strong class=\"aw-ak79eh KyCXm yle__article__strong\">Nanna Suden<\/strong> sek\u00e4 valokuvaaja <strong class=\"aw-ak79eh KyCXm yle__article__strong\">Pekka Ala-Pietil\u00e4n<\/strong> taiden\u00e4yttelyt.<\/p>\n<p class=\"aw-1gybjub aw-1p7kakr kEtdKx cEmitX yle__article__paragraph\">Jouluun menness\u00e4 n\u00e4yttelyiss\u00e4 oli k\u00e4ynyt yli 6\u00a0000 k\u00e4vij\u00e4\u00e4.<\/p>\n<p class=\"aw-1gybjub aw-1p7kakr kEtdKx cEmitX yle__article__paragraph\">\u2013 Se on mielest\u00e4ni hienosti, vaikka emme toistaiseksi kuulu museokortin piiriin.<\/p>\n<p class=\"aw-1gybjub aw-1p7kakr kEtdKx cEmitX yle__article__paragraph\">N\u00e4yttelyt ovat avoinna maaliskuun loppupuolelle asti. Seuraava n\u00e4yttely avautuu mahdollisesti kev\u00e4\u00e4ll\u00e4.<\/p>\n","protected":false},"excerpt":{"rendered":"Helsingin Meilahdessa yli kymmenen vuotta suljettuna ollut museorakennus on avattu uudelleen Meilahden Taidehallina. Kaupunki sulki oman museonsa aikoinaan&hellip;\n","protected":false},"author":2,"featured_media":141236,"comment_status":"","ping_status":"","sticky":false,"template":"","format":"standard","meta":{"footnotes":""},"categories":[135],"tags":[389,387,388,390,137,33,31,30,104,71,108,24331,3639,32,394,1365,393,391,392,1168,109],"class_list":{"0":"post-141235","1":"post","2":"type-post","3":"status-publish","4":"format-standard","5":"has-post-thumbnail","7":"category-taiteet-ja-suunnittelu","8":"tag-arts","9":"tag-arts-and-design","10":"tag-artsanddesign","11":"tag-design","12":"tag-entertainment","13":"tag-fi","14":"tag-finland","15":"tag-finnish","16":"tag-helsinki","17":"tag-kotimaa","18":"tag-kulttuuri","19":"tag-meilahti","20":"tag-rakennukset","21":"tag-suomi","22":"tag-suunnittelu","23":"tag-taidemuseot","24":"tag-taiteet","25":"tag-taiteet-ja-suunnittelu","26":"tag-taiteetsuunnittelu","27":"tag-uusimaa","28":"tag-viihde"},"share_on_mastodon":{"url":"https:\/\/pubeurope.com\/@fi\/115888442818150097","error":""},"_links":{"self":[{"href":"https:\/\/www.europesays.com\/fi\/wp-json\/wp\/v2\/posts\/141235","targetHints":{"allow":["GET"]}}],"collection":[{"href":"https:\/\/www.europesays.com\/fi\/wp-json\/wp\/v2\/posts"}],"about":[{"href":"https:\/\/www.europesays.com\/fi\/wp-json\/wp\/v2\/types\/post"}],"author":[{"embeddable":true,"href":"https:\/\/www.europesays.com\/fi\/wp-json\/wp\/v2\/users\/2"}],"replies":[{"embeddable":true,"href":"https:\/\/www.europesays.com\/fi\/wp-json\/wp\/v2\/comments?post=141235"}],"version-history":[{"count":0,"href":"https:\/\/www.europesays.com\/fi\/wp-json\/wp\/v2\/posts\/141235\/revisions"}],"wp:featuredmedia":[{"embeddable":true,"href":"https:\/\/www.europesays.com\/fi\/wp-json\/wp\/v2\/media\/141236"}],"wp:attachment":[{"href":"https:\/\/www.europesays.com\/fi\/wp-json\/wp\/v2\/media?parent=141235"}],"wp:term":[{"taxonomy":"category","embeddable":true,"href":"https:\/\/www.europesays.com\/fi\/wp-json\/wp\/v2\/categories?post=141235"},{"taxonomy":"post_tag","embeddable":true,"href":"https:\/\/www.europesays.com\/fi\/wp-json\/wp\/v2\/tags?post=141235"}],"curies":[{"name":"wp","href":"https:\/\/api.w.org\/{rel}","templated":true}]}}