{"id":141241,"date":"2026-01-13T15:20:07","date_gmt":"2026-01-13T15:20:07","guid":{"rendered":"https:\/\/www.europesays.com\/fi\/141241\/"},"modified":"2026-01-13T15:20:07","modified_gmt":"2026-01-13T15:20:07","slug":"sarja-arvio-viiden-emmyn-sairaalasarja-the-pitt-vakuuttaa-jalleen-keski-suomi","status":"publish","type":"post","link":"https:\/\/www.europesays.com\/fi\/141241\/","title":{"rendered":"Sarja-arvio | Viiden Emmyn sairaalasarja The Pitt vakuuttaa j\u00e4lleen | Keski-Suomi"},"content":{"rendered":"<p>HBO Maxin tiivistunnelmainen draama on yksi alkuvuoden tv-kohokohdista.<\/p>\n<p class=\"diks-storyline__lead-paragraph\">The Pitt<\/p>\n<p>Sairaalasarjat tuovat mieleen 2000-luvun alun, jolloin television parhaan katseluajan valtasivat Teho-osasto, House ja Greyn anatomia. N\u00e4ist\u00e4 viimeist\u00e4 tuotetaan edelleen, mutta trendin aallonharja on ollut jo vuodet laskusuunnassa.<\/p>\n<p>Sitten tuli The Pitt. Vuosi sitten ilmestyi sarjan ensimm\u00e4inen kausi, joka muistutti siit\u00e4, kuinka verevi\u00e4 tarinoita sairaalaymp\u00e4rist\u00f6ss\u00e4 voidaan kertoa. Tuotantokausi kuvasi yhden pitk\u00e4n p\u00e4ivystysvuoron tunti tunnilta. Lopputulos oli piinaavan j\u00e4nnitt\u00e4v\u00e4, koskettava, viihdytt\u00e4v\u00e4 ja hauskakin. Etenkin kauden 13. jakso on intensiivisell\u00e4 toteutuksellaan mieleenpainuvinta televisiota vuosiin.<\/p>\n","protected":false},"excerpt":{"rendered":"HBO Maxin tiivistunnelmainen draama on yksi alkuvuoden tv-kohokohdista. The Pitt Sairaalasarjat tuovat mieleen 2000-luvun alun, jolloin television parhaan&hellip;\n","protected":false},"author":2,"featured_media":141242,"comment_status":"","ping_status":"","sticky":false,"template":"","format":"standard","meta":{"footnotes":""},"categories":[130],"tags":[137,33,31,30,108,7082,24332,32,7939,140,2107,109],"class_list":{"0":"post-141241","1":"post","2":"type-post","3":"status-publish","4":"format-standard","5":"has-post-thumbnail","7":"category-viihde","8":"tag-entertainment","9":"tag-fi","10":"tag-finland","11":"tag-finnish","12":"tag-kulttuuri","13":"tag-kulttuuriala","14":"tag-sarja-arvio","15":"tag-suomi","16":"tag-televisiosarja","17":"tag-tv-ja-elokuvat","18":"tag-vapaa-aika","19":"tag-viihde"},"share_on_mastodon":{"url":"https:\/\/pubeurope.com\/@fi\/115888470298187114","error":""},"_links":{"self":[{"href":"https:\/\/www.europesays.com\/fi\/wp-json\/wp\/v2\/posts\/141241","targetHints":{"allow":["GET"]}}],"collection":[{"href":"https:\/\/www.europesays.com\/fi\/wp-json\/wp\/v2\/posts"}],"about":[{"href":"https:\/\/www.europesays.com\/fi\/wp-json\/wp\/v2\/types\/post"}],"author":[{"embeddable":true,"href":"https:\/\/www.europesays.com\/fi\/wp-json\/wp\/v2\/users\/2"}],"replies":[{"embeddable":true,"href":"https:\/\/www.europesays.com\/fi\/wp-json\/wp\/v2\/comments?post=141241"}],"version-history":[{"count":0,"href":"https:\/\/www.europesays.com\/fi\/wp-json\/wp\/v2\/posts\/141241\/revisions"}],"wp:featuredmedia":[{"embeddable":true,"href":"https:\/\/www.europesays.com\/fi\/wp-json\/wp\/v2\/media\/141242"}],"wp:attachment":[{"href":"https:\/\/www.europesays.com\/fi\/wp-json\/wp\/v2\/media?parent=141241"}],"wp:term":[{"taxonomy":"category","embeddable":true,"href":"https:\/\/www.europesays.com\/fi\/wp-json\/wp\/v2\/categories?post=141241"},{"taxonomy":"post_tag","embeddable":true,"href":"https:\/\/www.europesays.com\/fi\/wp-json\/wp\/v2\/tags?post=141241"}],"curies":[{"name":"wp","href":"https:\/\/api.w.org\/{rel}","templated":true}]}}