{"id":141243,"date":"2026-01-13T15:22:17","date_gmt":"2026-01-13T15:22:17","guid":{"rendered":"https:\/\/www.europesays.com\/fi\/141243\/"},"modified":"2026-01-13T15:22:17","modified_gmt":"2026-01-13T15:22:17","slug":"mita-tapahtuu-oneplussan-kulisseissa-odotetun-nord-6n-julkaisu-viivastyy-useat-huippumallit-peruutettu","status":"publish","type":"post","link":"https:\/\/www.europesays.com\/fi\/141243\/","title":{"rendered":"Mit\u00e4 tapahtuu OnePlussan kulisseissa? Odotetun Nord 6:n julkaisu viiv\u00e4styy, useat huippumallit peruutettu"},"content":{"rendered":"<p><img loading=\"lazy\" decoding=\"async\" aria-describedby=\"caption-attachment-101203\" class=\"size-large wp-image-101203\" src=\"https:\/\/www.europesays.com\/fi\/wp-content\/uploads\/2026\/01\/IMG_20191010_215830-1024x710.jpg\" alt=\"\" width=\"1024\" height=\"710\"\/><\/p>\n<p id=\"caption-attachment-101203\" class=\"wp-caption-text\">OnePlussan logo.<\/p>\n<p>OnePlussan tulevaisuuden mallisto n\u00e4ytt\u00e4\u00e4 t\u00e4ll\u00e4 hetkell\u00e4 poikkeuksellisen ep\u00e4varmalta. Tuoreiden vuotojen mukaan yhti\u00f6 on perunut sek\u00e4 OnePlus Open 2 -puhelimen ett\u00e4 Intian markkinoille suunnitellun OnePlus 15s -mallin, ja samalla my\u00f6s keskihintainen OnePlus Nord 6 saattaa viiv\u00e4sty\u00e4.<\/p>\n<p>Tieto perustuu tunnetun vuotajan Yogesh Brarin paljastuksiin, joiden mukaan OnePlussan tuotekehityssuunnitelmiin on tehty viime viikkoina merkitt\u00e4vi\u00e4 muutoksia. OnePlus Open julkaistiin maailmanlaajuisesti loppuvuodesta 2023, ja seuraajaa on odotettu jo pitk\u00e4\u00e4n. OnePlus kuitenkin vahvisti jo aiemmin, ettei se aio tuoda Open 2 -mallia markkinoille vuonna 2025, ja nyt n\u00e4ytt\u00e4\u00e4 silt\u00e4, ettei laite n\u00e4e p\u00e4iv\u00e4nvaloa my\u00f6sk\u00e4\u00e4n vuonna 2026.<\/p>\n<p>\n\t\t\tArtikkeli jatkuu mainoksen j\u00e4lkeen\n\t\t<\/p>\n<p>Syyn\u00e4 pidet\u00e4\u00e4n Oppon omaa Find N6 -taittuvan maailmanlaajuista julkaisua. OnePlus on perinteisesti tuonut globaaleille markkinoille Oppon laitteisiin pohjautuvia malleja, mutta mik\u00e4li Find N6 julkaistaan suoraan Euroopassa ja muilla avainalueilla, OnePlus Open 2 j\u00e4isi k\u00e4yt\u00e4nn\u00f6ss\u00e4 t\u00e4ysin p\u00e4\u00e4llekk\u00e4iseksi tuotteeksi.<\/p>\n<p>Yht\u00e4 karua kielt\u00e4 kuullaan OnePlus 15s -mallista, jonka Brar arvioi olevan jopa 90 prosentin todenn\u00e4k\u00f6isyydell\u00e4 peruttu. Viime vuonna OnePlus 13T julkaistiin Kiinassa huhtikuussa ja sen Intiaan suunnattu versio tunnettiin nimell\u00e4 OnePlus 13s. Nyt tulevan OnePlus 15T:n odotetaan saapuvan Kiinan markkinoille normaalisti, mutta Intia ja samalla koko kansainv\u00e4linen markkina saattaa j\u00e4\u00e4d\u00e4 ilman \u201ds\u201d-versiota.<\/p>\n<p>\n\t\t\tArtikkeli jatkuu mainoksen j\u00e4lkeen\n\t\t<\/p>\n<p>Teknisesti OnePlus 15T kuulostaa paperilla huippuluokan tehopakkaukselta. Laitteessa kerrotaan olevan Snapdragon 8 Elite Gen 5 -j\u00e4rjestelm\u00e4piiri, 7 000 milliampeeritunnin akku 100 watin pikalatauksella sek\u00e4 6,31-tuumainen OLED LTPO -n\u00e4ytt\u00f6 1,5K-tarkkuudella ja jopa 165 hertsin virkistystaajuudella.<\/p>\n<p>K\u00e4ytt\u00f6j\u00e4rjestelm\u00e4n\u00e4 toimisi Android 16 yhdess\u00e4 ColorOS 16 -k\u00e4ytt\u00f6liittym\u00e4n kanssa ja muistivaihtoehdot ylt\u00e4isiv\u00e4t 16 gigatavuun RAM-muistia ja 1 teratavuun UFS 4.1 -tallennustilaa. Kamerapuolella laite luopuisi ultralaajakulmasta ja tarjoaisi joko 50 megapikselin Sony IMX906 -p\u00e4\u00e4kameran tai per\u00e4ti 200 megapikselin Samsung HP5 -sensorin sek\u00e4 50 megapikselin telekameran.<\/p>\n<p>Kansainv\u00e4lisille markkinoille kaavailtuna teknisen\u00e4 pohjana toiminut OnePlus Turbo 6 n\u00e4ytt\u00e4\u00e4 sekin muuttuneen ep\u00e4varmaksi projektiksi. Turbo 6 -puhelimessa on Snapdragon 8s Gen 4 -piiri, 6,78-tuuman OLED LTPS -n\u00e4ytt\u00f6, 9 000 milliampeeritunnin akku sek\u00e4 80 watin pikalataus.<\/p>\n<p>\n\t\t\tArtikkeli jatkuu mainoksen j\u00e4lkeen\n\t\t<\/p>\n<p>Juuri n\u00e4ihin muutoksiin liittyen Brar varoittaa, ett\u00e4 my\u00f6s OnePlus Nord 6:n julkaisu saattaa viiv\u00e4sty\u00e4. Nord-sarja on ollut OnePlussalle t\u00e4rke\u00e4 etenkin Euroopassa, ja mahdollinen lykk\u00e4ys tarkoittaisi merkitt\u00e4v\u00e4\u00e4 aukkoa yhti\u00f6n keskihintaluokkaan. OnePlus Nord 6:n julkaisun piti vuotajan mukaan tapahtua helmikuussa, eli vain muutaman viikon p\u00e4\u00e4st\u00e4.<\/p>\n<p>Kaiken t\u00e4m\u00e4n perusteella OnePlussan l\u00e4hikuukaudet n\u00e4ytt\u00e4v\u00e4t poikkeuksellisen sumuisilta. Kun taittuvan\u00e4ytt\u00f6inen Open 2 ett\u00e4 OnePlus 15s ovat k\u00e4yt\u00e4nn\u00f6ss\u00e4 kuopattu, ja Nord 6:n kohtalo on viel\u00e4 auki, j\u00e4\u00e4 n\u00e4ht\u00e4v\u00e4ksi, mill\u00e4 laitteilla yhti\u00f6 aikoo pit\u00e4\u00e4 kuluttajat tyytyv\u00e4isin\u00e4 t\u00e4n\u00e4 vuonna.<\/p>\n<p>Taustalla saattaa olla muistien hintojen kasvu, Realme-br\u00e4ndin sulautuminen osaksi Oppoa tai jotain t\u00e4ysin muuta. OnePlus ei ole kommentoinut asiaa viel\u00e4 mill\u00e4\u00e4n tavalla.<\/p>\n<p><strong>L\u00e4hde<\/strong>: <a href=\"https:\/\/x.com\/heyitsyogesh\/with_replies\" target=\"_blank\" rel=\"noopener nofollow\">X (Yogesh Brar)<\/a><\/p>\n","protected":false},"excerpt":{"rendered":"OnePlussan logo. OnePlussan tulevaisuuden mallisto n\u00e4ytt\u00e4\u00e4 t\u00e4ll\u00e4 hetkell\u00e4 poikkeuksellisen ep\u00e4varmalta. Tuoreiden vuotojen mukaan yhti\u00f6 on perunut sek\u00e4 OnePlus&hellip;\n","protected":false},"author":2,"featured_media":141244,"comment_status":"","ping_status":"","sticky":false,"template":"","format":"standard","meta":{"footnotes":""},"categories":[84],"tags":[33,31,30,798,844,24333,24334,24335,32,91,92,800],"class_list":{"0":"post-141243","1":"post","2":"type-post","3":"status-publish","4":"format-standard","5":"has-post-thumbnail","7":"category-teknologia","8":"tag-fi","9":"tag-finland","10":"tag-finnish","11":"tag-huhu","12":"tag-oneplus","13":"tag-oneplus-15s","14":"tag-oneplus-nord-6","15":"tag-oneplus-open-2","16":"tag-suomi","17":"tag-technology","18":"tag-teknologia","19":"tag-vuoto"},"share_on_mastodon":{"url":"https:\/\/pubeurope.com\/@fi\/115888478249922938","error":""},"_links":{"self":[{"href":"https:\/\/www.europesays.com\/fi\/wp-json\/wp\/v2\/posts\/141243","targetHints":{"allow":["GET"]}}],"collection":[{"href":"https:\/\/www.europesays.com\/fi\/wp-json\/wp\/v2\/posts"}],"about":[{"href":"https:\/\/www.europesays.com\/fi\/wp-json\/wp\/v2\/types\/post"}],"author":[{"embeddable":true,"href":"https:\/\/www.europesays.com\/fi\/wp-json\/wp\/v2\/users\/2"}],"replies":[{"embeddable":true,"href":"https:\/\/www.europesays.com\/fi\/wp-json\/wp\/v2\/comments?post=141243"}],"version-history":[{"count":0,"href":"https:\/\/www.europesays.com\/fi\/wp-json\/wp\/v2\/posts\/141243\/revisions"}],"wp:featuredmedia":[{"embeddable":true,"href":"https:\/\/www.europesays.com\/fi\/wp-json\/wp\/v2\/media\/141244"}],"wp:attachment":[{"href":"https:\/\/www.europesays.com\/fi\/wp-json\/wp\/v2\/media?parent=141243"}],"wp:term":[{"taxonomy":"category","embeddable":true,"href":"https:\/\/www.europesays.com\/fi\/wp-json\/wp\/v2\/categories?post=141243"},{"taxonomy":"post_tag","embeddable":true,"href":"https:\/\/www.europesays.com\/fi\/wp-json\/wp\/v2\/tags?post=141243"}],"curies":[{"name":"wp","href":"https:\/\/api.w.org\/{rel}","templated":true}]}}