{"id":141247,"date":"2026-01-13T15:24:08","date_gmt":"2026-01-13T15:24:08","guid":{"rendered":"https:\/\/www.europesays.com\/fi\/141247\/"},"modified":"2026-01-13T15:24:08","modified_gmt":"2026-01-13T15:24:08","slug":"emeritusprofessori-todistamme-yhdysvaltain-luhistumista-uutisia-lyhyesti","status":"publish","type":"post","link":"https:\/\/www.europesays.com\/fi\/141247\/","title":{"rendered":"Emeritus\u00adprofessori: Todistamme Yhdysvaltain luhistumista | Uutisia lyhyesti"},"content":{"rendered":"<p class=\"aw-1gybjub aw-5vja16 kEtdKx kmuxyA yle__article__paragraph\">Kansainv\u00e4lisen oikeuden emeritus\u00adprofessori Martti Koskenniemi luonnehtii, ett\u00e4 Yhdysvaltojen tilanne on hyvin erikoinen, historiallinen ja vaarallinen.<\/p>\n<p><img decoding=\"async\" alt=\"Martti Koskenniemi istuu.\" src=\"https:\/\/www.europesays.com\/fi\/wp-content\/uploads\/2026\/01\/39-135761066fd4c62da388.jpeg\" class=\"aw-1l9m598 hKVVvP\"\/><\/p>\n<p>Avaa kuvien katselu<\/p>\n<p>Kansainv\u00e4lisen oikeuden emeritusprofessori Martti Koskenniemi. Kuva: Antti Haanp\u00e4\u00e4 \/ Yle<\/p>\n<p class=\"aw-1gybjub aw-1p7kakr kEtdKx cEmitX yle__article__paragraph\">Yhdysvaltain presidentin <strong class=\"aw-ak79eh KyCXm yle__article__strong\">Donald Trumpin<\/strong> ulkopolitiikka on ollut aggressiivista alkuvuoden aikana. Ensin Yhdysvallat <a class=\"aw-iao6s4 iHOxEa yle__article__link\" href=\"https:\/\/yle.fi\/a\/74-20202413\" role=\"link\" rel=\"nofollow noopener\" target=\"_blank\">hy\u00f6kk\u00e4si Venezuelaan<\/a>, sen j\u00e4lkeen Trump on uhkaillut Tanskalle kuuluvan <a class=\"aw-iao6s4 iHOxEa yle__article__link\" href=\"https:\/\/yle.fi\/a\/74-20202890\" role=\"link\" rel=\"nofollow noopener\" target=\"_blank\">Gr\u00f6nlannin valtauksella<\/a> ja nyt viimeisimp\u00e4n\u00e4 varoittanut Yhdysvaltojen mahdollisesta <a class=\"aw-iao6s4 iHOxEa yle__article__link\" href=\"https:\/\/yle.fi\/a\/74-20203596\" role=\"link\" rel=\"nofollow noopener\" target=\"_blank\">v\u00e4liintulosta Iranin levottomuuksissa<\/a>.<\/p>\n<p class=\"aw-1gybjub aw-1p7kakr kEtdKx cEmitX yle__article__paragraph\">\u2013 Olemme todistamassa Yhdysvaltain imperiumin v\u00e4hitt\u00e4ist\u00e4 luhistumista, luonnehti kansainv\u00e4lisen oikeuden emeritusprofessori <strong class=\"aw-ak79eh KyCXm yle__article__strong\">Martti Koskenniemi<\/strong> tilannetta Ylen<a class=\"aw-iao6s4 iHOxEa yle__article__link\" href=\"https:\/\/areena.yle.fi\/1-76895322\" role=\"link\" rel=\"nofollow noopener\" target=\"_blank\"> Politiikkaradiossa<\/a>.<\/p>\n<p class=\"aw-1gybjub aw-1p7kakr kEtdKx cEmitX yle__article__paragraph\">Koskenniemen mukaan Yhdysvalloissa on meneill\u00e4\u00e4n tilanne, jonka my\u00f6t\u00e4 tulee syntym\u00e4\u00e4n viel\u00e4 paljon ongelmia ja niist\u00e4 tullaan k\u00e4rsim\u00e4\u00e4n eri puolilla maailmaa.<\/p>\n<p class=\"aw-1gybjub aw-1p7kakr kEtdKx cEmitX yle__article__paragraph\">Muiden valtioiden on h\u00e4nen mukaansa oltava varovaisia ja sitoutumatta mihink\u00e4\u00e4n lopulliseen toimintalinjaan.<\/p>\n<p class=\"aw-1gybjub aw-1p7kakr kEtdKx cEmitX yle__article__paragraph\">\u2013 Pit\u00e4\u00e4 vain katsoa vierest\u00e4, kun t\u00e4m\u00e4 suurvalta pikku hiljaa murenee silmiemme edess\u00e4. Historiallinen tilanne \u2013 ja vaarallinen.<\/p>\n<p class=\"aw-1gybjub aw-1p7kakr kEtdKx cEmitX yle__article__paragraph\">Suomen ei Koskenniemen mukaan pid\u00e4 ryhty\u00e4 mihink\u00e4\u00e4n toimenpiteisiin vaan huolehtia siit\u00e4, ett\u00e4 itselle ja omille liittolaisille ei k\u00e4y huonosti.<\/p>\n<p class=\"aw-1gybjub aw-1p7kakr kEtdKx cEmitX yle__article__paragraph\">H\u00e4nen k\u00e4sityksens\u00e4 on, ett\u00e4 Yhdysvaltain politiikkaa muokataan nyt lennosta. Suunnitelmaa ei ole.<\/p>\n<p class=\"aw-1gybjub aw-1p7kakr kEtdKx cEmitX yle__article__paragraph\">\u2013 Trumpin politiikka on spektaakkelipolitiikkaa, jossa on t\u00e4rke\u00e4\u00e4 r\u00e4v\u00e4ytt\u00e4\u00e4 ja olla lehdess\u00e4 etusivulla.<\/p>\n<p class=\"aw-1gybjub aw-1p7kakr kEtdKx cEmitX yle__article__paragraph\">Koskenniemen mukaan Yhdysvalloilla ei ole suunnitelmaa esimerkiksi Venezuelan tai Iranin suhteen. Kotimaan politiikka n\u00e4ytt\u00e4\u00e4 h\u00e4nen mukaansa samanlaiselta. Yhdysvallat murenee pikku hiljaa sis\u00e4lle p\u00e4in.<\/p>\n<p class=\"aw-1gybjub aw-1p7kakr kEtdKx cEmitX yle__article__paragraph\">\u2013 Kun arvioidaan sit\u00e4, mit\u00e4 Yhdysvallat tekee, on viimeinen asia kuunnella mit\u00e4 Trump sanoo.<\/p>\n<p><strong class=\"aw-1bgq5a3 bSmpIc\">Uusi maailmanj\u00e4rjestyksett\u00f6myys \u2013 Mit\u00e4 on teht\u00e4viss\u00e4, jos Trump menee yh\u00e4 pahempaan suuntaan?<\/strong><\/p>\n<p><img decoding=\"async\" alt=\"\" src=\"https:\/\/www.europesays.com\/fi\/wp-content\/uploads\/2025\/09\/39-1300667666712123a138.jpeg\" class=\"aw-1l9m598 hKVVvP\"\/><\/p>\n","protected":false},"excerpt":{"rendered":"Kansainv\u00e4lisen oikeuden emeritus\u00adprofessori Martti Koskenniemi luonnehtii, ett\u00e4 Yhdysvaltojen tilanne on hyvin erikoinen, historiallinen ja vaarallinen. Avaa kuvien katselu&hellip;\n","protected":false},"author":2,"featured_media":141248,"comment_status":"","ping_status":"","sticky":false,"template":"","format":"standard","meta":{"footnotes":""},"categories":[14],"tags":[22,23,26,27,33,31,30,17,70,24,25,28,29,15,18,21,6811,32,19,20,56,16,59,60,61],"class_list":{"0":"post-141247","1":"post","2":"type-post","3":"status-publish","4":"format-standard","5":"has-post-thumbnail","7":"category-ulkomaat","8":"tag-breaking-news","9":"tag-breakingnews","10":"tag-featured-news","11":"tag-featurednews","12":"tag-fi","13":"tag-finland","14":"tag-finnish","15":"tag-headlines","16":"tag-kansainvalinen-politiikka","17":"tag-latest-news","18":"tag-latestnews","19":"tag-main-news","20":"tag-mainnews","21":"tag-news","22":"tag-otsikot","23":"tag-paauutiset","24":"tag-presidentti-trumpin-hallinto","25":"tag-suomi","26":"tag-top-stories","27":"tag-topstories","28":"tag-ulkomaat","29":"tag-uutiset","30":"tag-world","31":"tag-world-news","32":"tag-worldnews"},"share_on_mastodon":{"url":"https:\/\/pubeurope.com\/@fi\/115888486126587236","error":""},"_links":{"self":[{"href":"https:\/\/www.europesays.com\/fi\/wp-json\/wp\/v2\/posts\/141247","targetHints":{"allow":["GET"]}}],"collection":[{"href":"https:\/\/www.europesays.com\/fi\/wp-json\/wp\/v2\/posts"}],"about":[{"href":"https:\/\/www.europesays.com\/fi\/wp-json\/wp\/v2\/types\/post"}],"author":[{"embeddable":true,"href":"https:\/\/www.europesays.com\/fi\/wp-json\/wp\/v2\/users\/2"}],"replies":[{"embeddable":true,"href":"https:\/\/www.europesays.com\/fi\/wp-json\/wp\/v2\/comments?post=141247"}],"version-history":[{"count":0,"href":"https:\/\/www.europesays.com\/fi\/wp-json\/wp\/v2\/posts\/141247\/revisions"}],"wp:featuredmedia":[{"embeddable":true,"href":"https:\/\/www.europesays.com\/fi\/wp-json\/wp\/v2\/media\/141248"}],"wp:attachment":[{"href":"https:\/\/www.europesays.com\/fi\/wp-json\/wp\/v2\/media?parent=141247"}],"wp:term":[{"taxonomy":"category","embeddable":true,"href":"https:\/\/www.europesays.com\/fi\/wp-json\/wp\/v2\/categories?post=141247"},{"taxonomy":"post_tag","embeddable":true,"href":"https:\/\/www.europesays.com\/fi\/wp-json\/wp\/v2\/tags?post=141247"}],"curies":[{"name":"wp","href":"https:\/\/api.w.org\/{rel}","templated":true}]}}