{"id":141249,"date":"2026-01-13T15:25:07","date_gmt":"2026-01-13T15:25:07","guid":{"rendered":"https:\/\/www.europesays.com\/fi\/141249\/"},"modified":"2026-01-13T15:25:07","modified_gmt":"2026-01-13T15:25:07","slug":"miss-suomi-petra-hamalainen-ja-samuel-rossi-uusi-askel-suhteessa","status":"publish","type":"post","link":"https:\/\/www.europesays.com\/fi\/141249\/","title":{"rendered":"Miss Suomi Petra H\u00e4m\u00e4l\u00e4inen ja Samuel Rossi: Uusi askel suhteessa"},"content":{"rendered":"<p>\n            20240914 J\u00c4RVENP\u00c4\u00c4. Miss Suomi 2024 -finaali. Petra H\u00e4m\u00e4l\u00e4inen.  KUVA: ATTE KAJOVA<br \/>\n            ATTE KAJOVA\n        <\/p>\n<p class=\"subtitle \">Kaksikon parisuhteessa k\u00e4\u00e4ntyi uusi sivu.<\/p>\n<p class=\"article-content article-content-width !bg-background\">Vuoden 2022 Miss Suomi  ja h\u00e4nen rakkaansa, yritt\u00e4j\u00e4k\u00f6nsik\u00e4s  ovat k\u00e4\u00e4nt\u00e4neet uuden sivun suhteessaan.<\/p>\n<p class=\"font-weight-bold m-font-weight-bold article-content article-content-width !bg-background\">Arkistovideo: N\u00e4in Petra valmistautuu Miss Universum -kisoihin.<\/p>\n<p class=\"article-content article-content-width !bg-background\">Kaksikko julkaisi ensimm\u00e4ist\u00e4 kertaa kummankin<a href=\"https:\/\/www.instagram.com\/p\/DTYW7TsjBMc\/\" target=\"_blank\" rel=\"nofollow noopener\"> Instagram-tileille<\/a> yhteiskuvia toisistaan.<\/p>\n<p class=\"article-content article-content-width !bg-background\">Paljonpuhuvissa otoksissa pariskunta hellii toisiaan l\u00e4heisiss\u00e4 tunnelmissa.<\/p>\n<p class=\"article-content article-content-width !bg-background\">Aistikkaissa rakkauskuvissa he kummatkin ovat sonnustautuneet mustiin vaatteiisin.<\/p>\n<p class=\"article-content article-content-width !bg-background\">Petralla on kuvassa yll\u00e4\u00e4n tyylik\u00e4s paljettiluomus, Samuelilla musta kauluspaita ja kravatti.<\/p>\n<p class=\"article-content article-content-width !bg-background\">Aiemmin he ovat julkaisseet toisistaan materiaalia vain tiliens\u00e4 tarinat- osiossa.<\/p>\n<p>Suhde julki joulukuussa<\/p>\n<p class=\"article-content article-content-width !bg-background\">Loppusyksyst\u00e4 2025\u00a0<a href=\"https:\/\/www.seiska.fi\/kotimaa\/romanssipommi-miss-suomi-petra-hamalainen-ja-julkkismies-viihtyvat-yhdessa\/1994358\" target=\"_blank\" rel=\"nofollow noopener\">Seiska oli saanut somep\u00e4ivitysten perusteella vihi\u00e4 siit\u00e4<\/a>, ett\u00e4 Samuel ja Petra viihtyisiv\u00e4t yhdess\u00e4.<\/p>\n<p class=\"article-content article-content-width !bg-background\">Toimittajan ottaessa yhteytt\u00e4 kumpikaan ei kuitenkaan viel\u00e4 vahvistanut sit\u00e4, ovatko he yhdess\u00e4.<\/p>\n<p class=\"article-content article-content-width !bg-background\">Asiaan saatiin sataprosenttinen varmuus<a href=\"https:\/\/www.seiska.fi\/kotimaa\/miss-suomi-ja-julkkisrakas-vahvistivat-romanssihuhut-paljonpuhuva-kuva\/2032689\" target=\"_blank\" rel=\"nofollow noopener\"> joulukuusssa, kun he julkistivat suhteensa<\/a>.<\/p>\n<p class=\"article-content article-content-width !bg-background\">Lokakuussa uutisoitiin Samuelin eronneen missirakkaasta . Eveliina on tuttu viime vuoden Miss Suomi -kisoista. Samuel ja Eveliina ehtiv\u00e4t olla yhdess\u00e4 pari vuotta.<\/p>\n<p class=\"article-content article-content-width !bg-background\">Samuel oli naimisissa somevaikuttaja  kanssa, mutta he ilmoittivat eroavansa tammikuussa 2023.<\/p>\n<p><script async src=\"\/\/www.instagram.com\/embed.js\"><\/script><\/p>\n","protected":false},"excerpt":{"rendered":"20240914 J\u00c4RVENP\u00c4\u00c4. Miss Suomi 2024 -finaali. Petra H\u00e4m\u00e4l\u00e4inen. KUVA: ATTE KAJOVA ATTE KAJOVA Kaksikon parisuhteessa k\u00e4\u00e4ntyi uusi sivu.&hellip;\n","protected":false},"author":2,"featured_media":141250,"comment_status":"","ping_status":"","sticky":false,"template":"","format":"standard","meta":{"footnotes":""},"categories":[12],"tags":[22,23,26,27,33,31,30,17,24,25,28,29,3458,15,18,21,18267,4590,1417,651,32,19,20,16],"class_list":{"0":"post-141249","1":"post","2":"type-post","3":"status-publish","4":"format-standard","5":"has-post-thumbnail","7":"category-suomi","8":"tag-breaking-news","9":"tag-breakingnews","10":"tag-featured-news","11":"tag-featurednews","12":"tag-fi","13":"tag-finland","14":"tag-finnish","15":"tag-headlines","16":"tag-latest-news","17":"tag-latestnews","18":"tag-main-news","19":"tag-mainnews","20":"tag-miss-suomi","21":"tag-news","22":"tag-otsikot","23":"tag-paauutiset","24":"tag-petra-hamalainen","25":"tag-samuel-rossi","26":"tag-suhde","27":"tag-suhteet","28":"tag-suomi","29":"tag-top-stories","30":"tag-topstories","31":"tag-uutiset"},"share_on_mastodon":{"url":"https:\/\/pubeurope.com\/@fi\/115888489988991496","error":""},"_links":{"self":[{"href":"https:\/\/www.europesays.com\/fi\/wp-json\/wp\/v2\/posts\/141249","targetHints":{"allow":["GET"]}}],"collection":[{"href":"https:\/\/www.europesays.com\/fi\/wp-json\/wp\/v2\/posts"}],"about":[{"href":"https:\/\/www.europesays.com\/fi\/wp-json\/wp\/v2\/types\/post"}],"author":[{"embeddable":true,"href":"https:\/\/www.europesays.com\/fi\/wp-json\/wp\/v2\/users\/2"}],"replies":[{"embeddable":true,"href":"https:\/\/www.europesays.com\/fi\/wp-json\/wp\/v2\/comments?post=141249"}],"version-history":[{"count":0,"href":"https:\/\/www.europesays.com\/fi\/wp-json\/wp\/v2\/posts\/141249\/revisions"}],"wp:featuredmedia":[{"embeddable":true,"href":"https:\/\/www.europesays.com\/fi\/wp-json\/wp\/v2\/media\/141250"}],"wp:attachment":[{"href":"https:\/\/www.europesays.com\/fi\/wp-json\/wp\/v2\/media?parent=141249"}],"wp:term":[{"taxonomy":"category","embeddable":true,"href":"https:\/\/www.europesays.com\/fi\/wp-json\/wp\/v2\/categories?post=141249"},{"taxonomy":"post_tag","embeddable":true,"href":"https:\/\/www.europesays.com\/fi\/wp-json\/wp\/v2\/tags?post=141249"}],"curies":[{"name":"wp","href":"https:\/\/api.w.org\/{rel}","templated":true}]}}