{"id":14125,"date":"2025-08-23T13:47:08","date_gmt":"2025-08-23T13:47:08","guid":{"rendered":"https:\/\/www.europesays.com\/fi\/14125\/"},"modified":"2025-08-23T13:47:08","modified_gmt":"2025-08-23T13:47:08","slug":"uusi-kaanne-laura-huhtasaaren-poytakohussa","status":"publish","type":"post","link":"https:\/\/www.europesays.com\/fi\/14125\/","title":{"rendered":"Uusi k\u00e4\u00e4nne Laura Huhtasaaren p\u00f6yt\u00e4kohussa"},"content":{"rendered":"<p>Laura Huhtasaaren Pulmunen-p\u00f6yt\u00e4 sai synninp\u00e4\u00e4st\u00f6n liettualaiselta designyritykselt\u00e4.<\/p>\n<p><img decoding=\"async\" class=\"image image-show image-preview\" src=\"https:\/\/www.europesays.com\/fi\/wp-content\/uploads\/2025\/08\/ad688c86ee68f83888f903d534f22b2c611e2c6c98bdbd19d16ec6437887c6dd.jpg\" alt=\"\"\/><img decoding=\"async\" class=\"image image-show\" src=\"https:\/\/www.europesays.com\/fi\/wp-content\/uploads\/2025\/08\/1755956828_85_ad688c86ee68f83888f903d534f22b2c611e2c6c98bdbd19d16ec6437887c6dd.jpg\" alt=\"\"\/><\/p>\n<p>Huhtasaari on kertonut opiskelleensa puusep\u00e4n tutkinnon osia. ATTE KAJOVA<\/p>\n<p class=\"paragraph\">Kansanedustaja <strong>Laura Huhtasaarta<\/strong> (ps) <a href=\"https:\/\/www.iltalehti.fi\/politiikka\/60611395-6913-4d51-9866-2bb52cd78ca5\" rel=\"nofollow noopener\" target=\"_blank\">on syytetty sosiaalisessa mediassa siit\u00e4<\/a>, ett\u00e4 h\u00e4nen suunnittelemansa Pulmunen-p\u00f6yt\u00e4 olisi kopio vastaavista designtuotteista.<\/p>\n<p class=\"paragraph\">Huomio on kiinnittynyt p\u00f6yd\u00e4n sorvattuihin puupallojalkoihin. Sosiaalisessa mediassa jalkojen on v\u00e4itetty j\u00e4ljittelev\u00e4n Studio Jos:n ja Kos Studion suunnittelemia muotoiluja.<\/p>\n<p class=\"paragraph\">Iltalehti tavoitti liettualaisen Kos Studion perustajan ja luovan johtajan <strong>Svetlana Koledan<\/strong> arvioimaan asiaa.<\/p>\n<p class=\"paragraph\">\u2013 Mielest\u00e4ni h\u00e4n (Huhtasaari) ei kopioinut p\u00f6yt\u00e4\u00e4mme, h\u00e4n sanoo.<\/p>\n<p class=\"paragraph\">Koleda my\u00f6nt\u00e4\u00e4, ett\u00e4 Huhtasaaren p\u00f6yd\u00e4n puupallojalat ovat muodoltaan samankaltaiset kuin h\u00e4nen yrityksens\u00e4 noin viisi vuotta sitten suunnittelemassa p\u00f6yd\u00e4ss\u00e4\u00e4n.<\/p>\n<p class=\"paragraph\">\u2013 Tunnelma, idea ja design ovat kuitenkin erilaisia.<\/p>\n<p>T\u00e4lt\u00e4 n\u00e4ytt\u00e4\u00e4 yksi Kos Studion suunnittelemista p\u00f6ydist\u00e4, jossa on puupallojalat. Kos Studio<\/p>\n<p class=\"paragraph\">Alla olevassa kuvassa on Huhtasaaren Pulmunen-p\u00f6yt\u00e4. H\u00e4n on kertonut, ett\u00e4 pallojalkoja saa eri v\u00e4reiss\u00e4.<\/p>\n<p class=\"paragraph\">Koleda pit\u00e4\u00e4 pallojalkojen plagiointikysymyst\u00e4 mielenkiintoisena ja monimutkaisena.<\/p>\n<p class=\"paragraph\">\u2013 On hyv\u00e4 kysymys, kuka on suunnittelut ne ensin. Mielest\u00e4ni ihmisten reaktiot ovat seurausta pallon ajattelemisesta muotona eri puolilla maailmaa, h\u00e4n sanoo.<\/p>\n<p>Huhtasaari puolustautui<\/p>\n<p class=\"paragraph\">Huhtasaari kuvaili plagiointisyyt\u00f6ksi\u00e4 \u201daivan naurettaviksi\u201d Iltalehden haastattelussa perjantaina.<\/p>\n<p class=\"paragraph\">Huhtasaari puolustautui sanomalla, ett\u00e4 \u201dtodella monet\u201d huonekaluyritykset ovat suunnitelleet p\u00f6yti\u00e4, joissa on pallojalat. H\u00e4n kertoi olleensa suunnitteluvaiheessa tietoinen siit\u00e4, ett\u00e4 vastaavanlaisia p\u00f6yti\u00e4 on.<\/p>\n<p class=\"paragraph\">\u2013 Mutta en ole viel\u00e4 l\u00f6yt\u00e4nyt p\u00f6yt\u00e4\u00e4, jossa olisi pallojalkojen lis\u00e4ksi koivuvanerikansi, miss\u00e4 on ikilevy viel\u00e4 p\u00e4\u00e4ll\u00e4. Ja jokainen sorvattu pallojalka on tietenkin v\u00e4h\u00e4n oma yksil\u00f6ns\u00e4, h\u00e4n sanoi.<\/p>\n<p class=\"paragraph\">Puuteollisuus ry:n toiminnanjohtaja <strong>Janne Liias<\/strong> kertoi Iltalehdelle, <a href=\"https:\/\/www.iltalehti.fi\/kotimaa\/339e5ba1-f145-493d-b6a6-e6712e11dc05\" rel=\"nofollow noopener\" target=\"_blank\">ettei h\u00e4n ep\u00e4ile<\/a> Huhtasaaren p\u00f6yt\u00e4\u00e4 plagiaatiksi. Liias kertoi, ettei h\u00e4n tarkemmin tunne tapausta eik\u00e4 tied\u00e4, onko jo markkinoilla olevilla pallojalkaisilla p\u00f6ydill\u00e4 tuotesuoja.<\/p>\n<p class=\"paragraph\">Liiaksen mukaan Huhtasaaren p\u00f6yt\u00e4\u00e4 \u201don hankala kyseenalaistaa\u201d, koska edes mahdollinen mallisuoja ei ole aina t\u00e4ydellisen kattava.<\/p>\n<p class=\"paragraph\">\u2013\u2009T\u00e4m\u00e4n tyyppiset designit yritet\u00e4\u00e4n suojata, mutta se on haasteellista. On v\u00e4h\u00e4n veteen piirretty viiva, mit\u00e4 mallisuoja kattaa.<\/p>\n","protected":false},"excerpt":{"rendered":"Laura Huhtasaaren Pulmunen-p\u00f6yt\u00e4 sai synninp\u00e4\u00e4st\u00f6n liettualaiselta designyritykselt\u00e4. Huhtasaari on kertonut opiskelleensa puusep\u00e4n tutkinnon osia. ATTE KAJOVA Kansanedustaja Laura&hellip;\n","protected":false},"author":2,"featured_media":14126,"comment_status":"","ping_status":"","sticky":false,"template":"","format":"standard","meta":{"footnotes":""},"categories":[5],"tags":[35,22,23,26,27,33,31,30,17,5237,24,25,28,29,15,18,21,49,886,885,887,32,19,20,16],"class_list":{"0":"post-14125","1":"post","2":"type-post","3":"status-publish","4":"format-standard","5":"has-post-thumbnail","7":"category-otsikot","8":"tag-24h","9":"tag-breaking-news","10":"tag-breakingnews","11":"tag-featured-news","12":"tag-featurednews","13":"tag-fi","14":"tag-finland","15":"tag-finnish","16":"tag-headlines","17":"tag-konservatiivipuolueet","18":"tag-latest-news","19":"tag-latestnews","20":"tag-main-news","21":"tag-mainnews","22":"tag-news","23":"tag-otsikot","24":"tag-paauutiset","25":"tag-perussuomalaiset","26":"tag-puolueet","27":"tag-suomen-poliittiset-puolueet","28":"tag-suomen-politiikka","29":"tag-suomi","30":"tag-top-stories","31":"tag-topstories","32":"tag-uutiset"},"share_on_mastodon":{"url":"","error":""},"_links":{"self":[{"href":"https:\/\/www.europesays.com\/fi\/wp-json\/wp\/v2\/posts\/14125","targetHints":{"allow":["GET"]}}],"collection":[{"href":"https:\/\/www.europesays.com\/fi\/wp-json\/wp\/v2\/posts"}],"about":[{"href":"https:\/\/www.europesays.com\/fi\/wp-json\/wp\/v2\/types\/post"}],"author":[{"embeddable":true,"href":"https:\/\/www.europesays.com\/fi\/wp-json\/wp\/v2\/users\/2"}],"replies":[{"embeddable":true,"href":"https:\/\/www.europesays.com\/fi\/wp-json\/wp\/v2\/comments?post=14125"}],"version-history":[{"count":0,"href":"https:\/\/www.europesays.com\/fi\/wp-json\/wp\/v2\/posts\/14125\/revisions"}],"wp:featuredmedia":[{"embeddable":true,"href":"https:\/\/www.europesays.com\/fi\/wp-json\/wp\/v2\/media\/14126"}],"wp:attachment":[{"href":"https:\/\/www.europesays.com\/fi\/wp-json\/wp\/v2\/media?parent=14125"}],"wp:term":[{"taxonomy":"category","embeddable":true,"href":"https:\/\/www.europesays.com\/fi\/wp-json\/wp\/v2\/categories?post=14125"},{"taxonomy":"post_tag","embeddable":true,"href":"https:\/\/www.europesays.com\/fi\/wp-json\/wp\/v2\/tags?post=14125"}],"curies":[{"name":"wp","href":"https:\/\/api.w.org\/{rel}","templated":true}]}}