{"id":141251,"date":"2026-01-13T15:26:08","date_gmt":"2026-01-13T15:26:08","guid":{"rendered":"https:\/\/www.europesays.com\/fi\/141251\/"},"modified":"2026-01-13T15:26:08","modified_gmt":"2026-01-13T15:26:08","slug":"historiallinen-paluu-noriaki-kasai-53-hyppaa-mukaan-maailmancupiin-urheilua-lyhyesti","status":"publish","type":"post","link":"https:\/\/www.europesays.com\/fi\/141251\/","title":{"rendered":"Historiallinen paluu: Noriaki Kasai, 53, hypp\u00e4\u00e4 mukaan maailmancupiin | Urheilua lyhyesti"},"content":{"rendered":"<p class=\"aw-1gybjub aw-5vja16 kEtdKx kmuxyA yle__article__paragraph\">Japanilainen m\u00e4kihypp\u00e4\u00e4j\u00e4 Noriaki Kasai kilpailee maailmancupissa Sapporossa.<\/p>\n<p><img decoding=\"async\" alt=\"Noriaki Kasai hymyilee.\" src=\"https:\/\/www.europesays.com\/fi\/wp-content\/uploads\/2026\/01\/39-106181763ca3eeca4ce2.jpeg\" class=\"aw-1l9m598 hKVVvP\"\/><\/p>\n<p>Avaa kuvien katselu<\/p>\n<p>Noriaki Kasain asettama ik\u00e4enn\u00e4tys sen kuin paranee. Kuva: Getty Images<\/p>\n<p class=\"aw-1gybjub aw-1p7kakr kEtdKx cEmitX yle__article__paragraph\">Japanilainen m\u00e4kihyppylegenda <strong class=\"aw-ak79eh KyCXm yle__article__strong\">Noriaki Kasai<\/strong> kilpailee Sapporon maailmancupissa tulevana viikonloppuna.<\/p>\n<p class=\"aw-1gybjub aw-1p7kakr kEtdKx cEmitX yle__article__paragraph\">53-vuotias Kasai on nimetty Japanin joukkueeseen, kertoo Kansainv\u00e4linen hiihtoliitto Fis <a class=\"aw-iao6s4 iHOxEa yle__article__link\" href=\"https:\/\/www.instagram.com\/p\/DTcZxxgky6i\/\" role=\"link\" rel=\"nofollow noopener\" target=\"_blank\">Instagram-tilill\u00e4\u00e4n<\/a>. Kasai rikkoo t\u00e4ten <a class=\"aw-iao6s4 iHOxEa yle__article__link\" href=\"https:\/\/yle.fi\/a\/74-20143992\" role=\"link\" rel=\"nofollow noopener\" target=\"_blank\">oman enn\u00e4tyksens\u00e4<\/a>, kun h\u00e4nest\u00e4 tulee j\u00e4lleen kaikkien aikojen vanhin m\u00e4kihypyn maailmancupin kilpailija.<\/p>\n<p class=\"aw-1gybjub aw-1p7kakr kEtdKx cEmitX yle__article__paragraph\">Kasai n\u00e4htiin edellisen kerran mukana maailmancupissa, kun h\u00e4n sijoittui 45:ksi Sapporon isossa m\u00e4ess\u00e4 helmikuussa 2025.<\/p>\n<p class=\"aw-1gybjub aw-1p7kakr kEtdKx cEmitX yle__article__paragraph\">Ensimm\u00e4ist\u00e4 kertaa h\u00e4n hypp\u00e4si maailmancupissa per\u00e4ti 37 vuotta sitten, joulukuussa 1988 Sapporossa. Sen j\u00e4lkeen japanilaishypp\u00e4\u00e4j\u00e4 kisasi maailmancupissa joka vuosi helmikuuhun 2020 saakka, ja palasi maailmancupin pariin muutaman vuoden tauolta 2024.<\/p>\n<p class=\"aw-1gybjub aw-1p7kakr kEtdKx cEmitX yle__article__paragraph\">T\u00e4n\u00e4 talvena Kasai on hyp\u00e4nnyt my\u00f6s kuusi kisaa Continental Cupissa. H\u00e4nen paras sijoituksensa on ollut 11:s.<\/p>\n<p class=\"aw-1gybjub aw-1p7kakr kEtdKx cEmitX yle__article__paragraph\">Kasailla on vy\u00f6ll\u00e4\u00e4n yhteens\u00e4 17 maailmancupin osakilpailuvoittoa. Ensimm\u00e4inen niist\u00e4 tuli vuonna 1992 ja toistaiseksi viimeinen 2015.<\/p>\n<p class=\"aw-1gybjub aw-1p7kakr kEtdKx cEmitX yle__article__paragraph\">Japanilaisen uran ainut arvokisavoitto n\u00e4htiin lentom\u00e4en MM-kisoissa vuonna 1992. Olympiamitaleja Kasai on haalinut kolme ja MM-mitaleja seitsem\u00e4n.<\/p>\n<p><script async src=\"\/\/www.instagram.com\/embed.js\"><\/script><\/p>\n","protected":false},"excerpt":{"rendered":"Japanilainen m\u00e4kihypp\u00e4\u00e4j\u00e4 Noriaki Kasai kilpailee maailmancupissa Sapporossa. Avaa kuvien katselu Noriaki Kasain asettama ik\u00e4enn\u00e4tys sen kuin paranee. Kuva:&hellip;\n","protected":false},"author":2,"featured_media":141252,"comment_status":"","ping_status":"","sticky":false,"template":"","format":"standard","meta":{"footnotes":""},"categories":[5],"tags":[22,23,26,27,33,31,30,17,11523,24,25,13181,28,29,4222,4220,15,24336,18,21,32,19,20,16],"class_list":{"0":"post-141251","1":"post","2":"type-post","3":"status-publish","4":"format-standard","5":"has-post-thumbnail","7":"category-otsikot","8":"tag-breaking-news","9":"tag-breakingnews","10":"tag-featured-news","11":"tag-featurednews","12":"tag-fi","13":"tag-finland","14":"tag-finnish","15":"tag-headlines","16":"tag-kansainvalinen-hiihtoliitto-fis","17":"tag-latest-news","18":"tag-latestnews","19":"tag-maailmancupit","20":"tag-main-news","21":"tag-mainnews","22":"tag-makihyppaajat","23":"tag-makihyppy","24":"tag-news","25":"tag-noriaki-kasai","26":"tag-otsikot","27":"tag-paauutiset","28":"tag-suomi","29":"tag-top-stories","30":"tag-topstories","31":"tag-uutiset"},"share_on_mastodon":{"url":"https:\/\/pubeurope.com\/@fi\/115888493869533505","error":""},"_links":{"self":[{"href":"https:\/\/www.europesays.com\/fi\/wp-json\/wp\/v2\/posts\/141251","targetHints":{"allow":["GET"]}}],"collection":[{"href":"https:\/\/www.europesays.com\/fi\/wp-json\/wp\/v2\/posts"}],"about":[{"href":"https:\/\/www.europesays.com\/fi\/wp-json\/wp\/v2\/types\/post"}],"author":[{"embeddable":true,"href":"https:\/\/www.europesays.com\/fi\/wp-json\/wp\/v2\/users\/2"}],"replies":[{"embeddable":true,"href":"https:\/\/www.europesays.com\/fi\/wp-json\/wp\/v2\/comments?post=141251"}],"version-history":[{"count":0,"href":"https:\/\/www.europesays.com\/fi\/wp-json\/wp\/v2\/posts\/141251\/revisions"}],"wp:featuredmedia":[{"embeddable":true,"href":"https:\/\/www.europesays.com\/fi\/wp-json\/wp\/v2\/media\/141252"}],"wp:attachment":[{"href":"https:\/\/www.europesays.com\/fi\/wp-json\/wp\/v2\/media?parent=141251"}],"wp:term":[{"taxonomy":"category","embeddable":true,"href":"https:\/\/www.europesays.com\/fi\/wp-json\/wp\/v2\/categories?post=141251"},{"taxonomy":"post_tag","embeddable":true,"href":"https:\/\/www.europesays.com\/fi\/wp-json\/wp\/v2\/tags?post=141251"}],"curies":[{"name":"wp","href":"https:\/\/api.w.org\/{rel}","templated":true}]}}