{"id":141253,"date":"2026-01-13T15:38:07","date_gmt":"2026-01-13T15:38:07","guid":{"rendered":"https:\/\/www.europesays.com\/fi\/141253\/"},"modified":"2026-01-13T15:38:07","modified_gmt":"2026-01-13T15:38:07","slug":"kukaan-ei-tee-asialle-mitaan-arttu-wiskari-vaatii-hallitukselta-lakimuutosta","status":"publish","type":"post","link":"https:\/\/www.europesays.com\/fi\/141253\/","title":{"rendered":"\u201dKukaan ei tee asialle mit\u00e4\u00e4n\u201d \u2013 Arttu Wiskari vaatii hallitukselta lakimuutosta"},"content":{"rendered":"<p>Arttu Wiskari muistuttaa Iltalehden haastattelussa, ett\u00e4 pelkk\u00e4 vatvominen ei auta Suomessakin tapahtuvaan someilmi\u00f6\u00f6n.<\/p>\n<p><img decoding=\"async\" class=\"image image-show image-preview\" src=\"https:\/\/www.europesays.com\/fi\/wp-content\/uploads\/2026\/01\/badf36ee26056f167e815742f1c19f933b82d84a30e00b46369c3c291f9d58db.jpg\" alt=\"\"\/><img decoding=\"async\" class=\"image image-show\" src=\"https:\/\/www.europesays.com\/fi\/wp-content\/uploads\/2026\/01\/1768318687_4_badf36ee26056f167e815742f1c19f933b82d84a30e00b46369c3c291f9d58db.jpg\" alt=\"\"\/><\/p>\n<p>Arttu Wiskari muutti hiustyyli\u00e4\u00e4n. Anniina Nikander<\/p>\n<p class=\"paragraph\">Artisti <strong>Arttu Wiskari<\/strong>, 41, on ensimm\u00e4ist\u00e4 kertaa koskaan v\u00e4rj\u00e4nnyt hiuksensa. Wiskarilla on The Voice of Finland -ohjelman lehdist\u00f6tilaisuudessa platinablondiksi v\u00e4rj\u00e4tyt hiukset, jotka on vedetty taakse.<\/p>\n<p class=\"paragraph\">\u2013 T\u00e4m\u00e4 on mielest\u00e4ni hauska. Kun on hyv\u00e4 fiilis ja voi hyvin, pystyy nostattamaan omaa itsevarmuuttaan v\u00e4rj\u00e4\u00e4m\u00e4ll\u00e4 tukkaa, Wiskari kertoo ulkon\u00e4k\u00f6muutoksestaan Iltalehdelle.<\/p>\n<p class=\"paragraph\">\u2013 Pit\u00e4\u00e4h\u00e4n tuonne The Voice of Finlandiin tuoda aina jotain uutta ja laulajille ihmetelt\u00e4v\u00e4\u00e4, h\u00e4n sanoo.<\/p>\n<p class=\"paragraph\">Wiskari on saanut uudesta hiustyylist\u00e4\u00e4n kehuja tuotannolta, mutta my\u00f6s leikkimielisi\u00e4 naljailuja yst\u00e4vilt\u00e4\u00e4n.<\/p>\n<p class=\"paragraph\">\u2013 Jengi vittuilee, ett\u00e4 n\u00e4yt\u00e4n vanupuikolta. Mutta se on sellaista veljellist\u00e4 hauskaa. Minulta kysyttiin my\u00f6s, onko minulla p\u00e4\u00e4ll\u00e4 oldify-filtteri, joka tekee vanhemman n\u00e4k\u00f6iseksi, laulaja naurahtaa.<\/p>\n<p>\u201dPit\u00e4isi kriminalisoida\u201d<\/p>\n<p>Arttu Wiskari toimii t\u00e4htivalmentajana The Voice of Finland -ohjelmassa Elastisen, Jenni Vartiaisen ja Sannin kanssa. Ohjelmaa juontavat Heikki Paasonen ja Jaana Peltonen. Anniina Nikander<\/p>\n<p class=\"paragraph\">Wiskari sai hiljattain sosiaalisessa mediassa <a href=\"https:\/\/www.iltalehti.fi\/viihdeuutiset\/78800d10-2181-41d8-a125-a09e41018226\" rel=\"nofollow noopener\" target=\"_blank\">kommentteja<\/a>, joissa h\u00e4nen ulkon\u00e4k\u00f6\u00e4\u00e4n arvosteltiin. Yksi kommentti v\u00e4itti Wiskarin lihoneen.<\/p>\n<p class=\"paragraph\">Ulkon\u00e4k\u00f6kommentit her\u00e4tt\u00e4v\u00e4t Wiskarissa l\u00e4hinn\u00e4 surullisia ajatuksia siit\u00e4, ett\u00e4 t\u00e4llaista yh\u00e4 tapahtuu.<\/p>\n<p class=\"paragraph\">\u2013 T\u00e4st\u00e4 tekee surullista se, ett\u00e4 kell\u00e4\u00e4n ei ole mit\u00e4\u00e4n visiota siit\u00e4, miten t\u00e4t\u00e4 voidaan kontrolloida. T\u00e4st\u00e4 voidaan puhua, vatvoa, tehd\u00e4 uutisia ja taivastella, mutta kukaan ei tee asialle mit\u00e4\u00e4n. Se on ihan uskomatonta, Wiskari toteaa napakasti.<\/p>\n<p class=\"paragraph\">\u2013 Eiv\u00e4t ne kaikki [t\u00f6rkykommentit] voi kertoa huonosta kotikasvatuksesta tai kateudesta. Ne kertovat my\u00f6s siit\u00e4, ett\u00e4 meill\u00e4 on t\u00e4n\u00e4 p\u00e4iv\u00e4n\u00e4 v\u00e4\u00e4ristynyt kuva siit\u00e4, mit\u00e4 saa sanoa ja mit\u00e4 ei. Siihen pit\u00e4\u00e4 puuttua ylemm\u00e4ll\u00e4 tasolla \u2013 ei auta menn\u00e4 vatvomaan, h\u00e4n jatkaa.<\/p>\n<p class=\"paragraph\">Wiskari my\u00f6s muistuttaa, etteiv\u00e4t h\u00e4nelle tarkoitetut ik\u00e4v\u00e4t kommentit kohdistu pelk\u00e4st\u00e4\u00e4n h\u00e4neen.<\/p>\n<p class=\"paragraph\">\u2013 Olen saapunut keski-ik\u00e4\u00e4n ja n\u00e4hnyt sen verran, ett\u00e4 pystyn k\u00e4sittelem\u00e4\u00e4n enemm\u00e4n asioita kuin esimerkiksi joku nuori. Seuraukset voivat olla brutaaleja, jos alkaa tulla ik\u00e4vi\u00e4 kommentteja. Mielenterveysongelmia voi olla molemmissa p\u00e4iss\u00e4.<\/p>\n<p>Arttu Wiskarin mielest\u00e4 ihmisten t\u00f6rkykommentit somessa eiv\u00e4t johdu pelk\u00e4st\u00e4\u00e4n kateudesta tai huonosta kotikasvatuksesta. Kuvituskuva. TIINA SOMERPURO<\/p>\n<p class=\"paragraph\">Wiskari on huomannut, ettei ole mit\u00e4\u00e4n hy\u00f6ty\u00e4 edes vastata t\u00f6rkykommentoijille. Artistin mielest\u00e4 hallituksen t\u00e4ytyisi puuttua somekommentointiin.<\/p>\n<p class=\"paragraph\">\u2013 Varsinkin naisiin kohdistuu hirve\u00e4 m\u00e4\u00e4r\u00e4 ulkon\u00e4k\u00f6kritiikki\u00e4, joka t\u00e4ytt\u00e4\u00e4 rikoksen merkit. Se pit\u00e4isi kriminalisoida. Et voi huudella mit\u00e4 tahansa v\u00e4itteit\u00e4 esimerkiksi poliitikoista, laulaja toteaa.<\/p>\n<p class=\"paragraph\">\u2013 On uskomatonta, miten olemme p\u00e4\u00e4tyneet t\u00e4h\u00e4n tilanteeseen. Mutta pelkk\u00e4 viihdeuutisten kirjoittaminen ei auta mit\u00e4\u00e4n, h\u00e4n lis\u00e4\u00e4.<\/p>\n<p class=\"paragraph\">Wiskarin mielest\u00e4 my\u00f6s poliisihallituksen tulisi tehd\u00e4 linjanveto siit\u00e4, ett\u00e4 somekommentointiin puututaan v\u00e4litt\u00f6m\u00e4sti.<\/p>\n<p class=\"paragraph\">\u2013 Kyll\u00e4h\u00e4n olemme n\u00e4hneet uutisissa, ett\u00e4 t\u00e4n\u00e4 vuonna kyt\u00e4t\u00e4\u00e4n turvav\u00f6it\u00e4 ja ylinopeuksia. Miss\u00e4 vaiheessa kytt\u00e4\u00e4mme sit\u00e4, mit\u00e4 tuolla netiss\u00e4 saa tehd\u00e4? artisti haastaa.<\/p>\n<p class=\"paragraph\"><a href=\"https:\/\/www.iltalehti.fi\/autouutiset\/85c6f311-55e4-4720-81e1-b1faec586593\" rel=\"nofollow noopener\" target=\"_blank\">Iltalehti<\/a> uutisoi kes\u00e4ll\u00e4 poliisikunnan uudesta ohjeesta, ettei poliisi katso mink\u00e4\u00e4nlaisia ylinopeuksia en\u00e4\u00e4 l\u00e4pi sormien.<\/p>\n","protected":false},"excerpt":{"rendered":"Arttu Wiskari muistuttaa Iltalehden haastattelussa, ett\u00e4 pelkk\u00e4 vatvominen ei auta Suomessakin tapahtuvaan someilmi\u00f6\u00f6n. Arttu Wiskari muutti hiustyyli\u00e4\u00e4n. Anniina&hellip;\n","protected":false},"author":2,"featured_media":141254,"comment_status":"","ping_status":"","sticky":false,"template":"","format":"standard","meta":{"footnotes":""},"categories":[136],"tags":[35,138,407,137,33,31,30,408,53,47,141,52,32,109],"class_list":{"0":"post-141253","1":"post","2":"type-post","3":"status-publish","4":"format-standard","5":"has-post-thumbnail","7":"category-julkkikset","8":"tag-24h","9":"tag-audio","10":"tag-celebrities","11":"tag-entertainment","12":"tag-fi","13":"tag-finland","14":"tag-finnish","15":"tag-julkkikset","16":"tag-laki-oikeus-ja-rikos","17":"tag-musiikki","18":"tag-muusikot-bandit","19":"tag-poliisi","20":"tag-suomi","21":"tag-viihde"},"share_on_mastodon":{"url":"https:\/\/pubeurope.com\/@fi\/115888541181185006","error":""},"_links":{"self":[{"href":"https:\/\/www.europesays.com\/fi\/wp-json\/wp\/v2\/posts\/141253","targetHints":{"allow":["GET"]}}],"collection":[{"href":"https:\/\/www.europesays.com\/fi\/wp-json\/wp\/v2\/posts"}],"about":[{"href":"https:\/\/www.europesays.com\/fi\/wp-json\/wp\/v2\/types\/post"}],"author":[{"embeddable":true,"href":"https:\/\/www.europesays.com\/fi\/wp-json\/wp\/v2\/users\/2"}],"replies":[{"embeddable":true,"href":"https:\/\/www.europesays.com\/fi\/wp-json\/wp\/v2\/comments?post=141253"}],"version-history":[{"count":0,"href":"https:\/\/www.europesays.com\/fi\/wp-json\/wp\/v2\/posts\/141253\/revisions"}],"wp:featuredmedia":[{"embeddable":true,"href":"https:\/\/www.europesays.com\/fi\/wp-json\/wp\/v2\/media\/141254"}],"wp:attachment":[{"href":"https:\/\/www.europesays.com\/fi\/wp-json\/wp\/v2\/media?parent=141253"}],"wp:term":[{"taxonomy":"category","embeddable":true,"href":"https:\/\/www.europesays.com\/fi\/wp-json\/wp\/v2\/categories?post=141253"},{"taxonomy":"post_tag","embeddable":true,"href":"https:\/\/www.europesays.com\/fi\/wp-json\/wp\/v2\/tags?post=141253"}],"curies":[{"name":"wp","href":"https:\/\/api.w.org\/{rel}","templated":true}]}}