{"id":141255,"date":"2026-01-13T15:39:07","date_gmt":"2026-01-13T15:39:07","guid":{"rendered":"https:\/\/www.europesays.com\/fi\/141255\/"},"modified":"2026-01-13T15:39:07","modified_gmt":"2026-01-13T15:39:07","slug":"juopottelevat-robotit-palasivat-kiinasta-ja-hauskuuttavat-yleisoa-nyt-kotikonnuillaan-torniossa-lappi","status":"publish","type":"post","link":"https:\/\/www.europesays.com\/fi\/141255\/","title":{"rendered":"Juopottelevat robotit palasivat Kiinasta ja hauskuuttavat yleis\u00f6\u00e4 nyt kotikonnuillaan Torniossa | Lappi"},"content":{"rendered":"<p class=\"aw-1gybjub aw-5vja16 kEtdKx kmuxyA yle__article__paragraph\">Teija ja Pekka Isor\u00e4tty\u00e4n robottiteos hauskuuttaa, mutta her\u00e4tt\u00e4\u00e4 my\u00f6s pohtimaan lama-ajan ja teko\u00e4lyn aikakausia.<\/p>\n<p>Juopottelevat robotit ovat palanneet kotikonnuilleen Tornioon. Ennen sit\u00e4 ne olivat n\u00e4ytill\u00e4 Kiinassa Ennova Art Biennalessa Langfangissa. Video: Risto Koskinen \/ Yle<\/p>\n<p class=\"aw-1gybjub aw-1p7kakr kEtdKx cEmitX yle__article__paragraph\">\u201dNo v***u meik\u00e4 ei muista mitt\u00e4\u00e4n. Ei mink\u00e4\u00e4n valtakunnan muistikuvia ole perjantaista.\u201d<\/p>\n<p class=\"aw-1gybjub aw-1p7kakr kEtdKx cEmitX yle__article__paragraph\">Torniossa kauppakeskukseen rakennetun baaritiskin \u00e4\u00e4rell\u00e4 kovaan \u00e4\u00e4neen juttelevat robotit Vege, Tortsua ja meksikolainen Marina her\u00e4tt\u00e4v\u00e4t huomiota.<\/p>\n<p class=\"aw-1gybjub aw-1p7kakr kEtdKx cEmitX yle__article__paragraph\">Kyseess\u00e4 on torniolaisl\u00e4ht\u00f6isten <strong class=\"aw-ak79eh KyCXm yle__article__strong\">Teija<\/strong> ja <strong class=\"aw-ak79eh KyCXm yle__article__strong\">Pekka Isor\u00e4tty\u00e4n<\/strong> Tipaton tammikuu -n\u00e4yttely. N\u00e4yttely on osa Tornion Aineen taidemuseon juhlavuotta. Museo t\u00e4ytt\u00e4\u00e4 40 vuotta.<\/p>\n<p class=\"aw-1gybjub aw-1p7kakr kEtdKx cEmitX yle__article__paragraph\">Teoksen juuret ovat 1990-luvun Torniossa ja lama-ajassa.<\/p>\n<p class=\"aw-1gybjub aw-1p7kakr kEtdKx cEmitX yle__article__paragraph\">\u2013 Alkoholikulttuuri repesi lama-ajalla ja oli osa meid\u00e4n nuoruutta. Olemme tuoneet tuon Tornion ajan robottiaikaan. Robotit ovat niin sanotusti t\u00e4llaisia torniolaisia hurjia, kertovat Teija ja Pekka Isor\u00e4tty\u00e4.<\/p>\n<p><img decoding=\"async\" alt=\"Robotit istuvat vierekk\u00e4in baaritiskin \u00e4\u00e4rell\u00e4.\" src=\"https:\/\/www.europesays.com\/fi\/wp-content\/uploads\/2026\/01\/39-15801626965064e1f49c.jpeg\" loading=\"lazy\" class=\"aw-1l9m598 hKVVvP\"\/><\/p>\n<p>Avaa kuvien katselu<\/p>\n<p>Teija ja Pekka Isor\u00e4tty\u00e4n teoksia on n\u00e4hty ymp\u00e4ri esimerkiksi Meksikossa, Kiinassa, Yhdysvalloissa ja Japanissa. Kuva: Risto Koskinen \/ Yle<\/p>\n<p class=\"aw-1gybjub aw-1p7kakr kEtdKx cEmitX yle__article__paragraph\">Baariteoksessa humalaiset robotit juovat olutta ja juttelevat baaritiskill\u00e4. Robottien jutut pohjautuvat <strong class=\"aw-ak79eh KyCXm yle__article__strong\">Samuli P\u00f6rh\u00f6l\u00e4n<\/strong> 1990-luvulla tekem\u00e4\u00e4n huumoriin.<\/p>\n<p class=\"aw-1gybjub aw-1p7kakr kEtdKx cEmitX yle__article__paragraph\">\u2013 Alkoholihan on aikalailla kuin kaksiter\u00e4inen miekka. Kun n\u00e4et baarin, niin tuntuu, ett\u00e4 olisipa kiva menn\u00e4 sinne, mutta mieli voi muuttua, kun kuuntelee baarissa olevien, esimerkiksi n\u00e4iden robottien juttuja, sanoo Teija Isor\u00e4tty\u00e4.<\/p>\n<p><img decoding=\"async\" alt=\"Teija, Iisakki ja Pekka Isor\u00e4tty\u00e4t istuvat. Taustalla robotteja.\" src=\"https:\/\/www.europesays.com\/fi\/wp-content\/uploads\/2026\/01\/39-15799546964d4d2d5320.jpeg\" loading=\"lazy\" class=\"aw-1l9m598 hKVVvP\"\/><\/p>\n<p>Avaa kuvien katselu<\/p>\n<p>10-vuotias Iisakki Isor\u00e4tty\u00e4 on k\u00e4ynyt kansainv\u00e4lisill\u00e4 n\u00e4yttelyreissuilla vanhempiensa kanssa, muun muassa Yhdysvalloissa ja Kiinassa. Kuva: Risto Koskinen \/ Yle<\/p>\n<p class=\"aw-1gybjub aw-1p7kakr kEtdKx cEmitX yle__article__paragraph\">Isor\u00e4tty\u00e4t ovat pit\u00e4neet n\u00e4yttelyit\u00e4 ymp\u00e4ri maailmaa. Viimeksi juopottelevat robotit olivat n\u00e4ytteill\u00e4 Kiinassa Ennova Art Biennalessa Langfangissa.<\/p>\n<p class=\"aw-1gybjub aw-1p7kakr kEtdKx cEmitX yle__article__paragraph\">Robottien karskit jutut ja huumori olivat my\u00f6s kiinalaisten mieleen.<\/p>\n<p class=\"aw-1gybjub aw-1p7kakr kEtdKx cEmitX yle__article__paragraph\">\u2013 Siell\u00e4 mentiin heti ensimm\u00e4isen\u00e4 istumaan baaritiskin tyhj\u00e4lle jakkaralle ja kuvattiin itse\u00e4ns\u00e4 heid\u00e4n kanssaan. Kiinalaiset halusivat p\u00e4\u00e4st\u00e4 my\u00f6s kippist\u00e4m\u00e4\u00e4n eli ly\u00f6m\u00e4\u00e4n lasia yhteen robotin kanssa, kertoo Pekka Isor\u00e4tty\u00e4.<\/p>\n<p><img decoding=\"async\" alt=\"L\u00e4hikuva baaritiskin tuolilla istuvasta naisrobotista jolla on viinilasi k\u00e4dess\u00e4\u00e4n.\" src=\"https:\/\/www.europesays.com\/fi\/wp-content\/uploads\/2026\/01\/39-15799906964d521970cb.jpeg\" loading=\"lazy\" class=\"aw-1l9m598 hKVVvP\"\/><\/p>\n<p>Avaa kuvien katselu<\/p>\n<p>Idea juopotteleviin robotteihin l\u00e4hti taiteilijaparin alkoholittomasta kaudesta: Ajattelimme, ett\u00e4 laitetaan veistokset juopottelemaan meid\u00e4n puolesta, kertoo kaksikko. Kuva: Risto Koskinen \/ YleVakavampaa pohdintaa teko\u00e4lyst\u00e4<\/p>\n<p class=\"aw-1gybjub aw-1p7kakr kEtdKx cEmitX yle__article__paragraph\">Rennon huumorin taustalla on my\u00f6s vakavampaa pohdintaa teko\u00e4lyn aikakaudesta. Taiteilijapari on pohtinut muun muassa sit\u00e4, mill\u00e4 tavalla ihmist\u00e4 korvataan niin monesta suunnasta.<\/p>\n<p class=\"aw-1gybjub aw-1p7kakr kEtdKx cEmitX yle__article__paragraph\">\u2013 Teoksemme k\u00e4sittelev\u00e4t aika paljon sit\u00e4, mink\u00e4laista on olla ihminen kehittyv\u00e4n teknologian keskell\u00e4. Mit\u00e4 ihmisyyteen liittyvi\u00e4 asioita me menet\u00e4mme ja mit\u00e4 ihmisyyden piirteit\u00e4 koneet saavat, sanoo Teija Isor\u00e4tty\u00e4.<\/p>\n<p class=\"aw-1gybjub aw-1p7kakr kEtdKx cEmitX yle__article__paragraph\">1990-luvulla my\u00f6s ihmisten ajank\u00e4ytt\u00f6 oli erilaista.<\/p>\n<p class=\"aw-1gybjub aw-1p7kakr kEtdKx cEmitX yle__article__paragraph\">\u2013 Onko meill\u00e4 ihmisill\u00e4 en\u00e4\u00e4 aikaa pys\u00e4hty\u00e4?<\/p>\n<p class=\"aw-1gybjub aw-1p7kakr kEtdKx cEmitX yle__article__paragraph\">Pekka Isor\u00e4tty\u00e4 pohtii my\u00f6s posthumanismin alkua.<\/p>\n<p class=\"aw-1gybjub aw-1p7kakr kEtdKx cEmitX yle__article__paragraph\">\u2013 Historian kirjoitus l\u00e4hti sumerilaisten nuolenp\u00e4\u00e4kirjoituksesta ja siit\u00e4 l\u00e4htien voi tutkia, mink\u00e4laista teksti\u00e4 ihminen on j\u00e4tt\u00e4nyt j\u00e4lkeenp\u00e4in. Nyt t\u00e4st\u00e4 ajasta eteenp\u00e4in suurin data, mit\u00e4 t\u00e4st\u00e4 ajasta j\u00e4\u00e4 niin on koneiden tekem\u00e4\u00e4. Se on iso muutos.<\/p>\n<p><img decoding=\"async\" alt=\"Robotit baaritiskin ymp\u00e4rill\u00e4.\" src=\"https:\/\/www.europesays.com\/fi\/wp-content\/uploads\/2026\/01\/39-15803256965fb9f189ce.jpeg\" loading=\"lazy\" class=\"aw-1l9m598 hKVVvP\"\/><\/p>\n<p>Avaa kuvien katselu<\/p>\n<p>Taiteilijapari Teija ja Pekka Isor\u00e4tty\u00e4 on palkittu muun muassa Lapin taidepalkinnolla. Kuva: Risto Koskinen \/ Yle<\/p>\n<p class=\"aw-1gybjub aw-1p7kakr kEtdKx cEmitX yle__article__paragraph\">Tipaton tammikuu -n\u00e4yttely kuuluu 40-juhlavuottaan viett\u00e4v\u00e4n Aineen taidemuseon Kaikkien syntym\u00e4p\u00e4iv\u00e4t -tapahtumasarjaan. Vuoden aikana museo toteuttaa tapahtumien sarjan eri puolilla Torniota ja Haaparantaa. Tapahtumasarja on my\u00f6s osa Oulu2026 Euroopan kulttuurip\u00e4\u00e4kaupunkivuoden virallisia tapahtumia.<\/p>\n<p class=\"aw-1gybjub aw-1p7kakr kEtdKx cEmitX yle__article__paragraph\">Tipaton tammikuu -n\u00e4yttely on esill\u00e4 Suomen ja Ruotsin rajalla olevan Rajalla P\u00e5 Gr\u00e4nsen -kauppakeskuksen tiloissa 25. tammikuuta asti.<\/p>\n<p>Robottiveistokset:<\/p>\n<p class=\"aw-1gybjub aw-1p7kakr kEtdKx cEmitX yle__article__paragraph\">Veke &amp; Tortsua silm\u00e4mekaniikka ja Tortsuan suun mekaniikka: avoin l\u00e4hdekoodi<\/p>\n<p class=\"aw-1gybjub aw-1p7kakr kEtdKx cEmitX yle__article__paragraph\">3D tulostus: Nilheim mechatronics \/ Will Cogley<\/p>\n<p class=\"aw-1gybjub aw-1p7kakr kEtdKx cEmitX yle__article__paragraph\">K\u00e4sikirjoitus ja robotti\u00e4\u00e4nen realisointi (Veke &amp; Tortsua): Samuli P\u00f6rh\u00f6l\u00e4<\/p>\n<p class=\"aw-1gybjub aw-1p7kakr kEtdKx cEmitX yle__article__paragraph\">K\u00e4sikirjoitus ja robotti\u00e4\u00e4nen realisointi (Marina): Marina de Ita<\/p>\n<p class=\"aw-1gybjub aw-1p7kakr kEtdKx cEmitX yle__article__paragraph\">Ohjelmointi: Jaakko Niska<\/p>\n","protected":false},"excerpt":{"rendered":"Teija ja Pekka Isor\u00e4tty\u00e4n robottiteos hauskuuttaa, mutta her\u00e4tt\u00e4\u00e4 my\u00f6s pohtimaan lama-ajan ja teko\u00e4lyn aikakausia. Juopottelevat robotit ovat palanneet&hellip;\n","protected":false},"author":2,"featured_media":141256,"comment_status":"","ping_status":"","sticky":false,"template":"","format":"standard","meta":{"footnotes":""},"categories":[135],"tags":[11130,24337,389,387,388,390,137,33,31,30,71,108,667,16298,4116,2146,32,394,1365,6291,393,391,392,433,1581,109],"class_list":{"0":"post-141255","1":"post","2":"type-post","3":"status-publish","4":"format-standard","5":"has-post-thumbnail","7":"category-taiteet-ja-suunnittelu","8":"tag-1990-luku","9":"tag-aineen-taidemuseo","10":"tag-arts","11":"tag-arts-and-design","12":"tag-artsanddesign","13":"tag-design","14":"tag-entertainment","15":"tag-fi","16":"tag-finland","17":"tag-finnish","18":"tag-kotimaa","19":"tag-kulttuuri","20":"tag-lappi","21":"tag-pekka-ja-teija-isorattya","22":"tag-robotiikka","23":"tag-robotit","24":"tag-suomi","25":"tag-suunnittelu","26":"tag-taidemuseot","27":"tag-taidenayttelyt","28":"tag-taiteet","29":"tag-taiteet-ja-suunnittelu","30":"tag-taiteetsuunnittelu","31":"tag-tekoaly","32":"tag-tornio","33":"tag-viihde"},"share_on_mastodon":{"url":"https:\/\/pubeurope.com\/@fi\/115888545006012769","error":""},"_links":{"self":[{"href":"https:\/\/www.europesays.com\/fi\/wp-json\/wp\/v2\/posts\/141255","targetHints":{"allow":["GET"]}}],"collection":[{"href":"https:\/\/www.europesays.com\/fi\/wp-json\/wp\/v2\/posts"}],"about":[{"href":"https:\/\/www.europesays.com\/fi\/wp-json\/wp\/v2\/types\/post"}],"author":[{"embeddable":true,"href":"https:\/\/www.europesays.com\/fi\/wp-json\/wp\/v2\/users\/2"}],"replies":[{"embeddable":true,"href":"https:\/\/www.europesays.com\/fi\/wp-json\/wp\/v2\/comments?post=141255"}],"version-history":[{"count":0,"href":"https:\/\/www.europesays.com\/fi\/wp-json\/wp\/v2\/posts\/141255\/revisions"}],"wp:featuredmedia":[{"embeddable":true,"href":"https:\/\/www.europesays.com\/fi\/wp-json\/wp\/v2\/media\/141256"}],"wp:attachment":[{"href":"https:\/\/www.europesays.com\/fi\/wp-json\/wp\/v2\/media?parent=141255"}],"wp:term":[{"taxonomy":"category","embeddable":true,"href":"https:\/\/www.europesays.com\/fi\/wp-json\/wp\/v2\/categories?post=141255"},{"taxonomy":"post_tag","embeddable":true,"href":"https:\/\/www.europesays.com\/fi\/wp-json\/wp\/v2\/tags?post=141255"}],"curies":[{"name":"wp","href":"https:\/\/api.w.org\/{rel}","templated":true}]}}