{"id":141257,"date":"2026-01-13T15:41:08","date_gmt":"2026-01-13T15:41:08","guid":{"rendered":"https:\/\/www.europesays.com\/fi\/141257\/"},"modified":"2026-01-13T15:41:08","modified_gmt":"2026-01-13T15:41:08","slug":"the-voice-of-finland-alkaa-mukana-nama-pohjalaiskokelaat","status":"publish","type":"post","link":"https:\/\/www.europesays.com\/fi\/141257\/","title":{"rendered":"The Voice of Finland alkaa &#8211; mukana n\u00e4m\u00e4 pohjalaiskokelaat"},"content":{"rendered":"<p>    <img decoding=\"async\" class=\"responsive-image article__image-image lozad\"   src=\"https:\/\/www.europesays.com\/fi\/wp-content\/uploads\/2026\/01\/uZU1wJP5vQN9J2_PgEFU7feKd2a9gjawjldMM07uo0RV4k5yME4vlKAVf21ic__D32A2brHFZkqlu94JzhUtIWSXB9QYqH8wUxVH.jpeg\" alt=\"Sanni, Arttu Wiskari, Jenni Vartiainen ja Elastinen ovat teroittaneet korvansa The Voice of Finlandin uutta kautta varten.\"\/><\/p>\n<p>\n                Sanni, Arttu Wiskari, Jenni Vartiainen ja Elastinen ovat teroittaneet korvansa The Voice of Finlandin uutta kautta varten.\n              <\/p>\n<p>\n                Kuva: Petri Aho\n              <\/p>\n<p class=\"article__paragraph\">\n      The Voice of Finlandin uusi kausi alkaa perjantaina 23. tammikuuta. Alkuvaiheessa laulajia on mukana useita kymmeni\u00e4 ja heid\u00e4n joukossaan etel\u00e4pohjalaisia tai pohjalaisia tai alueelta l\u00e4ht\u00f6isin olevia kokelaita.\n    <\/p>\n<p class=\"article__paragraph\">\n      Mukana ovat Anne Vihel\u00e4, 45, Sein\u00e4joki,Antti Hyytinen, 34, Sein\u00e4joki, Heidi F\u00f6rsti, 17, Sein\u00e4joki, Katariina Koivusalo, 42, Kauhava.<\/p>\n","protected":false},"excerpt":{"rendered":"Sanni, Arttu Wiskari, Jenni Vartiainen ja Elastinen ovat teroittaneet korvansa The Voice of Finlandin uutta kautta varten. Kuva:&hellip;\n","protected":false},"author":2,"featured_media":141258,"comment_status":"","ping_status":"","sticky":false,"template":"","format":"standard","meta":{"footnotes":""},"categories":[133],"tags":[137,33,31,30,32,206,156,109],"class_list":{"0":"post-141257","1":"post","2":"type-post","3":"status-publish","4":"format-standard","5":"has-post-thumbnail","7":"category-televisiot","8":"tag-entertainment","9":"tag-fi","10":"tag-finland","11":"tag-finnish","12":"tag-suomi","13":"tag-televisiot","14":"tag-tv","15":"tag-viihde"},"share_on_mastodon":{"url":"https:\/\/pubeurope.com\/@fi\/115888552859196511","error":""},"_links":{"self":[{"href":"https:\/\/www.europesays.com\/fi\/wp-json\/wp\/v2\/posts\/141257","targetHints":{"allow":["GET"]}}],"collection":[{"href":"https:\/\/www.europesays.com\/fi\/wp-json\/wp\/v2\/posts"}],"about":[{"href":"https:\/\/www.europesays.com\/fi\/wp-json\/wp\/v2\/types\/post"}],"author":[{"embeddable":true,"href":"https:\/\/www.europesays.com\/fi\/wp-json\/wp\/v2\/users\/2"}],"replies":[{"embeddable":true,"href":"https:\/\/www.europesays.com\/fi\/wp-json\/wp\/v2\/comments?post=141257"}],"version-history":[{"count":0,"href":"https:\/\/www.europesays.com\/fi\/wp-json\/wp\/v2\/posts\/141257\/revisions"}],"wp:featuredmedia":[{"embeddable":true,"href":"https:\/\/www.europesays.com\/fi\/wp-json\/wp\/v2\/media\/141258"}],"wp:attachment":[{"href":"https:\/\/www.europesays.com\/fi\/wp-json\/wp\/v2\/media?parent=141257"}],"wp:term":[{"taxonomy":"category","embeddable":true,"href":"https:\/\/www.europesays.com\/fi\/wp-json\/wp\/v2\/categories?post=141257"},{"taxonomy":"post_tag","embeddable":true,"href":"https:\/\/www.europesays.com\/fi\/wp-json\/wp\/v2\/tags?post=141257"}],"curies":[{"name":"wp","href":"https:\/\/api.w.org\/{rel}","templated":true}]}}