{"id":141261,"date":"2026-01-13T15:45:10","date_gmt":"2026-01-13T15:45:10","guid":{"rendered":"https:\/\/www.europesays.com\/fi\/141261\/"},"modified":"2026-01-13T15:45:10","modified_gmt":"2026-01-13T15:45:10","slug":"olympiamitalisti-kuoli-jai-lumivyoryn-alle","status":"publish","type":"post","link":"https:\/\/www.europesays.com\/fi\/141261\/","title":{"rendered":"Olympiamitalisti kuoli \u2013 J\u00e4i lumivy\u00f6ryn alle"},"content":{"rendered":"<p>Ueli Kestenholz kuoli viikonloppuna lumivy\u00f6ryonnettomuudessa.<\/p>\n<p><img decoding=\"async\" class=\"image image-show image-preview\" src=\"https:\/\/www.europesays.com\/fi\/wp-content\/uploads\/2026\/01\/d1a218897f344319ab62ad8ca6c192c2dd71296431f11265420fdbafa563a2cd.jpg\" alt=\"\"\/><img decoding=\"async\" class=\"image image-show\" src=\"https:\/\/www.europesays.com\/fi\/wp-content\/uploads\/2026\/01\/1768319108_162_d1a218897f344319ab62ad8ca6c192c2dd71296431f11265420fdbafa563a2cd.jpg\" alt=\"\"\/><\/p>\n<p>Ueli Kestenholz kuoli lumivy\u00f6ryss\u00e4. EPA \/ AOP<\/p>\n<p class=\"paragraph\">Takavuosien lumilautat\u00e4hti <strong>Ueli Kestenholz<\/strong> kuoli lumivy\u00f6ryss\u00e4 viime viikonloppuna.<\/p>\n<p class=\"paragraph\">Asiasta uutisoi <a href=\"https:\/\/www.bernerzeitung.ch\/ueli-kestenholz-toedlich-verunglueckt-217168701223\" target=\"_blank\" rel=\"noopener nofollow\">sveitsil\u00e4inen Berner Zeitung<\/a>. Lehden mukaan Kestenholz, 50, oli laskettelemassa L\u00f6tschentalin laaksossa yhdess\u00e4 toisen henkil\u00f6n kanssa, kun lumivy\u00f6ry alkoi ja vei h\u00e4net mukanaan. Toinen henkil\u00f6 selvisi tilanteesta s\u00e4ik\u00e4hdyksell\u00e4, mutta Kestenholz kuoli pelastustoimista huolimatta.<\/p>\n<p class=\"paragraph\">Kestenholz voitti olympiapronssia Naganon vuoden 1998 talvikisoissa lumilautailun suurpujottelussa. Lis\u00e4ksi h\u00e4n voitti kahdesti Winter X Gamesin.<\/p>\n<p class=\"paragraph\">Kilpauransa j\u00e4lkeen Kestenholz jatkoi laskettelua. H\u00e4n toimi oppaana ja opettajana muille laskettelusta ja muista extreme-lajien hurmasta nauttineille henkil\u00f6ille.<\/p>\n<p class=\"paragraph\">Kestenholz julkaisi viimeisen kerran sosiaalisessa mediassa samana p\u00e4iv\u00e4n\u00e4, kun h\u00e4n kuoli. Viimeiseksi j\u00e4\u00e4neess\u00e4 julkaisussa h\u00e4n fiilisteli vastasatanutta lunta ja mainosti helmikuuksi ja maaliskuuksi suunniteltuja seikkailuretki\u00e4 Alpeille.<\/p>\n<p><a href=\"https:\/\/www.iltalehti.fi\/telkku\/?utm_source=iltalehti.fi&amp;utm_medium=almainternal&amp;utm_campaign=urheilu_artikkelibanneri&amp;utm_content=banner_612_a\" rel=\"nofollow noopener\" target=\"_blank\"><img decoding=\"async\" src=\"https:\/\/www.europesays.com\/fi\/wp-content\/uploads\/2025\/08\/7ef604e47d46ca174b7df4149bd3557dbde56a86d520f8e1b2125548b0a2e03a.png\" alt=\"TV-ohjelmat t\u00e4n\u00e4\u00e4n, TV-opas\"\/><\/a><\/p>\n","protected":false},"excerpt":{"rendered":"Ueli Kestenholz kuoli viikonloppuna lumivy\u00f6ryonnettomuudessa. Ueli Kestenholz kuoli lumivy\u00f6ryss\u00e4. EPA \/ AOP Takavuosien lumilautat\u00e4hti Ueli Kestenholz kuoli lumivy\u00f6ryss\u00e4&hellip;\n","protected":false},"author":2,"featured_media":141262,"comment_status":"","ping_status":"","sticky":false,"template":"","format":"standard","meta":{"footnotes":""},"categories":[158],"tags":[35,33,31,30,2096,41,3318,2668,159,32,1145,160],"class_list":{"0":"post-141261","1":"post","2":"type-post","3":"status-publish","4":"format-standard","5":"has-post-thumbnail","7":"category-urheilu","8":"tag-24h","9":"tag-fi","10":"tag-finland","11":"tag-finnish","12":"tag-hiihtolajit","13":"tag-liikunta-ja-urheilu","14":"tag-maastohiihto","15":"tag-pohjoismaiset-hiihtolajit","16":"tag-sports","17":"tag-suomi","18":"tag-talviurheilu","19":"tag-urheilu"},"share_on_mastodon":{"url":"https:\/\/pubeurope.com\/@fi\/115888568642045259","error":""},"_links":{"self":[{"href":"https:\/\/www.europesays.com\/fi\/wp-json\/wp\/v2\/posts\/141261","targetHints":{"allow":["GET"]}}],"collection":[{"href":"https:\/\/www.europesays.com\/fi\/wp-json\/wp\/v2\/posts"}],"about":[{"href":"https:\/\/www.europesays.com\/fi\/wp-json\/wp\/v2\/types\/post"}],"author":[{"embeddable":true,"href":"https:\/\/www.europesays.com\/fi\/wp-json\/wp\/v2\/users\/2"}],"replies":[{"embeddable":true,"href":"https:\/\/www.europesays.com\/fi\/wp-json\/wp\/v2\/comments?post=141261"}],"version-history":[{"count":0,"href":"https:\/\/www.europesays.com\/fi\/wp-json\/wp\/v2\/posts\/141261\/revisions"}],"wp:featuredmedia":[{"embeddable":true,"href":"https:\/\/www.europesays.com\/fi\/wp-json\/wp\/v2\/media\/141262"}],"wp:attachment":[{"href":"https:\/\/www.europesays.com\/fi\/wp-json\/wp\/v2\/media?parent=141261"}],"wp:term":[{"taxonomy":"category","embeddable":true,"href":"https:\/\/www.europesays.com\/fi\/wp-json\/wp\/v2\/categories?post=141261"},{"taxonomy":"post_tag","embeddable":true,"href":"https:\/\/www.europesays.com\/fi\/wp-json\/wp\/v2\/tags?post=141261"}],"curies":[{"name":"wp","href":"https:\/\/api.w.org\/{rel}","templated":true}]}}