{"id":141263,"date":"2026-01-13T15:46:07","date_gmt":"2026-01-13T15:46:07","guid":{"rendered":"https:\/\/www.europesays.com\/fi\/141263\/"},"modified":"2026-01-13T15:46:07","modified_gmt":"2026-01-13T15:46:07","slug":"jasper-paakkosen-isa-seppo-paakkonen-salattu-shokkiero","status":"publish","type":"post","link":"https:\/\/www.europesays.com\/fi\/141263\/","title":{"rendered":"Jasper P\u00e4\u00e4kk\u00f6sen is\u00e4 Seppo P\u00e4\u00e4kk\u00f6nen: Salattu shokkiero"},"content":{"rendered":"<p>            Seiskan arkisto\n        <\/p>\n<p class=\"subtitle \">Seppo P\u00e4\u00e4kk\u00f6sen ja Sari Paljakan avioero ratkaistiin jo toukokuussa 2025.<\/p>\n<p class=\"article-content article-content-width !bg-background\">N\u00e4yttelij\u00e4 , 68, on eronnut vaimostaan, lavastaja\u00a0.<\/p>\n<p class=\"font-weight-bold m-font-weight-bold article-content article-content-width !bg-background\">Katso video: T\u00e4\u00e4ll\u00e4 Jasper P\u00e4\u00e4kk\u00f6nen meni naimisiin<\/p>\n<p class=\"article-content article-content-width !bg-background\">Seiskalle kerrottiin, ettei Seppoa ole n\u00e4kynyt pariskunnan Kuopion-kodin pihapiiriss\u00e4 pitk\u00e4\u00e4n aikaan. Ilmeneekin, ett\u00e4 Sari ja Seppo ovat eronneet jo pitk\u00e4n aikaa sitten.<\/p>\n<p class=\"article-content article-content-width !bg-background\">Pohjois-Savon k\u00e4r\u00e4j\u00e4oikeus vahvistaa Seiskalle, ett\u00e4 Seppo ja Sari olivat panneet avioerohakemuksen vireille jo 22. hein\u00e4kuuta 2024. Avioeroasia oltiin ratkaistu 9. toukokuuta 2025.\u00a0<\/p>\n<p class=\"article-content article-content-width !bg-background\">Seppo ja h\u00e4nt\u00e4 parikymment\u00e4 vuotta nuorempi Sari meniv\u00e4t naimisiin vuonna 2018. Yhteen he olivat muuttaneet vuotta aiemmin.<\/p>\n<p class=\"article-content article-content-width !bg-background\">Seppo tunnetaan etenkin teatteriurastaan, ja h\u00e4n on tuttu my\u00f6s esimerkiksi Uuno Turhapuro -elokuvista. H\u00e4n on kansainv\u00e4lisesti menestyneen n\u00e4yttelij\u00e4  is\u00e4.<\/p>\n<p>        <a itemprop=\"url\" href=\"https:\/\/www.seiska.fi\/kotimaa\/jasper-paakkoselta-harvinainen-julkaisu\/1922855\" rel=\"nofollow noopener\" target=\"_blank\"><\/p>\n<p>\nOho!\n<\/p>\n<p class=\"section-date\">\n        <strong class=\"article-section\" data-section=\"kotimaa\"><br \/>\n            kotimaa<br \/>\n        <\/strong><br \/>\n        6.9.2025 17:30\n    <\/p>\n<p>Jasper P\u00e4\u00e4kk\u00f6selt\u00e4 harvinainen julkaisu\n    <\/p>\n<p itemprop=\"description\" class=\"subtitle \">\n    Jasper P\u00e4\u00e4kk\u00f6nen nautiskeli hyv\u00e4st\u00e4 ruoasta \u2013 ja seurasta.\n<\/p>\n<p>        <\/a><\/p>\n<p>Jasper inspiroitui kotioloissa<\/p>\n<p class=\"article-content article-content-width !bg-background\">Jasper puhui Seiskalle  ohjaaman BlacKkKlansman-leffaroolin my\u00f6t\u00e4 kansainv\u00e4liseen nousukiitoon l\u00e4hteneest\u00e4 urastaan vuonna 2020.\u00a0<\/p>\n<p class=\"article-content article-content-width !bg-background\">H\u00e4n sai innostuksen ammattiinsa jo kotioloista pitk\u00e4n linjan n\u00e4yttelij\u00e4n\u00e4 tunnetun is\u00e4n my\u00f6t\u00e4, mutta on pit\u00e4nyt jalat maassa Hollywood-rooleista huolimatta.<\/p>\n<p class=\"article-content article-content-width !bg-background\">\u2013 Olen tehnyt koko aikuisik\u00e4ni n\u00e4yttelij\u00e4nt\u00f6it\u00e4, enk\u00e4 ole kiinnitt\u00e4nyt huomiota, tunnistaako joku minut Suomessa tai ulkomailla, n\u00e4yttelij\u00e4 sanoi.<\/p>\n<p>        <a itemprop=\"url\" href=\"https:\/\/www.seiska.fi\/kotimaa\/menestysrooliin-pikkurahalla-suhde-kansainvaliseen-kohukaunottareen-40-vuotta-tayttava-jasper-paakkonen-kulki-pitkan-tien-saippuasarjasta-hollywood-tuotantoihin\/1771160\" rel=\"nofollow noopener\" target=\"_blank\"><\/p>\n<p>\nKATSO KUVAT\n<\/p>\n<p class=\"section-date\">\n        <strong class=\"article-section\" data-section=\"kotimaa\"><br \/>\n            kotimaa<br \/>\n        <\/strong><br \/>\n        15.7.2020 07:46\n    <\/p>\n<p>Menestysrooliin pikkurahalla, suhde kansainv\u00e4liseen kohukaunottareen \u2013 40 vuotta t\u00e4ytt\u00e4v\u00e4 Jasper P\u00e4\u00e4kk\u00f6nen kulki pitk\u00e4n tien saippuasarjasta Hollywood-tuotantoihin!\n    <\/p>\n<p>        <\/a><\/p>\n<p>                <img decoding=\"async\" src=\"https:\/\/www.europesays.com\/fi\/wp-content\/uploads\/2026\/01\/2044017.webp.jpeg\" width=\"576\" height=\"720\" alt=\"Seppo P\u00e4\u00e4kk\u00f6nen Sisko tahtoisin j\u00e4\u00e4d\u00e4 -elokuvan kuvauksissa vuonna 2009.\" loading=\"lazy\" \/>            <\/p>\n<p>\n            Seppo P\u00e4\u00e4kk\u00f6nen Sisko tahtoisin j\u00e4\u00e4d\u00e4 -elokuvan kuvauksissa vuonna 2009.<br \/>\n            Timo Korhonen\n        <\/p>\n","protected":false},"excerpt":{"rendered":"Seiskan arkisto Seppo P\u00e4\u00e4kk\u00f6sen ja Sari Paljakan avioero ratkaistiin jo toukokuussa 2025. N\u00e4yttelij\u00e4 , 68, on eronnut vaimostaan,&hellip;\n","protected":false},"author":2,"featured_media":141264,"comment_status":"","ping_status":"","sticky":false,"template":"","format":"standard","meta":{"footnotes":""},"categories":[130],"tags":[2759,1075,137,1664,33,31,30,7543,19760,24339,24338,12544,651,32,109],"class_list":{"0":"post-141263","1":"post","2":"type-post","3":"status-publish","4":"format-standard","5":"has-post-thumbnail","7":"category-viihde","8":"tag-avioero","9":"tag-avioliitto","10":"tag-entertainment","11":"tag-ero","12":"tag-fi","13":"tag-finland","14":"tag-finnish","15":"tag-jasper-paakkonen","16":"tag-salaero","17":"tag-sari-paljakka","18":"tag-seppo-paakkonen","19":"tag-shokkiero","20":"tag-suhteet","21":"tag-suomi","22":"tag-viihde"},"share_on_mastodon":{"url":"https:\/\/pubeurope.com\/@fi\/115888572665464932","error":""},"_links":{"self":[{"href":"https:\/\/www.europesays.com\/fi\/wp-json\/wp\/v2\/posts\/141263","targetHints":{"allow":["GET"]}}],"collection":[{"href":"https:\/\/www.europesays.com\/fi\/wp-json\/wp\/v2\/posts"}],"about":[{"href":"https:\/\/www.europesays.com\/fi\/wp-json\/wp\/v2\/types\/post"}],"author":[{"embeddable":true,"href":"https:\/\/www.europesays.com\/fi\/wp-json\/wp\/v2\/users\/2"}],"replies":[{"embeddable":true,"href":"https:\/\/www.europesays.com\/fi\/wp-json\/wp\/v2\/comments?post=141263"}],"version-history":[{"count":0,"href":"https:\/\/www.europesays.com\/fi\/wp-json\/wp\/v2\/posts\/141263\/revisions"}],"wp:featuredmedia":[{"embeddable":true,"href":"https:\/\/www.europesays.com\/fi\/wp-json\/wp\/v2\/media\/141264"}],"wp:attachment":[{"href":"https:\/\/www.europesays.com\/fi\/wp-json\/wp\/v2\/media?parent=141263"}],"wp:term":[{"taxonomy":"category","embeddable":true,"href":"https:\/\/www.europesays.com\/fi\/wp-json\/wp\/v2\/categories?post=141263"},{"taxonomy":"post_tag","embeddable":true,"href":"https:\/\/www.europesays.com\/fi\/wp-json\/wp\/v2\/tags?post=141263"}],"curies":[{"name":"wp","href":"https:\/\/api.w.org\/{rel}","templated":true}]}}