{"id":141273,"date":"2026-01-13T15:52:07","date_gmt":"2026-01-13T15:52:07","guid":{"rendered":"https:\/\/www.europesays.com\/fi\/141273\/"},"modified":"2026-01-13T15:52:07","modified_gmt":"2026-01-13T15:52:07","slug":"espoo-taksikuskit-torttoilivat-hiihtoladulla-oittaalla","status":"publish","type":"post","link":"https:\/\/www.europesays.com\/fi\/141273\/","title":{"rendered":"Espoo: Taksikuskit t\u00f6rtt\u00f6iliv\u00e4t hiihtoladulla Oittaalla"},"content":{"rendered":"<p>Mika Salo kertoo erikoisesta tilanteesta.<\/p>\n<p class=\"article-body mb-nof-24 px-nof-16\">Espoon Oittaalla sivakoineet hiiht\u00e4j\u00e4t hieraisivat maanantai-iltana silmi\u00e4\u00e4n, kun kaksi taksinkuljettajaa suhaili t\u00e4ysin v\u00e4\u00e4r\u00e4ss\u00e4 paikassa.<\/p>\n<p class=\"article-body mb-nof-24 px-nof-16\">Toimituksen n\u00e4kem\u00e4st\u00e4 videosta selvi\u00e4\u00e4, kuinka taksinkuljettajat ajelivat ladun yli v\u00e4litt\u00e4m\u00e4tt\u00e4 siit\u00e4, etteiv\u00e4t autot kuulu hoidetulle hiihtobaanalle.<\/p>\n<p class=\"article-body mb-nof-24 px-nof-16\">Espoon aluety\u00f6njohtaja <a class=\"font-bold underline-offset-[0.12em] [text-decoration:var(--person-link-text-decoration)] ![text-decoration-color:var(--person-link-text-decoration-color)]\" href=\"https:\/\/www.is.fi\/haku\/?query=Mika%20Salo\" rel=\"nofollow noopener\" target=\"_blank\">Mika Salo<\/a> vahvistaa, ett\u00e4 \u201dtietyt taksikuskit ohjattiin pois ladulta\u201d maanantaina.<\/p>\n<p class=\"article-body mb-nof-24 px-nof-16\">\u2013 En tied\u00e4, mit\u00e4 he miettiv\u00e4t ja mihin ovat menossa. V\u00e4ittiv\u00e4t, ett\u00e4 heid\u00e4n mapsissaan on huonot kartat, kun kysyimme, mik\u00e4 oli heid\u00e4n asiansa, Salo sanoo.<\/p>\n<p class=\"article-body mb-nof-24 px-nof-16\">\u2013 He tulevat meid\u00e4n varikkotielle t\u00e4nne meid\u00e4n tukikohtaan, ihmettelev\u00e4t, mihin menev\u00e4t ja ajavat ladun yli. Havaitsimme t\u00e4m\u00e4n, k\u00e4vimme keskustelemassa ja ohjeistimme kuljettajia, ett\u00e4 pit\u00e4isi menn\u00e4 v\u00e4h\u00e4n eteenp\u00e4in p\u00e4\u00e4parkkiksille, ett\u00e4 ei tarvitse ladun yli ajella.<\/p>\n<p class=\"article-body mb-nof-24 px-nof-16\">Salon vastuualueena ovat Espoon ulkoilualueet, j\u00e4rviuimarannat, kuntoradat ja hiihtoladut. H\u00e4n kertoo, ett\u00e4 takseja on n\u00e4hty Oittaan laduilla aiemminkin.<\/p>\n<p class=\"article-body mb-nof-24 px-nof-16\">\u2013 Siell\u00e4 on yleens\u00e4 puomi, mutta t\u00e4ss\u00e4 kohtaa, kun teemme paljon huoltoajoa itsekin, niin se on auki. Ne p\u00e4\u00e4siv\u00e4t sielt\u00e4 nyt ajamaan.<\/p>\n<p class=\"article-body mb-nof-24 px-nof-16\">H\u00e4nen mukaansa taksit eiv\u00e4t aiheuttaneet maanantain pakkass\u00e4\u00e4ss\u00e4 ongelmia itse ladulle. Jokainen ladulle kuulumaton kulkuneuvo aiheuttaa kuitenkin potentiaalisen vaaratilanteen hiiht\u00e4jille.<\/p>\n<p class=\"article-body mb-nof-24 px-nof-16\">\u2013 Meid\u00e4n t\u00e4ytyy alkaa sulkea puomeja, ettei hiiht\u00e4jille tule ik\u00e4vi\u00e4 tilanteita. Kun py\u00f6rimme itse t\u00e4\u00e4ll\u00e4 latujen yli omalla kalustollamme, niin sen takia t\u00e4nne nyt p\u00e4\u00e4see, mutta l\u00e4ht\u00f6kohta on, ett\u00e4 kun olemme saaneet huoltoty\u00f6t t\u00e4ll\u00e4 alueella pitk\u00e4lle, niin sitten puomit ovat kiinni.<\/p>\n<p class=\"article-body mb-nof-24 px-nof-16\">Oittaalla oli tiistaina iltap\u00e4iv\u00e4ll\u00e4 2,3 kilometri\u00e4 tykkilatua. Pohjattuja uria Oittaalta ja l\u00e4hialueilta l\u00f6ytyy noin 40 kilometri\u00e4.<\/p>\n<p class=\"article-body mb-nof-24 px-nof-16\">Salon mukaan Oittaan latuja jatketaan lumen ajamisella tiistai-iltana kello 21 alkaen. Tykkilunta on kasassa ainakin 15\u202f000 kuutiota.<\/p>\n<p class=\"article-body mb-nof-24 px-nof-16\">Suksille p\u00e4\u00e4see my\u00f6s muualla Espoossa. Salo kertoo, ett\u00e4 Keskuspuiston latuja on pohjattu ja tykkilumiladun tekeminen Puolarmaarissa on jo pitk\u00e4ll\u00e4. T\u00e4ll\u00e4 viikolla tykkilatua tulee lis\u00e4\u00e4 kilometrin verran.<\/p>\n<p class=\"article-body mb-nof-24 px-nof-16\">Lepp\u00e4vaaraan valmistui maanantaina 2,5 kilometri\u00e4 tykkilumilatua, ja lumen levitys jatkuu siell\u00e4kin. Lepp\u00e4vaarassa ja Oittaalla on lis\u00e4ksi lumetetut pulkkam\u00e4et.<\/p>\n","protected":false},"excerpt":{"rendered":"Mika Salo kertoo erikoisesta tilanteesta. Espoon Oittaalla sivakoineet hiiht\u00e4j\u00e4t hieraisivat maanantai-iltana silmi\u00e4\u00e4n, kun kaksi taksinkuljettajaa suhaili t\u00e4ysin v\u00e4\u00e4r\u00e4ss\u00e4&hellip;\n","protected":false},"author":2,"featured_media":141274,"comment_status":"","ping_status":"","sticky":false,"template":"","format":"standard","meta":{"footnotes":""},"categories":[5],"tags":[22,23,26,27,33,31,30,17,34,24,25,28,29,15,18,21,32,19,20,16],"class_list":{"0":"post-141273","1":"post","2":"type-post","3":"status-publish","4":"format-standard","5":"has-post-thumbnail","7":"category-otsikot","8":"tag-breaking-news","9":"tag-breakingnews","10":"tag-featured-news","11":"tag-featurednews","12":"tag-fi","13":"tag-finland","14":"tag-finnish","15":"tag-headlines","16":"tag-ilta-sanomat","17":"tag-latest-news","18":"tag-latestnews","19":"tag-main-news","20":"tag-mainnews","21":"tag-news","22":"tag-otsikot","23":"tag-paauutiset","24":"tag-suomi","25":"tag-top-stories","26":"tag-topstories","27":"tag-uutiset"},"share_on_mastodon":{"url":"https:\/\/pubeurope.com\/@fi\/115888596092548993","error":""},"_links":{"self":[{"href":"https:\/\/www.europesays.com\/fi\/wp-json\/wp\/v2\/posts\/141273","targetHints":{"allow":["GET"]}}],"collection":[{"href":"https:\/\/www.europesays.com\/fi\/wp-json\/wp\/v2\/posts"}],"about":[{"href":"https:\/\/www.europesays.com\/fi\/wp-json\/wp\/v2\/types\/post"}],"author":[{"embeddable":true,"href":"https:\/\/www.europesays.com\/fi\/wp-json\/wp\/v2\/users\/2"}],"replies":[{"embeddable":true,"href":"https:\/\/www.europesays.com\/fi\/wp-json\/wp\/v2\/comments?post=141273"}],"version-history":[{"count":0,"href":"https:\/\/www.europesays.com\/fi\/wp-json\/wp\/v2\/posts\/141273\/revisions"}],"wp:featuredmedia":[{"embeddable":true,"href":"https:\/\/www.europesays.com\/fi\/wp-json\/wp\/v2\/media\/141274"}],"wp:attachment":[{"href":"https:\/\/www.europesays.com\/fi\/wp-json\/wp\/v2\/media?parent=141273"}],"wp:term":[{"taxonomy":"category","embeddable":true,"href":"https:\/\/www.europesays.com\/fi\/wp-json\/wp\/v2\/categories?post=141273"},{"taxonomy":"post_tag","embeddable":true,"href":"https:\/\/www.europesays.com\/fi\/wp-json\/wp\/v2\/tags?post=141273"}],"curies":[{"name":"wp","href":"https:\/\/api.w.org\/{rel}","templated":true}]}}