{"id":141277,"date":"2026-01-13T16:04:07","date_gmt":"2026-01-13T16:04:07","guid":{"rendered":"https:\/\/www.europesays.com\/fi\/141277\/"},"modified":"2026-01-13T16:04:07","modified_gmt":"2026-01-13T16:04:07","slug":"viva-meiju-suvaksen-lempiharrastus-alkaa-vasta-yolla-puoliso-nukkuu-eri-huoneessa","status":"publish","type":"post","link":"https:\/\/www.europesays.com\/fi\/141277\/","title":{"rendered":"Viva: Meiju Suvaksen lempiharrastus alkaa vasta y\u00f6ll\u00e4 \u2013 puoliso nukkuu eri huoneessa"},"content":{"rendered":"<p>  <img decoding=\"async\" class=\"article-header-image__featured-image awpo-lazy\" alt=\"\" src=\"https:\/\/www.europesays.com\/fi\/wp-content\/uploads\/2026\/01\/viva_meiju_suvas30432_edit_preview.jpg\"\/><\/p>\n<p class=\"article-header__excerpt \">\n    Laulaja Meiju Suvas kertoo Vivassa, miksi erilaiset el\u00e4m\u00e4nrytmit ja kiinnostuksen kohteet eiv\u00e4t ole horjuttaneet h\u00e4nen parisuhdettaan vuosien varrella.  <\/p>\n<dl class=\"article-meta__list\">\n<p><dt class=\"article-meta__role\">Teksti<\/dt>\n<dd class=\"article-meta__name\">Toimitus<\/dd>\n<\/p>\n<p><dt class=\"article-meta__role\">Kuvat<\/dt>\n<dd class=\"article-meta__name\">Liisa Valonen<\/dd>\n<\/p>\n<dt class=\"screen-reader-text\">Julkaisup\u00e4iv\u00e4m\u00e4\u00e4r\u00e4<\/dt>\n<dd>\n<p>        13.1.2026\n    <\/dd>\n<\/dl>\n<p>Laulaja <strong>Meiju Suvas<\/strong>, 66, my\u00f6nt\u00e4\u00e4 uudessa <a href=\"https:\/\/anna.fi\/ihmiset\/meiju-suvas-vivassa\" rel=\"nofollow noopener\" target=\"_blank\">Vivassa<\/a>, ett\u00e4 h\u00e4ness\u00e4 piilee halu shokeeraamiseen. H\u00e4n heitt\u00e4ytyy rohkeasti, vaikka helsinkil\u00e4isen klubin lavalle sensuellin burleskishow-ryhm\u00e4n p\u00e4\u00e4t\u00e4hdeksi.<\/p>\n<p>\u201dEsiintyj\u00e4t ovat upeita naisia, jotka viis veisaavat siit\u00e4, mit\u00e4 muut ajattelevat. Koen hengenheimolaisuutta, sill\u00e4 oma asenteeni on, ett\u00e4 mieluummin \u00f6verit kuin vajarit\u201d, Meiju sanoo Vivassa. <\/p>\n<p>Meiju on tehnyt monta asiaa eri aikaan kuin muut. Perheen h\u00e4n perusti vasta nelikymppisen\u00e4 ja sen sijaan, ett\u00e4 h\u00e4n nauttisi nyt p\u00e4\u00e4lle kuusikymppisen\u00e4 el\u00e4kep\u00e4ivist\u00e4\u00e4n, vauhti on vain kiihtynyt.<\/p>\n<p>Meijun aviomies <strong>John Berger<\/strong>, Jontte, on my\u00f6s jatkanut t\u00f6it\u00e4 sisustusrakennealan yrityksess\u00e4\u00e4n. Yhteinen intohimo on ruoka, mutta monia asioita pariskunta tekee kumpikin tahollaan. Heid\u00e4n p\u00e4iv\u00e4rytmins\u00e4 ovat erilaiset, ja he nukkuvat eri huoneissa, toinen alakerrassa, toinen yl\u00e4kerrassa.<\/p>\n<p>\u201dMinulla on kaksi johdotonta varsi-imuria, toinen yl\u00e4- toinen alakerrassa ja niiss\u00e4 on molemmissa sellaiset laservalot, jotka paljastavat pime\u00e4ss\u00e4 pienimm\u00e4tkin p\u00f6lyhippuset. Y\u00f6ll\u00e4 imurointi on lempiharrastukseni, koska silloin n\u00e4en parhaiten ty\u00f6ni tuloksen\u201d, Meiju kertoo Vivassa.<\/p>\n<p>Meiju hullaantui vanhaan pomoonsa<\/p>\n<p>Pari on tutustunut toisiinsa jo parikymppisen\u00e4, kun Meiju oli tulevan miehens\u00e4 sihteerin\u00e4. Lempi syttyi kuitenkin vasta parikymment\u00e4 vuotta my\u00f6hemmin. Nelikymppisell\u00e4 naisella oli silloin takanaan jo kaksi pitk\u00e4hk\u00f6\u00e4 suhdetta sek\u00e4 muutama \u201dv\u00e4likausitakki\u201d. H\u00e4nell\u00e4 oli my\u00f6s pieni tyt\u00e4r. <\/p>\n<p>Nuoruudenaikainen pomo tuli k\u00e4ym\u00e4\u00e4n rakennusasioissa ja kohtaaminen oli l\u00e4mmin. Samalla k\u00e4vi ilmi, ett\u00e4 vanha tuttu oli my\u00f6s eronnut ja vapaa.<\/p>\n<p>\u201dAjattelin, ett\u00e4 ahaa ja okei. Niinp\u00e4 kutsuin h\u00e4net sy\u00f6m\u00e4\u00e4n. H\u00e4n tuli, ja j\u00e4i, ja enp\u00e4 ole sen j\u00e4lkeen kovin usein h\u00e4nelle ruokaa tehnytk\u00e4\u00e4n. H\u00e4n on nimitt\u00e4in innokkaampi ja parempi ruoanlaittaja kuin min\u00e4\u201d, Meiju muistelee Vivassa.<\/p>\n<p>Suhteessa t\u00e4rkeint\u00e4 Meijun mielest\u00e4 on luottamus, eri kiinnostuksen kohteista huolimatta.<\/p>\n<p>\u201dTied\u00e4mme, ett\u00e4 toinen pysyy koko ajan siin\u00e4 rinnalla. Minulle t\u00e4rkeint\u00e4 on musiikki ja h\u00e4nelle oma yrityksens\u00e4. Molemmille t\u00e4rkeit\u00e4 ovat tietysti meid\u00e4n lapset ja koirat\u201d, Meiju kertoo Vivassa. <\/p>\n<p>Toisessa ihmisess\u00e4 Meiju arvostaa eniten rehellisyytt\u00e4, huumorintajua ja \u00e4lykkyytt\u00e4 sek\u00e4 sit\u00e4, ett\u00e4 ihminen osaa ottaa kanssaihmiset huomioon.<\/p>\n<p>\u201dEl\u00e4m\u00e4\u00e4n pit\u00e4\u00e4 suhtautua tosissaan, mutta kaiken alla t\u00e4ytyy s\u00e4ily\u00e4 iloinen pohjavire. Elo on liian raskasta, jos siin\u00e4 ei ole yht\u00e4\u00e4n pilkett\u00e4\u201d, Meiju toteaa Vivassa.<\/p>\n<p><strong>Lue koko Vivan juttu:<\/strong> <a href=\"https:\/\/anna.fi\/ihmiset\/meiju-suvas-vivassa\" rel=\"nofollow noopener\" target=\"_blank\">\u00c4iti j\u00e4tti kuolinvuoteellaan poikkeuksellisen j\u00e4ljen Meiju Suvaksen pikkurilliin: \u201dKului vasta v\u00e4hitellen\u201d<\/a><\/p>\n<p>        Toimitus suosittelee<\/p>\n<p>Kaupalliset yhteisty\u00f6t<br \/>\nSuosituimmat<\/p>\n<p>Kaupalliset yhteisty\u00f6t<\/p>\n","protected":false},"excerpt":{"rendered":"Laulaja Meiju Suvas kertoo Vivassa, miksi erilaiset el\u00e4m\u00e4nrytmit ja kiinnostuksen kohteet eiv\u00e4t ole horjuttaneet h\u00e4nen parisuhdettaan vuosien varrella.&hellip;\n","protected":false},"author":2,"featured_media":141278,"comment_status":"","ping_status":"","sticky":false,"template":"","format":"standard","meta":{"footnotes":""},"categories":[136],"tags":[407,137,33,31,30,408,3319,32,109],"class_list":{"0":"post-141277","1":"post","2":"type-post","3":"status-publish","4":"format-standard","5":"has-post-thumbnail","7":"category-julkkikset","8":"tag-celebrities","9":"tag-entertainment","10":"tag-fi","11":"tag-finland","12":"tag-finnish","13":"tag-julkkikset","14":"tag-laulajat","15":"tag-suomi","16":"tag-viihde"},"share_on_mastodon":{"url":"https:\/\/pubeurope.com\/@fi\/115888643327839630","error":""},"_links":{"self":[{"href":"https:\/\/www.europesays.com\/fi\/wp-json\/wp\/v2\/posts\/141277","targetHints":{"allow":["GET"]}}],"collection":[{"href":"https:\/\/www.europesays.com\/fi\/wp-json\/wp\/v2\/posts"}],"about":[{"href":"https:\/\/www.europesays.com\/fi\/wp-json\/wp\/v2\/types\/post"}],"author":[{"embeddable":true,"href":"https:\/\/www.europesays.com\/fi\/wp-json\/wp\/v2\/users\/2"}],"replies":[{"embeddable":true,"href":"https:\/\/www.europesays.com\/fi\/wp-json\/wp\/v2\/comments?post=141277"}],"version-history":[{"count":0,"href":"https:\/\/www.europesays.com\/fi\/wp-json\/wp\/v2\/posts\/141277\/revisions"}],"wp:featuredmedia":[{"embeddable":true,"href":"https:\/\/www.europesays.com\/fi\/wp-json\/wp\/v2\/media\/141278"}],"wp:attachment":[{"href":"https:\/\/www.europesays.com\/fi\/wp-json\/wp\/v2\/media?parent=141277"}],"wp:term":[{"taxonomy":"category","embeddable":true,"href":"https:\/\/www.europesays.com\/fi\/wp-json\/wp\/v2\/categories?post=141277"},{"taxonomy":"post_tag","embeddable":true,"href":"https:\/\/www.europesays.com\/fi\/wp-json\/wp\/v2\/tags?post=141277"}],"curies":[{"name":"wp","href":"https:\/\/api.w.org\/{rel}","templated":true}]}}