{"id":141279,"date":"2026-01-13T16:07:07","date_gmt":"2026-01-13T16:07:07","guid":{"rendered":"https:\/\/www.europesays.com\/fi\/141279\/"},"modified":"2026-01-13T16:07:07","modified_gmt":"2026-01-13T16:07:07","slug":"asian-ytimessa-nahdaanko-iranissa-vallankumous-ali-jahangiri","status":"publish","type":"post","link":"https:\/\/www.europesays.com\/fi\/141279\/","title":{"rendered":"Asian ytimess\u00e4: N\u00e4hd\u00e4\u00e4nk\u00f6 Iranissa vallankumous, Ali Jahangiri?"},"content":{"rendered":"<p><strong class=\"typography-bold\">Kansannousua yritet\u00e4\u00e4n tukahduttaa v\u00e4kivallalla \u2013 n\u00e4hd\u00e4\u00e4nk\u00f6 Iranissa vallankumous, Ali Jahangiri? Asian ytimess\u00e4 suorana MTV Katsomossa kello 19.30 alkaen.<\/strong><\/p>\n<p>Iranissa hallintoa vastustavat mielenosoitukset jatkuvat jo kolmatta viikkoa ja tiedot kuolonuhreista vaihtelevat sadoista jopa tuhansiin.\u00a0<\/p>\n<p>Kysymme t\u00e4n\u00e4\u00e4n tunnetuilta Suomessa asuvilta iranilaistaustaisilta, mit\u00e4 he ajattelevat maan tilanteesta, mit\u00e4 Yhdysvaltojen v\u00e4liintulosta voisi seurata \u2013 ja kaatuuko maan islamistinen hallinto.<\/p>\n<p><strong class=\"typography-bold\">N\u00e4hd\u00e4\u00e4nk\u00f6 Iranissa vallankumous? Asian ytimess\u00e4 -ohjelmassa tiistaina 13. tammikuuta juontaja, koomikko ja K-kauppias Ali Jahangiri ja toimittaja Jarno Miettinen.<\/strong><\/p>\n<p><strong class=\"typography-bold\">Asian ytimess\u00e4 suorana l\u00e4hetyksen\u00e4\u00a0<\/strong><a class=\"underline\" data-testid=\"external-link\" href=\"https:\/\/www.mtv.fi\/video\/84fc987a5c583a202c8f\/jakso-4-asian-ytimessa\" rel=\"noopener noreferrer nofollow\" target=\"_blank\" data-sentry-component=\"ExternalLink\" data-sentry-source-file=\"ExternalLink.tsx\"><strong class=\"typography-bold\">MTV Katsomossa<\/strong><\/a><strong class=\"typography-bold\"> kello 19.30 alkaen.<\/strong><\/p>\n<p><strong class=\"typography-bold\">Lue my\u00f6s: <\/strong><a class=\"cursor-pointer underline\" data-testid=\"internal-link\" role=\"link\" data-sentry-element=\"Link\" data-sentry-component=\"InternalLink\" data-sentry-source-file=\"InternalLink.tsx\" href=\"https:\/\/www.mtvuutiset.fi\/artikkeli\/jarjestot-iranissa-meneillaan-mielenosoittajien-laajamittaiset-joukkosurmat\/9281728\" rel=\"nofollow noopener\" target=\"_blank\"><strong class=\"typography-bold\">J\u00e4rjest\u00f6jen mukaan Iranissa on k\u00e4ynniss\u00e4 mielenosoittajien laajamittaiset joukkosurmat \u2013 YK vaatii Irania lopettamaan tappamisen<\/strong><\/a><a class=\"cursor-pointer underline\" data-testid=\"internal-link\" role=\"link\" data-sentry-element=\"Link\" data-sentry-component=\"InternalLink\" data-sentry-source-file=\"InternalLink.tsx\" href=\"https:\/\/www.mtvuutiset.fi\/artikkeli\/trumpille-esitelty-mahdollisia-toimia-irania-vastaan-valikoimassa-myos-kyber-ja-psykologisia-operaatioita\/9281690\" rel=\"nofollow noopener\" target=\"_blank\"><\/a><\/p>\n","protected":false},"excerpt":{"rendered":"Kansannousua yritet\u00e4\u00e4n tukahduttaa v\u00e4kivallalla \u2013 n\u00e4hd\u00e4\u00e4nk\u00f6 Iranissa vallankumous, Ali Jahangiri? Asian ytimess\u00e4 suorana MTV Katsomossa kello 19.30 alkaen.&hellip;\n","protected":false},"author":2,"featured_media":141280,"comment_status":"","ping_status":"","sticky":false,"template":"","format":"standard","meta":{"footnotes":""},"categories":[133],"tags":[137,33,31,30,32,206,156,109],"class_list":{"0":"post-141279","1":"post","2":"type-post","3":"status-publish","4":"format-standard","5":"has-post-thumbnail","7":"category-televisiot","8":"tag-entertainment","9":"tag-fi","10":"tag-finland","11":"tag-finnish","12":"tag-suomi","13":"tag-televisiot","14":"tag-tv","15":"tag-viihde"},"share_on_mastodon":{"url":"https:\/\/pubeurope.com\/@fi\/115888655085005906","error":""},"_links":{"self":[{"href":"https:\/\/www.europesays.com\/fi\/wp-json\/wp\/v2\/posts\/141279","targetHints":{"allow":["GET"]}}],"collection":[{"href":"https:\/\/www.europesays.com\/fi\/wp-json\/wp\/v2\/posts"}],"about":[{"href":"https:\/\/www.europesays.com\/fi\/wp-json\/wp\/v2\/types\/post"}],"author":[{"embeddable":true,"href":"https:\/\/www.europesays.com\/fi\/wp-json\/wp\/v2\/users\/2"}],"replies":[{"embeddable":true,"href":"https:\/\/www.europesays.com\/fi\/wp-json\/wp\/v2\/comments?post=141279"}],"version-history":[{"count":0,"href":"https:\/\/www.europesays.com\/fi\/wp-json\/wp\/v2\/posts\/141279\/revisions"}],"wp:featuredmedia":[{"embeddable":true,"href":"https:\/\/www.europesays.com\/fi\/wp-json\/wp\/v2\/media\/141280"}],"wp:attachment":[{"href":"https:\/\/www.europesays.com\/fi\/wp-json\/wp\/v2\/media?parent=141279"}],"wp:term":[{"taxonomy":"category","embeddable":true,"href":"https:\/\/www.europesays.com\/fi\/wp-json\/wp\/v2\/categories?post=141279"},{"taxonomy":"post_tag","embeddable":true,"href":"https:\/\/www.europesays.com\/fi\/wp-json\/wp\/v2\/tags?post=141279"}],"curies":[{"name":"wp","href":"https:\/\/api.w.org\/{rel}","templated":true}]}}