{"id":141283,"date":"2026-01-13T16:11:09","date_gmt":"2026-01-13T16:11:09","guid":{"rendered":"https:\/\/www.europesays.com\/fi\/141283\/"},"modified":"2026-01-13T16:11:09","modified_gmt":"2026-01-13T16:11:09","slug":"sivert-bakken-laskettiin-haudan-lepoon-ystava-muistelee-hanta-kaskettiin-lopettamaan","status":"publish","type":"post","link":"https:\/\/www.europesays.com\/fi\/141283\/","title":{"rendered":"Sivert Bakken laskettiin haudan lepoon \u2013 Yst\u00e4v\u00e4 muistelee: \u201dH\u00e4nt\u00e4 k\u00e4skettiin lopettamaan\u201d"},"content":{"rendered":"<p>Joulun alla kuollut ampumahiiht\u00e4j\u00e4 haudattiin. <\/p>\n<p><img decoding=\"async\" class=\"image image-show image-preview\" src=\"https:\/\/www.europesays.com\/fi\/wp-content\/uploads\/2026\/01\/d07661dfa2bdd37069622b0de37d366e945bb35c755c1453e3ac335941a52d7a.jpg\" alt=\"\"\/><img decoding=\"async\" class=\"image image-show\" src=\"https:\/\/www.europesays.com\/fi\/wp-content\/uploads\/2026\/01\/1768320668_653_d07661dfa2bdd37069622b0de37d366e945bb35c755c1453e3ac335941a52d7a.jpg\" alt=\"\"\/><\/p>\n<p>Sivert Bakkenia muistettiin Lillehammerissa ja Ruhpoldingissa.  AOP<\/p>\n<p class=\"paragraph\">Norjalaisen ampumahiiht\u00e4j\u00e4 <strong>Sivert Bakkenin<\/strong> hautajaiset pidettiin tiistaina synnyinkaupunki Lillehammerissa.<\/p>\n<p class=\"paragraph\">VG:n mukaan paikalla on perhett\u00e4, yst\u00e4vi\u00e4 ja ampumahiihtokollegoita.<\/p>\n<p class=\"paragraph\">Yksi heist\u00e4 on Norjan maajoukkuekaveri <strong>Sturla Holm L\u00e6greid<\/strong>.<\/p>\n<p class=\"paragraph\">\u2013 Sivert on se, joka on todella inspiroinut minua. Olen tuntenut h\u00e4net pitk\u00e4n aikaa ja ollut osa h\u00e4nen yl\u00e4- ja alam\u00e4ki\u00e4\u00e4n my\u00f6hemmin. Seurasin, kun h\u00e4n taisteli takaisin sairastelujen j\u00e4ljilt\u00e4, L\u00e6greid <a href=\"https:\/\/www.vg.no\/sport\/i\/q6AJle\/sivert-guttorm-bakken-bisettes-fryktelig-tungt-og-trist\" target=\"_blank\" rel=\"noopener nofollow\">sanoi<\/a> VG:lle.<\/p>\n<p class=\"paragraph\">Bakkenin uraa haittasivat syd\u00e4nvaivat.<\/p>\n<p class=\"paragraph\">\u2013 H\u00e4nt\u00e4 k\u00e4skettiin lopettamaan ja tekem\u00e4\u00e4n jotain muuta, mutta Sivert ei koskaan luovuttanut. H\u00e4n taisteli kovemmin kuin kukaan ja n\u00e4ytti, ett\u00e4 h\u00e4n pystyisi siihen. H\u00e4nen tarinassaan on voimaa.<\/p>\n<p class=\"paragraph\">Bakken l\u00f6ydettiin kuolleena hotellihuoneestaan joulun aatonaattona Passo Lavaz\u00e8ssa Pohjois-Italiassa. 27-vuotiaana kuolleen urheilijan kuolinsyy ei ole tiedossa.<\/p>\n<p>Toinenkin tilaisuus<\/p>\n<p class=\"paragraph\">Hautajaiset alkoivat Nordre \u00c5lin kirkossa klo 11 paikallista aikaa.<\/p>\n<p class=\"paragraph\">VG:n artikkelissa on kuva muistop\u00f6yd\u00e4lle asetetusta Bakkenin kuvasta. Siin\u00e4 kisatamineisiin pukeutunut norjalainen hymyilee sukset ja Norjan lippu k\u00e4siss\u00e4\u00e4n.<\/p>\n<p class=\"paragraph\">Samaan aikaan Bakkenille j\u00e4rjestettiin muistotilaisuus Ruhpoldingissa, jossa osa urheilijoista on valmistautumassa viikonlopun maailmancupiin.<\/p>\n<p><a href=\"https:\/\/www.iltalehti.fi\/telkku\/?utm_source=iltalehti.fi&amp;utm_medium=almainternal&amp;utm_campaign=urheilu_artikkelibanneri&amp;utm_content=banner_612_a\" rel=\"nofollow noopener\" target=\"_blank\"><img decoding=\"async\" src=\"https:\/\/www.europesays.com\/fi\/wp-content\/uploads\/2025\/08\/7ef604e47d46ca174b7df4149bd3557dbde56a86d520f8e1b2125548b0a2e03a.png\" alt=\"TV-ohjelmat t\u00e4n\u00e4\u00e4n, TV-opas\"\/><\/a><\/p>\n","protected":false},"excerpt":{"rendered":"Joulun alla kuollut ampumahiiht\u00e4j\u00e4 haudattiin. Sivert Bakkenia muistettiin Lillehammerissa ja Ruhpoldingissa. AOP Norjalaisen ampumahiiht\u00e4j\u00e4 Sivert Bakkenin hautajaiset pidettiin&hellip;\n","protected":false},"author":2,"featured_media":141284,"comment_status":"","ping_status":"","sticky":false,"template":"","format":"standard","meta":{"footnotes":""},"categories":[158],"tags":[35,33,31,30,2096,41,3318,2668,159,32,1145,160],"class_list":{"0":"post-141283","1":"post","2":"type-post","3":"status-publish","4":"format-standard","5":"has-post-thumbnail","7":"category-urheilu","8":"tag-24h","9":"tag-fi","10":"tag-finland","11":"tag-finnish","12":"tag-hiihtolajit","13":"tag-liikunta-ja-urheilu","14":"tag-maastohiihto","15":"tag-pohjoismaiset-hiihtolajit","16":"tag-sports","17":"tag-suomi","18":"tag-talviurheilu","19":"tag-urheilu"},"share_on_mastodon":{"url":"https:\/\/pubeurope.com\/@fi\/115888671010355236","error":""},"_links":{"self":[{"href":"https:\/\/www.europesays.com\/fi\/wp-json\/wp\/v2\/posts\/141283","targetHints":{"allow":["GET"]}}],"collection":[{"href":"https:\/\/www.europesays.com\/fi\/wp-json\/wp\/v2\/posts"}],"about":[{"href":"https:\/\/www.europesays.com\/fi\/wp-json\/wp\/v2\/types\/post"}],"author":[{"embeddable":true,"href":"https:\/\/www.europesays.com\/fi\/wp-json\/wp\/v2\/users\/2"}],"replies":[{"embeddable":true,"href":"https:\/\/www.europesays.com\/fi\/wp-json\/wp\/v2\/comments?post=141283"}],"version-history":[{"count":0,"href":"https:\/\/www.europesays.com\/fi\/wp-json\/wp\/v2\/posts\/141283\/revisions"}],"wp:featuredmedia":[{"embeddable":true,"href":"https:\/\/www.europesays.com\/fi\/wp-json\/wp\/v2\/media\/141284"}],"wp:attachment":[{"href":"https:\/\/www.europesays.com\/fi\/wp-json\/wp\/v2\/media?parent=141283"}],"wp:term":[{"taxonomy":"category","embeddable":true,"href":"https:\/\/www.europesays.com\/fi\/wp-json\/wp\/v2\/categories?post=141283"},{"taxonomy":"post_tag","embeddable":true,"href":"https:\/\/www.europesays.com\/fi\/wp-json\/wp\/v2\/tags?post=141283"}],"curies":[{"name":"wp","href":"https:\/\/api.w.org\/{rel}","templated":true}]}}