{"id":141287,"date":"2026-01-13T16:15:11","date_gmt":"2026-01-13T16:15:11","guid":{"rendered":"https:\/\/www.europesays.com\/fi\/141287\/"},"modified":"2026-01-13T16:15:11","modified_gmt":"2026-01-13T16:15:11","slug":"jyvaskylan-yliopisto-sai-240-000-euron-rahoituksen-sote-palveluiden-toiminnan-tehostamiseen-hanke-selvittaa-tekoalyn-kayttoa-palveluiden-laadun-ja-johtamisen-parantamisessa","status":"publish","type":"post","link":"https:\/\/www.europesays.com\/fi\/141287\/","title":{"rendered":"Jyv\u00e4skyl\u00e4n yliopisto sai 240 000 euron rahoituksen SOTE-palveluiden toiminnan tehostamiseen \u2013 hanke selvitt\u00e4\u00e4 teko\u00e4lyn k\u00e4ytt\u00f6\u00e4 palveluiden laadun ja johtamisen parantamisessa"},"content":{"rendered":"<p><strong><\/p>\n<p>Jyv\u00e4skyl\u00e4n yliopisto sai Suomen Akatemialta 240 000 euron rahoituksen tietoon perustuvan p\u00e4\u00e4t\u00f6ksenteon ja johtamisen tukemiseen sosiaali- ja terveydenhuollossa teko\u00e4ly\u00e4 ja data-analytiikkaa hy\u00f6dynt\u00e4en. Hanketta johtaa Pohjois-Savon hyvinvointialue ja siin\u00e4 on mukana kaikkiaan viisi toimijaa.<\/p>\n<p><\/strong><\/p>\n<p>Suomen Akatemia my\u00f6nsi Jyv\u00e4skyl\u00e4n yliopistolle 240\u00a0000 euron rahoituksen hankkeelle, jonka tavoitteena on parantaa johtamista, suunnittelua ja palveluiden laatua sosiaali- ja terveydenhuollossa data-analytiikkaa ja teko\u00e4ly\u00e4 hy\u00f6dynt\u00e4m\u00e4ll\u00e4.<\/p>\n<p>Hanketta johtaa Pohjois-Savon hyvinvointialue ja siin\u00e4 ovat mukana Jyv\u00e4skyl\u00e4n yliopiston lis\u00e4ksi It\u00e4-Suomen yliopisto sek\u00e4 Etel\u00e4-Savon ja Varsinais-Suomen hyvinvointialueet. Suomen Akatemian my\u00f6nt\u00e4m\u00e4 kokonaisrahoitus hankkeelle on yhteens\u00e4 800\u00a0000 euroa.<\/p>\n<p>Hankkeen Jyv\u00e4skyl\u00e4n osuutta koordinoiva professori <strong>Tommi Mikkonen\u00a0<\/strong>kertoo, ett\u00e4 tarkoituksena on tukea johtajia tietoon perustuvassa p\u00e4\u00e4t\u00f6ksenteossa ja auttaa tekem\u00e4\u00e4n p\u00e4\u00e4t\u00f6ksi\u00e4, jotka parantavat paitsi hoidon laatua my\u00f6s henkil\u00f6st\u00f6n hyvinvointia ja resurssien k\u00e4ytt\u00f6\u00e4 sosiaali- ja terveydenhuollossa.<\/p>\n<p>\u201dT\u00e4llaisessa hankkeessa on t\u00e4rke\u00e4\u00e4 p\u00e4\u00e4st\u00e4 tekem\u00e4\u00e4n yhteisty\u00f6t\u00e4 yliopistojen lis\u00e4ksi my\u00f6s hyvinvointialueiden kanssa. Silloin toimintaa p\u00e4\u00e4st\u00e4\u00e4n suunnittelemaan yhdess\u00e4 ammattilaisten ja potilaiden kanssa ja <strong>tuloksia<\/strong> p\u00e4\u00e4st\u00e4\u00e4n pilotoimaan todellisissa toimintaymp\u00e4rist\u00f6iss\u00e4\u201d, Mikkonen kuvailee.<\/p>\n<p>OPTIMISE \u2013 Suorituskyvyn optimointi sosiaali- ja terveydenhuollon ekosysteemeiss\u00e4 integroitujen johtamis- ja tietoratkaisujen avulla -nimell\u00e4 kulkevalle hankkeelle my\u00f6nnetty rahoitus on kolmivuotinen. Rahoitus on osa Suomen Akatemian rahoituskierrosta, jolla tavoitellaan korkeampaa sote-sektorin tuottavuutta my\u00f6s nykyist\u00e4 parempaa hoidon laatua. Rahoituksen on my\u00f6s tarkoitus lis\u00e4t\u00e4 hyvinvointialueiden T&amp;K-yhteisty\u00f6t\u00e4 yliopistojen ja muiden tutkimustoimijoiden kanssa.<\/p>\n","protected":false},"excerpt":{"rendered":"Jyv\u00e4skyl\u00e4n yliopisto sai Suomen Akatemialta 240 000 euron rahoituksen tietoon perustuvan p\u00e4\u00e4t\u00f6ksenteon ja johtamisen tukemiseen sosiaali- ja terveydenhuollossa&hellip;\n","protected":false},"author":2,"featured_media":141288,"comment_status":"","ping_status":"","sticky":false,"template":"","format":"standard","meta":{"footnotes":""},"categories":[76],"tags":[79,77,33,31,30,32,78],"class_list":{"0":"post-141287","1":"post","2":"type-post","3":"status-publish","4":"format-standard","5":"has-post-thumbnail","7":"category-talous","8":"tag-business","9":"tag-economy","10":"tag-fi","11":"tag-finland","12":"tag-finnish","13":"tag-suomi","14":"tag-talous"},"share_on_mastodon":{"url":"https:\/\/pubeurope.com\/@fi\/115888686668641782","error":""},"_links":{"self":[{"href":"https:\/\/www.europesays.com\/fi\/wp-json\/wp\/v2\/posts\/141287","targetHints":{"allow":["GET"]}}],"collection":[{"href":"https:\/\/www.europesays.com\/fi\/wp-json\/wp\/v2\/posts"}],"about":[{"href":"https:\/\/www.europesays.com\/fi\/wp-json\/wp\/v2\/types\/post"}],"author":[{"embeddable":true,"href":"https:\/\/www.europesays.com\/fi\/wp-json\/wp\/v2\/users\/2"}],"replies":[{"embeddable":true,"href":"https:\/\/www.europesays.com\/fi\/wp-json\/wp\/v2\/comments?post=141287"}],"version-history":[{"count":0,"href":"https:\/\/www.europesays.com\/fi\/wp-json\/wp\/v2\/posts\/141287\/revisions"}],"wp:featuredmedia":[{"embeddable":true,"href":"https:\/\/www.europesays.com\/fi\/wp-json\/wp\/v2\/media\/141288"}],"wp:attachment":[{"href":"https:\/\/www.europesays.com\/fi\/wp-json\/wp\/v2\/media?parent=141287"}],"wp:term":[{"taxonomy":"category","embeddable":true,"href":"https:\/\/www.europesays.com\/fi\/wp-json\/wp\/v2\/categories?post=141287"},{"taxonomy":"post_tag","embeddable":true,"href":"https:\/\/www.europesays.com\/fi\/wp-json\/wp\/v2\/tags?post=141287"}],"curies":[{"name":"wp","href":"https:\/\/api.w.org\/{rel}","templated":true}]}}