{"id":141293,"date":"2026-01-13T16:18:07","date_gmt":"2026-01-13T16:18:07","guid":{"rendered":"https:\/\/www.europesays.com\/fi\/141293\/"},"modified":"2026-01-13T16:18:07","modified_gmt":"2026-01-13T16:18:07","slug":"lumivyory-vei-olympiamitalisti-ueli-kestenholzin-hengen-sveitsissa-urheilua-lyhyesti","status":"publish","type":"post","link":"https:\/\/www.europesays.com\/fi\/141293\/","title":{"rendered":"Lumivy\u00f6ry vei olympiamitalisti Ueli Kestenholzin hengen Sveitsiss\u00e4 | Urheilua lyhyesti"},"content":{"rendered":"<p class=\"aw-1gybjub aw-5vja16 kEtdKx kmuxyA yle__article__paragraph\">Sveitsil\u00e4inen sijoittui kolmanneksi lumilautailun suurpujottelussa vuoden 1998 Naganon olympialaisissa. <\/p>\n<p><img decoding=\"async\" alt=\"Naganon talviolympialaisten pronssimitalisti Ueli Kestenholz esittelee mitaliaan kotikaupunkinsa Thunin kaupungintalon edess\u00e4 Sveitsiss\u00e4 16. helmikuuta 1998. Kuva julkaistu uudelleen 13. tammikuuta 2026. Kestenholz kuoli 50-vuotiaana Loetschentalin laaksossa 11. tammikuuta 2026 lumivy\u00f6ryonnettomuudessa saamiinsa vammoihin.\" src=\"https:\/\/www.europesays.com\/fi\/wp-content\/uploads\/2026\/01\/39-158068369665dec08d9a.jpeg\" class=\"aw-1l9m598 hKVVvP\"\/><\/p>\n<p>Avaa kuvien katselu<\/p>\n<p>Sveitsil\u00e4inen lumilautailija ja Naganon talviolympialaisten pronssimitalisti Ueli Kestenholz esittelee mitaliaan kotikaupunkinsa Thunin kaupungintalon edess\u00e4 16. helmikuuta 1998 (julkaistu uudelleen 13. tammikuuta 2026). Kuva: EPA<\/p>\n<p class=\"aw-1gybjub aw-1p7kakr kEtdKx cEmitX yle__article__paragraph\">Lumilautailija <strong class=\"aw-ak79eh KyCXm yle__article__strong\">Ueli Kestenholz<\/strong> kuoli j\u00e4\u00e4ty\u00e4\u00e4n lumivy\u00f6ryn alle. H\u00e4n voitti pronssia lajin ensimm\u00e4isess\u00e4 olympiakilpailussa, Sveitsin hiihtoliitto kertoi asiasta tiistaina. H\u00e4n oli 50-vuotias.<\/p>\n<p class=\"aw-1gybjub aw-1p7kakr kEtdKx cEmitX yle__article__paragraph\">Kestenholz sijoittui kolmanneksi lumilautailun suurpujottelussa vuoden 1998 Naganon olympialaisissa \u2013 lajin debyyttikilpailussa.<\/p>\n<p class=\"aw-1gybjub aw-1p7kakr kEtdKx cEmitX yle__article__paragraph\">Sveitsil\u00e4inen kilpaili viel\u00e4 kahdissa talviolympialaisissa, voitti kahdesti X-Gamesien snowboardcrossin ja jatkoi uraansa ammattilaisena extreme-lajeissa.<\/p>\n<p class=\"aw-1gybjub aw-1p7kakr kEtdKx cEmitX yle__article__paragraph\">Kestenholz oli sunnuntaina lumilautailemassa yst\u00e4v\u00e4ns\u00e4 kanssa Valaisin kantonin L\u00f6tschentalin laaksossa. Yst\u00e4v\u00e4 laski suksilla. Lumivy\u00f6ry l\u00e4hti liikkeelle 2 400 metrin korkeudessa tuntemattomasta syyst\u00e4, Valaisin poliisi kertoi tiedotteessaan.<\/p>\n<p class=\"aw-1gybjub aw-1p7kakr kEtdKx cEmitX yle__article__paragraph\">Kestenholz j\u00e4i lumen alle. Yst\u00e4v\u00e4t auttoivat h\u00e4nt\u00e4, ennen kuin h\u00e4net kuljetettiin helikopterilla sairaalaan, ensin Vispiin ja sitten Sioniin, joka sijaitsee l\u00e4hell\u00e4 Crans-Montanaa.<\/p>\n<p class=\"aw-1gybjub aw-1p7kakr kEtdKx cEmitX yle__article__paragraph\">Sveitsil\u00e4inen sanomalehti Berner Zeitung kertoi tiistaina ensimm\u00e4isen\u00e4, ett\u00e4 uhri oli Kestenholz.<\/p>\n<p class=\"aw-1gybjub aw-1p7kakr kEtdKx cEmitX yle__article__paragraph\">H\u00e4nen Instagram-tilins\u00e4 viimeisiss\u00e4 julkaisuissa n\u00e4htiin muun muassa videoita, joissa Kestenholz liit\u00e4\u00e4 varjoliitimell\u00e4 ja laskeutuu j\u00e4isille j\u00e4rville l\u00e4hell\u00e4 St. Moritzia.<\/p>\n<p class=\"aw-1gybjub aw-1p7kakr kEtdKx cEmitX yle__article__paragraph\">\u2013 Nauttiaksesi niist\u00e4 harvinaisista hetkist\u00e4, kun luonnon ihmeet kohtaavat, sinun t\u00e4ytyy olla valmis j\u00e4tt\u00e4m\u00e4\u00e4n kaiken ja l\u00e4htem\u00e4\u00e4n, h\u00e4n kirjoitti.<\/p>\n","protected":false},"excerpt":{"rendered":"Sveitsil\u00e4inen sijoittui kolmanneksi lumilautailun suurpujottelussa vuoden 1998 Naganon olympialaisissa. Avaa kuvien katselu Sveitsil\u00e4inen lumilautailija ja Naganon talviolympialaisten pronssimitalisti&hellip;\n","protected":false},"author":2,"featured_media":141294,"comment_status":"","ping_status":"","sticky":false,"template":"","format":"standard","meta":{"footnotes":""},"categories":[5],"tags":[22,23,26,27,33,31,30,17,24,25,21972,28,29,24341,15,18,21,32,19,20,24342,16],"class_list":{"0":"post-141293","1":"post","2":"type-post","3":"status-publish","4":"format-standard","5":"has-post-thumbnail","7":"category-otsikot","8":"tag-breaking-news","9":"tag-breakingnews","10":"tag-featured-news","11":"tag-featurednews","12":"tag-fi","13":"tag-finland","14":"tag-finnish","15":"tag-headlines","16":"tag-latest-news","17":"tag-latestnews","18":"tag-lumilautailu","19":"tag-main-news","20":"tag-mainnews","21":"tag-miesten-lumilautailu","22":"tag-news","23":"tag-otsikot","24":"tag-paauutiset","25":"tag-suomi","26":"tag-top-stories","27":"tag-topstories","28":"tag-ueli-kestenholz","29":"tag-uutiset"},"share_on_mastodon":{"url":"https:\/\/pubeurope.com\/@fi\/115888698330416007","error":""},"_links":{"self":[{"href":"https:\/\/www.europesays.com\/fi\/wp-json\/wp\/v2\/posts\/141293","targetHints":{"allow":["GET"]}}],"collection":[{"href":"https:\/\/www.europesays.com\/fi\/wp-json\/wp\/v2\/posts"}],"about":[{"href":"https:\/\/www.europesays.com\/fi\/wp-json\/wp\/v2\/types\/post"}],"author":[{"embeddable":true,"href":"https:\/\/www.europesays.com\/fi\/wp-json\/wp\/v2\/users\/2"}],"replies":[{"embeddable":true,"href":"https:\/\/www.europesays.com\/fi\/wp-json\/wp\/v2\/comments?post=141293"}],"version-history":[{"count":0,"href":"https:\/\/www.europesays.com\/fi\/wp-json\/wp\/v2\/posts\/141293\/revisions"}],"wp:featuredmedia":[{"embeddable":true,"href":"https:\/\/www.europesays.com\/fi\/wp-json\/wp\/v2\/media\/141294"}],"wp:attachment":[{"href":"https:\/\/www.europesays.com\/fi\/wp-json\/wp\/v2\/media?parent=141293"}],"wp:term":[{"taxonomy":"category","embeddable":true,"href":"https:\/\/www.europesays.com\/fi\/wp-json\/wp\/v2\/categories?post=141293"},{"taxonomy":"post_tag","embeddable":true,"href":"https:\/\/www.europesays.com\/fi\/wp-json\/wp\/v2\/tags?post=141293"}],"curies":[{"name":"wp","href":"https:\/\/api.w.org\/{rel}","templated":true}]}}