{"id":141295,"date":"2026-01-13T16:30:07","date_gmt":"2026-01-13T16:30:07","guid":{"rendered":"https:\/\/www.europesays.com\/fi\/141295\/"},"modified":"2026-01-13T16:30:07","modified_gmt":"2026-01-13T16:30:07","slug":"seiska-seppo-paakkosella-salattu-avioero","status":"publish","type":"post","link":"https:\/\/www.europesays.com\/fi\/141295\/","title":{"rendered":"Seiska: Seppo P\u00e4\u00e4kk\u00f6sell\u00e4 salattu avioero"},"content":{"rendered":"<p>Seiskan mukaan Jasper P\u00e4\u00e4kk\u00f6sen n\u00e4yttelij\u00e4is\u00e4 Seppo P\u00e4\u00e4kk\u00f6nen on eronnut jo \u201dpitk\u00e4n aikaa sitten\u201d. <\/p>\n<p><img decoding=\"async\" class=\"image image-show image-preview\" src=\"https:\/\/www.europesays.com\/fi\/wp-content\/uploads\/2026\/01\/90c5900497240a08051423d5d4aa03a70b0bcb0335cbcf4dfa6f8e326f2f658b.jpg\" alt=\"\"\/><img decoding=\"async\" class=\"image image-show\" src=\"https:\/\/www.europesays.com\/fi\/wp-content\/uploads\/2026\/01\/1768321807_517_90c5900497240a08051423d5d4aa03a70b0bcb0335cbcf4dfa6f8e326f2f658b.jpg\" alt=\"\"\/><\/p>\n<p>Seppo P\u00e4\u00e4kk\u00f6nen on Seiskan mukaan eronnut. Anna H\u00e4m\u00e4l\u00e4inen<\/p>\n<p class=\"paragraph\">N\u00e4yttelij\u00e4 <a href=\"https:\/\/www.iltalehti.fi\/henkilot\/Seppo P\u00e4\u00e4kk\u00f6nen\" class=\"article-link-person-page\" rel=\"nofollow noopener\" target=\"_blank\">Seppo P\u00e4\u00e4kk\u00f6nen<\/a> on eronnut, uutisoi <a href=\"https:\/\/www.seiska.fi\/vain-seiskassa\/jasper-paakkosen-nayttelijaisa-salattu-shokkiero\/2043994\" target=\"_blank\" rel=\"noopener nofollow\">Seiska<\/a>.<\/p>\n<p class=\"paragraph\"><a href=\"https:\/\/www.iltalehti.fi\/henkilot\/Jasper P\u00e4\u00e4kk\u00f6nen\" class=\"article-link-person-page\" rel=\"nofollow noopener\" target=\"_blank\">Jasper P\u00e4\u00e4kk\u00f6sen<\/a> n\u00e4yttelij\u00e4is\u00e4\u00e4 ei ole lehden mukaan n\u00e4hty h\u00e4nen ja vaimonsa, lavastaja <strong>Sari Paljakan<\/strong> yhteisen Kuopion-kodin pihapiiriss\u00e4 \u201dpitk\u00e4\u00e4n aikaan\u201d.<\/p>\n<p class=\"paragraph\">Seiskan mukaan Pohjois-Savon k\u00e4r\u00e4j\u00e4oikeudesta selvisi, ett\u00e4 P\u00e4\u00e4kk\u00f6nen ja Paljakka j\u00e4ttiv\u00e4t avioerohakemuksen 22. hein\u00e4kuuta vuonna 2024. Avioero astui voimaan 9. toukokuuta 2025, Seiska kirjoittaa.<\/p>\n<p class=\"paragraph\"><a href=\"https:\/\/www.iltalehti.fi\/viihdeuutiset\/3cb86ee5-07ab-4c24-8c8a-a799fd80a3fa\" rel=\"nofollow noopener\" target=\"_blank\">Vuonna 2021 Seppo P\u00e4\u00e4kk\u00f6nen kertoi Anna-lehden haastattelussa<\/a> uudesta el\u00e4m\u00e4nvaiheestaan. Tuolloin h\u00e4nest\u00e4 oli tullut juuri is\u00e4 pienelle poikavauvalle. Samoihin aikoihin lapsen syntym\u00e4n kanssa P\u00e4\u00e4kk\u00f6nen oli lopettelemassa avohoitojaksoaan osana p\u00e4ihderiippuvaisille tarkoitettua Minnesota-hoitoa.<\/p>\n<p>Seppo P\u00e4\u00e4kk\u00f6nen on n\u00e4yttelij\u00e4 Jasper P\u00e4\u00e4kk\u00f6sen is\u00e4. Mikko V\u00e4h\u00e4niitty<\/p>\n<p class=\"paragraph\">P\u00e4\u00e4kk\u00f6nen kertoi Anna-lehdess\u00e4 menneens\u00e4 hoitoon vuonna 2020 alkoholismin takia. H\u00e4n vietti K\u00e4rk\u00f6l\u00e4ss\u00e4 sijaitsevassa Kantamo-hoitolaitoksessa noin kuukauden. Sen j\u00e4lkeen alkoi 11 kuukauden avohoitojakso, johon kuului viikoittainen tapaaminen vertaisryhm\u00e4n kanssa.<\/p>\n<p class=\"paragraph\">\u2013 Jokap\u00e4iv\u00e4inen ryhm\u00e4terapiarinki oli minulle \u00e4\u00e4rett\u00f6m\u00e4n t\u00e4rke\u00e4 vertaistuki. Minulle on aina ollut v\u00e4h\u00e4n vaikeaa katsoa ihmisi\u00e4 silmiin, ehk\u00e4 se on ollut h\u00e4pe\u00e4n ja syyllisyyden tunnetta, ja nyt opettelin kohtaamaan toisten katseen, P\u00e4\u00e4kk\u00f6nen sanoi Annassa.<\/p>\n<p class=\"paragraph\">\u2013 H\u00e4pe\u00e4 poistui ja tilalle tuli vastuu. Kuunnellessani ringiss\u00e4 muita ja itse\u00e4ni itkin nelj\u00e4n viikon ajan joka p\u00e4iv\u00e4, P\u00e4\u00e4kk\u00f6nen jatkoi lehdess\u00e4.<\/p>\n<p class=\"paragraph\">Seppo avioitui Sarin kanssa vuonna 2018 ja he muuttivat puiseen omakotitaloon Kuopioon vuonna 2019. Sepolla on aiemmasta liitostaan aikuiset lapset Jasper ja <strong>Pietu<\/strong>. H\u00e4n erosi poikiensa \u00e4idist\u00e4 vuonna 2013.<\/p>\n<p class=\"paragraph\">Kansallisteatterissa pitk\u00e4n uran tehnyt Seppo P\u00e4\u00e4kk\u00f6nen on n\u00e4ytellyt my\u00f6s lukuisissa televisiosarjoissa ja muun muassa Matti-elokuvassa (2006), jossa h\u00e4n esitti m\u00e4kihyppylegenda <strong>Matti Nyk\u00e4sen<\/strong> is\u00e4\u00e4. Nyk\u00e4st\u00e4 n\u00e4ytteli poika Jasper.<\/p>\n<p class=\"paragraph\">L\u00e4hde: <a href=\"https:\/\/www.seiska.fi\/vain-seiskassa\/jasper-paakkosen-nayttelijaisa-salattu-shokkiero\/2043994\" target=\"_blank\" rel=\"noopener nofollow\">Seiska<\/a><\/p>\n","protected":false},"excerpt":{"rendered":"Seiskan mukaan Jasper P\u00e4\u00e4kk\u00f6sen n\u00e4yttelij\u00e4is\u00e4 Seppo P\u00e4\u00e4kk\u00f6nen on eronnut jo \u201dpitk\u00e4n aikaa sitten\u201d. Seppo P\u00e4\u00e4kk\u00f6nen on Seiskan mukaan&hellip;\n","protected":false},"author":2,"featured_media":141296,"comment_status":"","ping_status":"","sticky":false,"template":"","format":"standard","meta":{"footnotes":""},"categories":[136],"tags":[35,407,155,137,33,31,30,101,408,99,154,98,32,140,156,109],"class_list":{"0":"post-141295","1":"post","2":"type-post","3":"status-publish","4":"format-standard","5":"has-post-thumbnail","7":"category-julkkikset","8":"tag-24h","9":"tag-celebrities","10":"tag-elokuvat","11":"tag-entertainment","12":"tag-fi","13":"tag-finland","14":"tag-finnish","15":"tag-ihmissuhteet","16":"tag-julkkikset","17":"tag-lapset","18":"tag-nayttelijat-teatteri","19":"tag-perhe","20":"tag-suomi","21":"tag-tv-ja-elokuvat","22":"tag-tv","23":"tag-viihde"},"share_on_mastodon":{"url":"https:\/\/pubeurope.com\/@fi\/115888745631702453","error":""},"_links":{"self":[{"href":"https:\/\/www.europesays.com\/fi\/wp-json\/wp\/v2\/posts\/141295","targetHints":{"allow":["GET"]}}],"collection":[{"href":"https:\/\/www.europesays.com\/fi\/wp-json\/wp\/v2\/posts"}],"about":[{"href":"https:\/\/www.europesays.com\/fi\/wp-json\/wp\/v2\/types\/post"}],"author":[{"embeddable":true,"href":"https:\/\/www.europesays.com\/fi\/wp-json\/wp\/v2\/users\/2"}],"replies":[{"embeddable":true,"href":"https:\/\/www.europesays.com\/fi\/wp-json\/wp\/v2\/comments?post=141295"}],"version-history":[{"count":0,"href":"https:\/\/www.europesays.com\/fi\/wp-json\/wp\/v2\/posts\/141295\/revisions"}],"wp:featuredmedia":[{"embeddable":true,"href":"https:\/\/www.europesays.com\/fi\/wp-json\/wp\/v2\/media\/141296"}],"wp:attachment":[{"href":"https:\/\/www.europesays.com\/fi\/wp-json\/wp\/v2\/media?parent=141295"}],"wp:term":[{"taxonomy":"category","embeddable":true,"href":"https:\/\/www.europesays.com\/fi\/wp-json\/wp\/v2\/categories?post=141295"},{"taxonomy":"post_tag","embeddable":true,"href":"https:\/\/www.europesays.com\/fi\/wp-json\/wp\/v2\/tags?post=141295"}],"curies":[{"name":"wp","href":"https:\/\/api.w.org\/{rel}","templated":true}]}}