{"id":141299,"date":"2026-01-13T16:33:08","date_gmt":"2026-01-13T16:33:08","guid":{"rendered":"https:\/\/www.europesays.com\/fi\/141299\/"},"modified":"2026-01-13T16:33:08","modified_gmt":"2026-01-13T16:33:08","slug":"the-voice-of-finland-ohjelmassa-mukana-savolaisia-tassa-he-ovat-savo","status":"publish","type":"post","link":"https:\/\/www.europesays.com\/fi\/141299\/","title":{"rendered":"The Voice of Finland -ohjelmassa mukana savolaisia \u2013 t\u00e4ss\u00e4 he ovat | Savo"},"content":{"rendered":"<p>The Voice of Finland -ohjelman uudella kaudella t\u00e4htivalmentajien tuoliriviin istuu my\u00f6s kuopiolaisl\u00e4ht\u00f6inen <strong>Jenni Vartiainen<\/strong>. Muut t\u00e4htivalmentajat ovat edelliselt\u00e4 kaudelta tuttuja: <strong>SANNI<\/strong>, <strong>Arttu Wiskari<\/strong> ja <strong>Elastinen<\/strong>.<\/p>\n<p>Nelonen media kertoo tiedotteessaan, ett\u00e4 kisaajien joukko on ik\u00e4haitariltaan laaja. Nuorin laulaja on 16-vuotias, vanhin 64-vuotias.<\/p>\n<p>Kisaajien joukossa on my\u00f6s laulajia, joiden kotipaikat ovat eri puolilla Savoa:<strong> Adele Kemil\u00e4inen<\/strong> Kuopiosta, <strong>Annika Parviainen<\/strong> Kaavilta, <strong>Kalle Caiania<\/strong> Kiuruvedelt\u00e4 ja <strong>Marcus Vuorela<\/strong> Savonlinnasta. Heist\u00e4 Vuorela esiintyy kauden ensimm\u00e4isess\u00e4 jaksossa.<\/p>\n<p>The Voice of Finland palaa ruutuihin 23. tammikuuta. Kisa alkaa \u00e4\u00e4ni ratkaisee -vaiheella. Kisan juontavat <strong>Heikki Paasonen<\/strong> ja <strong>Jaana Pelkonen<\/strong>.<\/p>\n<p>\t\t<a class=\"diks-gallery__link\" href=\"https:\/\/i.media.fi\/incoming\/vkoix2\/11239101.jpg\/alternates\/FREE_1440\/11239101.jpg\" data-thumbnail=\"\" data-sub-html=\"Ensimm\u00e4isess\u00e4 jaksossa n\u00e4hd\u00e4\u00e4n Marcus Vuorela, 27, joka asuu Savonlinnassa. H\u00e4n opiskelee sosionomiksi. Marcus on kotoisin Helsingist\u00e4, mutta h\u00e4nen juurensa ovat Etiopiassa, mist\u00e4 h\u00e4net on adoptoitu 1-vuotiaana. Laulaminen tuli Marcuksen el\u00e4m\u00e4\u00e4n kuoron kautta. Voice Of Finland\" aria-label=\"Katso isompi kuva\" rel=\"nofollow noopener\" target=\"_blank\"><br \/>\n\t\t\t\t<img class=\"diks-figure__image\" src=\"https:\/\/www.europesays.com\/fi\/wp-content\/uploads\/2026\/01\/11239101.jpg\" loading=\"lazy\" decoding=\"sync\" alt=\"\"\/><\/p>\n<p>\t\t\t<\/a><br \/>\n\t\t\t\t\tEnsimm\u00e4isess\u00e4 jaksossa n\u00e4hd\u00e4\u00e4n Marcus Vuorela, 27, joka asuu Savonlinnassa. H\u00e4n opiskelee sosionomiksi. Marcus on kotoisin Helsingist\u00e4, mutta h\u00e4nen juurensa ovat Etiopiassa, mist\u00e4 h\u00e4net on adoptoitu 1-vuotiaana. Laulaminen tuli Marcuksen el\u00e4m\u00e4\u00e4n kuoron kautta. Voice Of Finland<\/p>\n<p>\t\t<a class=\"diks-gallery__link\" href=\"https:\/\/www.savonsanomat.fi\/incoming\/mchl3o\/the_voice_of_finland_kausi_15_promo_adele_kemilainen_01_kuvaaja_saku_tiainen.jpg\/alternates\/FREE_1440\/the_voice_of_finland_kausi_15_promo_adele_kemilainen_01_kuvaaja_saku_tiainen.jpg\" data-thumbnail=\"\" data-sub-html=\"Adele Kemil\u00e4inen Kuopiosta. Voice Of Finland\" aria-label=\"Katso isompi kuva\" rel=\"nofollow noopener\" target=\"_blank\"><br \/>\n\t\t\t\t<img class=\"diks-figure__image\" src=\"https:\/\/www.europesays.com\/fi\/wp-content\/uploads\/2026\/01\/the_voice_of_finland_kausi_15_promo_adele_kemilainen_01_kuvaaja_saku_tiainen.jpg\" loading=\"lazy\" decoding=\"sync\" alt=\"\"\/><\/p>\n<p>\t\t\t<\/a><br \/>\n\t\t\t\t\tAdele Kemil\u00e4inen Kuopiosta. Voice Of Finland<\/p>\n<p>\t\t<a class=\"diks-gallery__link\" href=\"https:\/\/www.savonsanomat.fi\/incoming\/5040n9\/the_voice_of_finland_kausi_15_promo_kalle_caiania_02_kuvaaja_saku_tiainen.jpg\/alternates\/FREE_1440\/the_voice_of_finland_kausi_15_promo_kalle_caiania_02_kuvaaja_saku_tiainen.jpg\" data-thumbnail=\"\" data-sub-html=\"Kalle Caiania Kiuruvedelt\u00e4. Voice Of Finland\" aria-label=\"Katso isompi kuva\" rel=\"nofollow noopener\" target=\"_blank\"><br \/>\n\t\t\t\t<img class=\"diks-figure__image\" src=\"https:\/\/www.europesays.com\/fi\/wp-content\/uploads\/2026\/01\/the_voice_of_finland_kausi_15_promo_kalle_caiania_02_kuvaaja_saku_tiainen.jpg\" loading=\"lazy\" decoding=\"sync\" alt=\"\"\/><\/p>\n<p>\t\t\t<\/a><br \/>\n\t\t\t\t\tKalle Caiania Kiuruvedelt\u00e4. Voice Of Finland<\/p>\n<p>\t\t<a class=\"diks-gallery__link\" href=\"https:\/\/www.savonsanomat.fi\/incoming\/xnojrv\/the_voice_of_finland_kausi_15_promo_annika_parviainen_02_kuvaaja_saku_tiainen.jpg\/alternates\/FREE_1440\/the_voice_of_finland_kausi_15_promo_annika_parviainen_02_kuvaaja_saku_tiainen.jpg\" data-thumbnail=\"\" data-sub-html=\"Annika Parviainen Kaavilta. Voice Of Finland\" aria-label=\"Katso isompi kuva\" rel=\"nofollow noopener\" target=\"_blank\"><br \/>\n\t\t\t\t<img class=\"diks-figure__image\" src=\"https:\/\/www.europesays.com\/fi\/wp-content\/uploads\/2026\/01\/the_voice_of_finland_kausi_15_promo_annika_parviainen_02_kuvaaja_saku_tiainen.jpg\" loading=\"lazy\" decoding=\"sync\" alt=\"\"\/><\/p>\n<p>\t\t\t<\/a><br \/>\n\t\t\t\t\tAnnika Parviainen Kaavilta. Voice Of Finland<\/p>\n","protected":false},"excerpt":{"rendered":"The Voice of Finland -ohjelman uudella kaudella t\u00e4htivalmentajien tuoliriviin istuu my\u00f6s kuopiolaisl\u00e4ht\u00f6inen Jenni Vartiainen. Muut t\u00e4htivalmentajat ovat edelliselt\u00e4&hellip;\n","protected":false},"author":2,"featured_media":141300,"comment_status":"","ping_status":"","sticky":false,"template":"","format":"standard","meta":{"footnotes":""},"categories":[133],"tags":[138,137,33,31,30,4398,1132,47,1000,1999,32,206,139,156,109],"class_list":{"0":"post-141299","1":"post","2":"type-post","3":"status-publish","4":"format-standard","5":"has-post-thumbnail","7":"category-televisiot","8":"tag-audio","9":"tag-entertainment","10":"tag-fi","11":"tag-finland","12":"tag-finnish","13":"tag-kiuruvesi","14":"tag-kuopio","15":"tag-musiikki","16":"tag-savonlinna","17":"tag-suomalaiset-tv-ohjelmat","18":"tag-suomi","19":"tag-televisiot","20":"tag-tv-ohjelmat","21":"tag-tv","22":"tag-viihde"},"share_on_mastodon":{"url":"https:\/\/pubeurope.com\/@fi\/115888757380069403","error":""},"_links":{"self":[{"href":"https:\/\/www.europesays.com\/fi\/wp-json\/wp\/v2\/posts\/141299","targetHints":{"allow":["GET"]}}],"collection":[{"href":"https:\/\/www.europesays.com\/fi\/wp-json\/wp\/v2\/posts"}],"about":[{"href":"https:\/\/www.europesays.com\/fi\/wp-json\/wp\/v2\/types\/post"}],"author":[{"embeddable":true,"href":"https:\/\/www.europesays.com\/fi\/wp-json\/wp\/v2\/users\/2"}],"replies":[{"embeddable":true,"href":"https:\/\/www.europesays.com\/fi\/wp-json\/wp\/v2\/comments?post=141299"}],"version-history":[{"count":0,"href":"https:\/\/www.europesays.com\/fi\/wp-json\/wp\/v2\/posts\/141299\/revisions"}],"wp:featuredmedia":[{"embeddable":true,"href":"https:\/\/www.europesays.com\/fi\/wp-json\/wp\/v2\/media\/141300"}],"wp:attachment":[{"href":"https:\/\/www.europesays.com\/fi\/wp-json\/wp\/v2\/media?parent=141299"}],"wp:term":[{"taxonomy":"category","embeddable":true,"href":"https:\/\/www.europesays.com\/fi\/wp-json\/wp\/v2\/categories?post=141299"},{"taxonomy":"post_tag","embeddable":true,"href":"https:\/\/www.europesays.com\/fi\/wp-json\/wp\/v2\/tags?post=141299"}],"curies":[{"name":"wp","href":"https:\/\/api.w.org\/{rel}","templated":true}]}}