{"id":141301,"date":"2026-01-13T16:37:07","date_gmt":"2026-01-13T16:37:07","guid":{"rendered":"https:\/\/www.europesays.com\/fi\/141301\/"},"modified":"2026-01-13T16:37:07","modified_gmt":"2026-01-13T16:37:07","slug":"sivert-bakken-27-siunattiin-haudan-lepoon-ei-loydy-sanoja","status":"publish","type":"post","link":"https:\/\/www.europesays.com\/fi\/141301\/","title":{"rendered":"Sivert Bakken, 27, siunattiin haudan lepoon \u2013 \u201dEi l\u00f6ydy sanoja\u201d"},"content":{"rendered":"<p>Tilaisuus j\u00e4rjestettiin Lillehammerissa. Paikalla oli paljon saattajia.<\/p>\n<p>Lue tiivistelm\u00e4<\/p>\n<p class=\"article-body mb-nof-24 px-nof-16 sndp-summary-bullet-point-font\">Norjalainen ampumahiiht\u00e4j\u00e4 Sivert Guttorm Bakken saatettiin haudan lepoon tiistaina Lillehammerissa.<\/p>\n<p class=\"article-body mb-nof-24 px-nof-16 sndp-summary-bullet-point-font\">27-vuotias Bakken l\u00f6ydettiin kuolleena hotellihuoneestaan Italiasta viime jouluna.<\/p>\n<p class=\"article-body mb-nof-24 px-nof-16 sndp-summary-bullet-point-font\">Siunaustilaisuudessa olivat l\u00e4sn\u00e4 Norjan ampumahiihtomaajoukkue ja Bakkenin l\u00e4heiset.<\/p>\n<p class=\"article-body mb-nof-24 px-nof-16 sndp-summary-bullet-point-font\">Urheilijan kuolinsyyt\u00e4 ei ole kerrottu, ja ruumiinavauksen tuloksia saatetaan joutua odottamaan maaliskuuhun asti.<\/p>\n<p class=\"article-body mb-nof-24 px-nof-16\">Norjalainen ampumahiiht\u00e4j\u00e4 <a class=\"font-bold underline-offset-[0.12em] [text-decoration:var(--person-link-text-decoration)] ![text-decoration-color:var(--person-link-text-decoration-color)]\" href=\"https:\/\/www.is.fi\/haku\/?query=Sivert%20Guttorm%20Bakken\" rel=\"nofollow noopener\" target=\"_blank\">Sivert Guttorm Bakken<\/a> saatettiin haudan lepoon tiistaina Lillehammerissa.<\/p>\n<p class=\"article-body mb-nof-24 px-nof-16\">H\u00e4net oli l\u00f6ydetty kuolleena hotellihuoneestaan Italiasta viime jouluna. H\u00e4n oli kuollessaan 27-vuotias.<\/p>\n<p class=\"article-body mb-nof-24 px-nof-16\">Siunaustilaisuutta kuvailtiin <a class=\"underline underline-offset-[0.12em] [text-decoration-thickness:var(--generic-link-underline-thickness)] [text-decoration-color:var(--generic-link-underline-color)] [text-decoration-skip-ink:var(--generic-link-underline-skip-ink)] break-words\" href=\"https:\/\/www.vg.no\/sport\/i\/q6AJle\/sivert-guttorm-bakken-bisettes-fryktelig-tungt-og-trist\" rel=\"nofollow noopener\" target=\"_blank\">VG<\/a>:n mukaan koskettavaksi. Paikalla olivat edesmenneen huippu-urheilijan l\u00e4heiset mukaan luettuna Norjan ampumahiihtomaajoukkue.<\/p>\n<p class=\"article-body mb-nof-24 px-nof-16\">\u2013\u2009Uskomattoman hieno tilaisuus. Kauneus ja suru kulkevat usein k\u00e4si k\u00e4dess\u00e4. Totta kai [tilaisuudessa] oli surullista, mutta siell\u00e4 my\u00f6s kuultiin hienoja sanoja ja kuivailtiin Siverti\u00e4 juuri sellaisena kuin h\u00e4n oli, Bakkenin yst\u00e4v\u00e4 ja maajoukkuekollega <a class=\"font-bold underline-offset-[0.12em] [text-decoration:var(--person-link-text-decoration)] ![text-decoration-color:var(--person-link-text-decoration-color)]\" href=\"https:\/\/www.is.fi\/haku\/?query=Vetle%20Sj%C3%A5stad%20Christiansen\" rel=\"nofollow noopener\" target=\"_blank\">Vetle Sj\u00e5stad Christiansen<\/a> sanoi VG:lle.<\/p>\n<p class=\"article-body mb-nof-24 px-nof-16\">Kyynelehtinyt Christiansen kuvaili edesmennytt\u00e4 yst\u00e4v\u00e4\u00e4ns\u00e4 ainutlaatuiseksi ja rehelliseksi.<\/p>\n<p class=\"article-body mb-nof-24 px-nof-16\">Mahdollisuus p\u00e4\u00e4st\u00e4 j\u00e4tt\u00e4m\u00e4\u00e4n j\u00e4\u00e4hyv\u00e4iset yst\u00e4v\u00e4lle oli eritt\u00e4in t\u00e4rke\u00e4. Maajoukkue oli lenn\u00e4tetty kilpailukeikalta Saksasta varta vasten Norjaan hautajaisiin. Sen oli m\u00e4\u00e4r\u00e4 palata Keski-Eurooppaan heti hautajaisten j\u00e4lkeen.<\/p>\n<p class=\"article-body mb-nof-24 px-nof-16\">Ampumahiihdon maailmancup jatkuu ensi viikonloppuna Ruhpoldingissa.<\/p>\n<p class=\"article-body mb-nof-24 px-nof-16\">\u2013\u2009Huonointa mit\u00e4 voi tehd\u00e4 on j\u00e4\u00e4d\u00e4 suremaan yksin. Ymp\u00e4rill\u00e4 [hautajaisissa] on paljon ihmisi\u00e4, jotka ymm\u00e4rt\u00e4v\u00e4t tunteesi ilman, ett\u00e4 tarvitsee sanoa mit\u00e4\u00e4n. Tarvitsee vain katseen tai kunnon halauksen. Se antaa uskomattomasti voimaa, Christiansen sanoi.<\/p>\n<blockquote class=\"p-[var(--citation-padding)] m-[var(--citation-margin)] border-y-[length:var(--citation-border-width)] border-y-[color:var(--citation-border-color)]\">\n<p>Uskomattoman hieno tilaisuus.<\/p>\n<\/blockquote>\n<p class=\"article-body mb-nof-24 px-nof-16\">Norjan ampumahiihtoliiton p\u00e4\u00e4sihteeri <a class=\"font-bold underline-offset-[0.12em] [text-decoration:var(--person-link-text-decoration)] ![text-decoration-color:var(--person-link-text-decoration-color)]\" href=\"https:\/\/www.is.fi\/haku\/?query=Emilie%20Nordskar\" rel=\"nofollow noopener\" target=\"_blank\">Emilie Nordskar<\/a> arvostaa tapaa, jolla ampumahiiht\u00e4j\u00e4t ovat kyenneet k\u00e4sittelem\u00e4\u00e4n kovaa suruaan viime viikkoina keskell\u00e4 kilpailukautta.<\/p>\n<p class=\"article-body mb-nof-24 px-nof-16\">\u2013\u2009Sille ei oikein l\u00f6ydy sanoja. On vaikea kuvitella, millaisen paineen alla he ovat t\u00e4llaisena p\u00e4iv\u00e4n\u00e4 ja viikkona. He ovat olleet kovilla viikkojen ajan jo ennen saapumistaan t\u00e4nne, Nordskar sanoi VG:lle Lillehammerissa.<\/p>\n<p class=\"article-body mb-nof-24 px-nof-16\">Bakkenia on muistettu kuolemansa j\u00e4lkeen my\u00f6s kilpailuissa. Esimerkiksi viime viikonloppuna Oberhofin kisan yhteydess\u00e4 j\u00e4rjestettiin tilaisuus h\u00e4nen muistolleen.<\/p>\n<p class=\"article-body mb-nof-24 px-nof-16\">Bakken l\u00f6ydettiin kuolleena hotellihuoneestaan Italian Lavaz\u00e9sta.<\/p>\n<p><img decoding=\"async\" src=\"https:\/\/www.europesays.com\/fi\/wp-content\/uploads\/2026\/01\/1768322227_968_468.jpg\" alt=\"Sivert Guttorm Bakken kuvattuna Kontiolahdella maaliskuussa 2022.\" class=\"_Img_1rerz_1\" style=\"aspect-ratio:1.7777777777777777\" loading=\"eager\"\/><\/p>\n<p class=\"article-picture-caption\">Sivert Guttorm Bakken kuvattuna Kontiolahdella maaliskuussa 2022. Kuva:\u00a0Kimmo Brandt \/ EPA \/ AOP<\/p>\n<p class=\"article-body mb-nof-24 px-nof-16\">H\u00e4nell\u00e4 oli kasvoillaan harjoittelumaski, joka rajoittaa hapen saantia. Maskin avulla simuloidaan korkeanpaikan harjoittelua.<\/p>\n<p class=\"article-body mb-nof-24 px-nof-16\">Bakkenin kuolinsyyt\u00e4 ei ole kerrottu. Ruumiinavaus on tehty, mutta kuolinsyyn julkistamista jouduttaneen odottamaan jopa maaliskuuhun asti.<\/p>\n<p class=\"article-body mb-nof-24 px-nof-16\">Maskilla ei v\u00e4ltt\u00e4m\u00e4tt\u00e4 ollut osuutta kuolemaan. Traagisen uutisen j\u00e4lkeen Norjassa kuitenkin suositeltiin, ettei vastaavia maskeja k\u00e4ytett\u00e4isi toistaiseksi.<\/p>\n","protected":false},"excerpt":{"rendered":"Tilaisuus j\u00e4rjestettiin Lillehammerissa. Paikalla oli paljon saattajia. Lue tiivistelm\u00e4 Norjalainen ampumahiiht\u00e4j\u00e4 Sivert Guttorm Bakken saatettiin haudan lepoon tiistaina&hellip;\n","protected":false},"author":2,"featured_media":141302,"comment_status":"","ping_status":"","sticky":false,"template":"","format":"standard","meta":{"footnotes":""},"categories":[158],"tags":[33,31,30,34,159,32,160],"class_list":{"0":"post-141301","1":"post","2":"type-post","3":"status-publish","4":"format-standard","5":"has-post-thumbnail","7":"category-urheilu","8":"tag-fi","9":"tag-finland","10":"tag-finnish","11":"tag-ilta-sanomat","12":"tag-sports","13":"tag-suomi","14":"tag-urheilu"},"share_on_mastodon":{"url":"https:\/\/pubeurope.com\/@fi\/115888773282602643","error":""},"_links":{"self":[{"href":"https:\/\/www.europesays.com\/fi\/wp-json\/wp\/v2\/posts\/141301","targetHints":{"allow":["GET"]}}],"collection":[{"href":"https:\/\/www.europesays.com\/fi\/wp-json\/wp\/v2\/posts"}],"about":[{"href":"https:\/\/www.europesays.com\/fi\/wp-json\/wp\/v2\/types\/post"}],"author":[{"embeddable":true,"href":"https:\/\/www.europesays.com\/fi\/wp-json\/wp\/v2\/users\/2"}],"replies":[{"embeddable":true,"href":"https:\/\/www.europesays.com\/fi\/wp-json\/wp\/v2\/comments?post=141301"}],"version-history":[{"count":0,"href":"https:\/\/www.europesays.com\/fi\/wp-json\/wp\/v2\/posts\/141301\/revisions"}],"wp:featuredmedia":[{"embeddable":true,"href":"https:\/\/www.europesays.com\/fi\/wp-json\/wp\/v2\/media\/141302"}],"wp:attachment":[{"href":"https:\/\/www.europesays.com\/fi\/wp-json\/wp\/v2\/media?parent=141301"}],"wp:term":[{"taxonomy":"category","embeddable":true,"href":"https:\/\/www.europesays.com\/fi\/wp-json\/wp\/v2\/categories?post=141301"},{"taxonomy":"post_tag","embeddable":true,"href":"https:\/\/www.europesays.com\/fi\/wp-json\/wp\/v2\/tags?post=141301"}],"curies":[{"name":"wp","href":"https:\/\/api.w.org\/{rel}","templated":true}]}}