{"id":141309,"date":"2026-01-13T16:43:07","date_gmt":"2026-01-13T16:43:07","guid":{"rendered":"https:\/\/www.europesays.com\/fi\/141309\/"},"modified":"2026-01-13T16:43:07","modified_gmt":"2026-01-13T16:43:07","slug":"tama-presidentti-saatetaan-kohta-teloittaa","status":"publish","type":"post","link":"https:\/\/www.europesays.com\/fi\/141309\/","title":{"rendered":"T\u00e4m\u00e4 presidentti saatetaan kohta teloittaa"},"content":{"rendered":"<p>Sotatilalain julistanutta Etel\u00e4-Korean ex-presidentti\u00e4 syytet\u00e4\u00e4n vallankaappausyrityksen johtamisesta. Teloituksia ei ole toimeenpantu 30 vuoteen.<\/p>\n<p><img decoding=\"async\" class=\"image image-show image-preview\" src=\"https:\/\/www.europesays.com\/fi\/wp-content\/uploads\/2026\/01\/448491735476b2454a74af0f34fa8529769c45226fab8e5b24486b867218b0d4.jpg\" alt=\"\"\/><img decoding=\"async\" class=\"image image-show\" src=\"https:\/\/www.europesays.com\/fi\/wp-content\/uploads\/2026\/01\/1768322587_899_448491735476b2454a74af0f34fa8529769c45226fab8e5b24486b867218b0d4.jpg\" alt=\"\"\/><\/p>\n<p>Yoon Suk-yeol saapui oikeuden istuntoon syyskuussa. EPA \/ AOP<\/p>\n<p class=\"paragraph\">Erityissyytt\u00e4j\u00e4 vaatii Etel\u00e4-Korean entiselle presidentille <a href=\"https:\/\/www.iltalehti.fi\/henkilot\/Yoon Suk-yeol\" class=\"article-link-person-page\" rel=\"nofollow noopener\" target=\"_blank\">Yoon Suk-yeolille<\/a> kuolemantuomiota, kertoo uutistoimisto <a href=\"https:\/\/www.yna.co.kr\/view\/AKR20260113161452004?section=politics\/all&amp;site=topnews01\" target=\"_blank\" rel=\"noopener nofollow\">Yonhap.<\/a><\/p>\n<p class=\"paragraph\">Ex-presidentti\u00e4 syytet\u00e4\u00e4n vallankaappausyrityksen johtamisesta. Syytt\u00e4jien mukaan Yoon yritti keskitt\u00e4\u00e4 vallan itselleen julistamalla sotatilalain ja ottamalla maan lains\u00e4\u00e4d\u00e4nt\u00f6elimet haltuunsa joulukuussa 2024.<\/p>\n<p>Yoon Suk-yeol j\u00e4rkytti etel\u00e4korealaisia julistamalla sotatilan joulukuussa 2024. <\/p>\n<p class=\"paragraph\">Erityissyytt\u00e4j\u00e4n mukaan Yoonin ja entisen turvallisuusministeri <strong>Kim Yong-hyunin<\/strong> toimet uhkasivat Etel\u00e4-Korean olemassaoloa ja turvallisuutta. Kimi\u00e4 odottaa my\u00f6s kuolemantuomio tai elinkautinen.<\/p>\n<p class=\"paragraph\">\u2013 Rikoksen luonne on eritt\u00e4in vakava, koska se v\u00e4lineellisti armeijan ja poliisin kaltaisia kansakunnan ja yhteis\u00f6n hy\u00f6dyksi tarkoitettuja resursseja puhtaasti vastaajan vallanhimon, erityissyytt\u00e4j\u00e4 <strong>Park Eok-soo<\/strong> sanoo Yonhapin mukaan.<\/p>\n<p class=\"paragraph\">Syytt\u00e4j\u00e4n mukaan kuolemantuomio ei tarkoita v\u00e4ltt\u00e4m\u00e4tt\u00e4 sen t\u00e4yt\u00e4nt\u00f6\u00f6npanoa. T\u00e4ll\u00f6in tuomio olisi k\u00e4yt\u00e4nn\u00f6ss\u00e4 elinkautinen. Viimeisin kuolemantuomio on annettu 2016 ja teloitus toimeenpantu viimeksi vuonna 1996, kertoo Reuters.<\/p>\n<p>Yoon Suk-yeolia esitt\u00e4v\u00e4 naamio h\u00e4nt\u00e4 vastustavasta mielenosoituksesta joulukuulta. EPA \/ AOP<\/p>\n<p class=\"paragraph\">Presidentti Yoon aiheutti valtavan poliittisen kriisin julistamalla maahan poikkeustilan joulukuussa 2024 ja l\u00e4hetti sotilaita parlamenttiin, kun kansanedustajat yrittiv\u00e4t \u00e4\u00e4nest\u00e4\u00e4 poikkeuslain kumoon. Yoon v\u00e4itti opposition edustajien tekev\u00e4n yhteisty\u00f6t\u00e4 Kiinan ja Pohjois-Korean kanssa.<\/p>\n<p class=\"paragraph\">Valmiiksi kannatusalhossa rypeneen Yoonin toiminta j\u00e4rkytti kansalaisia. Etel\u00e4-Koreaan julistettiin poikkeustila viimeksi vuonna 1980, kun maa oli sotilasdiktatuuri. Kansalaisten ja p\u00e4\u00e4tt\u00e4jien vastustuksen vuoksi Yoon joutui perumaan sotatilalakinsa nopeasti.<\/p>\n<p class=\"paragraph\">Oikeistopopulistista kansanvaltapuoluetta (PPP) edustanut Yoon toimi presidenttin\u00e4 2022\u20132025. H\u00e4net asetettiin virkasyytteeseen joulukuussa 2024 ja pid\u00e4tettiin tammikuussa 2025. Yoon Suk-yeolia syytet\u00e4\u00e4n lukuisista virkakautensa aikana tapahtuneista rikoksista, kuten vaalien v\u00e4\u00e4rent\u00e4misest\u00e4.<\/p>\n<p>Kansalaiset vaativat sotatilalain kumoamista 4. joulukuuta 2024. <\/p>\n","protected":false},"excerpt":{"rendered":"Sotatilalain julistanutta Etel\u00e4-Korean ex-presidentti\u00e4 syytet\u00e4\u00e4n vallankaappausyrityksen johtamisesta. Teloituksia ei ole toimeenpantu 30 vuoteen. Yoon Suk-yeol saapui oikeuden istuntoon&hellip;\n","protected":false},"author":2,"featured_media":141310,"comment_status":"","ping_status":"","sticky":false,"template":"","format":"standard","meta":{"footnotes":""},"categories":[12],"tags":[35,22,23,26,27,33,31,30,17,53,24,25,28,29,15,18,21,142,637,144,32,19,20,16,638],"class_list":{"0":"post-141309","1":"post","2":"type-post","3":"status-publish","4":"format-standard","5":"has-post-thumbnail","7":"category-suomi","8":"tag-24h","9":"tag-breaking-news","10":"tag-breakingnews","11":"tag-featured-news","12":"tag-featurednews","13":"tag-fi","14":"tag-finland","15":"tag-finnish","16":"tag-headlines","17":"tag-laki-oikeus-ja-rikos","18":"tag-latest-news","19":"tag-latestnews","20":"tag-main-news","21":"tag-mainnews","22":"tag-news","23":"tag-otsikot","24":"tag-paauutiset","25":"tag-poliitikot","26":"tag-politiikka","27":"tag-presidentti","28":"tag-suomi","29":"tag-top-stories","30":"tag-topstories","31":"tag-uutiset","32":"tag-valtiovalta"},"share_on_mastodon":{"url":"https:\/\/pubeurope.com\/@fi\/115888796839946719","error":""},"_links":{"self":[{"href":"https:\/\/www.europesays.com\/fi\/wp-json\/wp\/v2\/posts\/141309","targetHints":{"allow":["GET"]}}],"collection":[{"href":"https:\/\/www.europesays.com\/fi\/wp-json\/wp\/v2\/posts"}],"about":[{"href":"https:\/\/www.europesays.com\/fi\/wp-json\/wp\/v2\/types\/post"}],"author":[{"embeddable":true,"href":"https:\/\/www.europesays.com\/fi\/wp-json\/wp\/v2\/users\/2"}],"replies":[{"embeddable":true,"href":"https:\/\/www.europesays.com\/fi\/wp-json\/wp\/v2\/comments?post=141309"}],"version-history":[{"count":0,"href":"https:\/\/www.europesays.com\/fi\/wp-json\/wp\/v2\/posts\/141309\/revisions"}],"wp:featuredmedia":[{"embeddable":true,"href":"https:\/\/www.europesays.com\/fi\/wp-json\/wp\/v2\/media\/141310"}],"wp:attachment":[{"href":"https:\/\/www.europesays.com\/fi\/wp-json\/wp\/v2\/media?parent=141309"}],"wp:term":[{"taxonomy":"category","embeddable":true,"href":"https:\/\/www.europesays.com\/fi\/wp-json\/wp\/v2\/categories?post=141309"},{"taxonomy":"post_tag","embeddable":true,"href":"https:\/\/www.europesays.com\/fi\/wp-json\/wp\/v2\/tags?post=141309"}],"curies":[{"name":"wp","href":"https:\/\/api.w.org\/{rel}","templated":true}]}}