{"id":141311,"date":"2026-01-13T16:44:09","date_gmt":"2026-01-13T16:44:09","guid":{"rendered":"https:\/\/www.europesays.com\/fi\/141311\/"},"modified":"2026-01-13T16:44:09","modified_gmt":"2026-01-13T16:44:09","slug":"pihla-kaivo-ojalla-23-on-vain-yksi-paamaara-valmentajan-tiukka-linjaus-kertoo-hurjasta-vaatimustasosta-urheilu","status":"publish","type":"post","link":"https:\/\/www.europesays.com\/fi\/141311\/","title":{"rendered":"Pihla Kaivo-ojalla, 23, on vain yksi p\u00e4\u00e4m\u00e4\u00e4r\u00e4 \u2013 valmentajan tiukka linjaus kertoo hurjasta vaatimustasosta | Urheilu"},"content":{"rendered":"<p class=\"aw-1gybjub aw-1p7kakr kEtdKx cEmitX yle__article__paragraph\">Suomen nyrkkeilyliitto j\u00e4rjesti tiistaina mediap\u00e4iv\u00e4n, jossa se kertoi askelmerkeist\u00e4\u00e4n kohti Los Angelesin 2028 olympialaisia.<\/p>\n<p class=\"aw-1gybjub aw-1p7kakr kEtdKx cEmitX yle__article__paragraph\">Edellisiss\u00e4 olympialaisissa, Pariisissa 2024, Suomen mitalittomien kisojen <a class=\"aw-iao6s4 iHOxEa yle__article__link\" href=\"https:\/\/yle.fi\/a\/74-20102994\" role=\"link\" rel=\"nofollow noopener\" target=\"_blank\">s\u00e4v\u00e4ytt\u00e4jiin lukeutui<\/a> <strong class=\"aw-ak79eh KyCXm yle__article__strong\">Pihla Kaivo-oja<\/strong>. H\u00e4n sijoittui nyrkkeilyss\u00e4 50-kiloisten sarjassa viidenneksi.<\/p>\n<p class=\"aw-1gybjub aw-1p7kakr kEtdKx cEmitX yle__article__paragraph\">Kaivo-oja nousi otsikoihin <a class=\"aw-iao6s4 iHOxEa yle__article__link\" href=\"https:\/\/yle.fi\/a\/74-20112899\" role=\"link\" rel=\"nofollow noopener\" target=\"_blank\">ja sai<\/a> muun muassa 10\u00a0000 euron stipendin Olympiakomitean kumppanilta. Stipendi tuli esimerkillisyydest\u00e4 ja toiminnasta suunnann\u00e4ytt\u00e4j\u00e4n\u00e4. <a class=\"aw-iao6s4 iHOxEa yle__article__link\" href=\"https:\/\/yle.fi\/a\/74-20103016\" role=\"link\" rel=\"nofollow noopener\" target=\"_blank\">Kaivo-oja oli kielt\u00e4ytynyt<\/a> korruptiosyytteiss\u00e4 ryvettyneen, ven\u00e4l\u00e4isvetoisen nyrkkeilyliiton IBA:n palkintorahoista.<\/p>\n<p class=\"aw-1gybjub aw-1p7kakr kEtdKx cEmitX yle__article__paragraph\">\u2013 Minulle kuuluu superhyv\u00e4\u00e4, iloitsee Kaivo-oja nyt vuoden 2026 alussa.<\/p>\n<p class=\"aw-1gybjub aw-1p7kakr kEtdKx cEmitX yle__article__paragraph\">23-vuotiaan nyrkkeilij\u00e4n peruskuntokausi on edennyt mainiosti ja huipentuu parin viikon p\u00e4\u00e4st\u00e4 Pohjois-Amerikassa, Colorado Springsin harjoitusleirill\u00e4.<\/p>\n<p class=\"aw-1gybjub aw-1p7kakr kEtdKx cEmitX yle__article__paragraph\">\u2013 Olimme siell\u00e4 my\u00f6s vuosi sitten tammikuussa. Hienoa p\u00e4\u00e4st\u00e4 sinne huippujen kanssa treenaamaan ja starttaamaan kausi my\u00f6s kansainv\u00e4lisesti, Kaivo-oja tuumaa.<\/p>\n<p class=\"aw-1gybjub aw-1p7kakr kEtdKx cEmitX yle__article__paragraph\">\u2013 Terveysasiat ja treenilliset asiat ovat t\u00e4ll\u00e4 hetkell\u00e4 hyvin, allekirjoittaa my\u00f6s Kaivo-ojan valmentaja <strong class=\"aw-ak79eh KyCXm yle__article__strong\">Maarit Teuronen<\/strong>.<\/p>\n<p><img decoding=\"async\" alt=\"Maarit Teuronen, nyrkkeilyvalmentaja sek\u00e4 Pihla Kaivo-oja nyrkkeilyharjoituksissa Urhea hallilla.\" src=\"https:\/\/www.europesays.com\/fi\/wp-content\/uploads\/2026\/01\/39-15806506966596a11dd9.jpeg\" loading=\"lazy\" class=\"aw-1l9m598 hKVVvP\"\/><\/p>\n<p>Avaa kuvien katselu<\/p>\n<p>Maarit Teuronen ja Pihla Kaivo-oja n\u00e4yttiv\u00e4t mallia Nyrkkeilyliiton mediap\u00e4iv\u00e4ss\u00e4. Kuva: Antti L\u00e4hteenm\u00e4ki \/ Yle<\/p>\n<p class=\"aw-1gybjub aw-1p7kakr kEtdKx cEmitX yle__article__paragraph\">Colorado Springsiss\u00e4 on paikalla muun muassa Yhdysvaltain kovimpia nyrkkeilij\u00f6it\u00e4 sek\u00e4 edustajia Kiinasta, Kazakstanista ja Isosta-Britanniasta.<\/p>\n<p class=\"aw-1gybjub aw-1p7kakr kEtdKx cEmitX yle__article__paragraph\">\u2013 Siell\u00e4 on kova meno, koska he taistelevat siit\u00e4, kumpi on ykk\u00f6nen ja p\u00e4\u00e4see edustamaan maailmalle, Teuronen sanoo USA:n kaksikosta.<\/p>\n<p class=\"aw-1gybjub aw-1p7kakr kEtdKx cEmitX yle__article__paragraph\">\u2013 On tosi kova kattaus tarjolla meille.<\/p>\n<p>\u201dSitten menn\u00e4\u00e4n\u201d<\/p>\n<p class=\"aw-1gybjub aw-1p7kakr kEtdKx cEmitX yle__article__paragraph\">Pohjois-Amerikan leirin j\u00e4lkeen Kaivo-oja avaa kisakautensa helmikuussa Bulgariassa. Vuosi sis\u00e4lt\u00e4\u00e4 my\u00f6s Kiinassa ja Brasiliassa nyrkkeilt\u00e4v\u00e4t World Boxing Cupin turnaukset, joista Kaivo-oja mets\u00e4st\u00e4\u00e4 rankingpisteit\u00e4 tuleviin arvokisoihin.<\/p>\n<p class=\"aw-1gybjub aw-1p7kakr kEtdKx cEmitX yle__article__paragraph\">\u2013 T\u00e4rkeimp\u00e4n\u00e4 tietenkin syyskuun EM-kisat. Ne ovat t\u00e4m\u00e4n kauden p\u00e4\u00e4tavoite, Kaivo-oja kertoo.<\/p>\n<p class=\"aw-1gybjub aw-1p7kakr kEtdKx cEmitX yle__article__paragraph\">Kaivo-ojan loppuvuosi 2025 sis\u00e4lsi yll\u00e4tt\u00e4vi\u00e4 pettymyksi\u00e4. Syksyn MM-kisat Liverpoolissa <a class=\"aw-iao6s4 iHOxEa yle__article__link\" href=\"https:\/\/yle.fi\/a\/74-20181806\" role=\"link\" rel=\"nofollow noopener\" target=\"_blank\">j\u00e4iv\u00e4t v\u00e4liin vatsataudin takia<\/a>. Tampereen Tammer-turnaus p\u00e4\u00e4ttyi pettymykseen nopeasti, <a class=\"aw-iao6s4 iHOxEa yle__article__link\" href=\"https:\/\/yle.fi\/a\/74-20191700\" role=\"link\" rel=\"nofollow noopener\" target=\"_blank\">kun Kaivo-oja ei l\u00e4p\u00e4issyt<\/a> punnitusta.<\/p>\n<p class=\"aw-1gybjub aw-1p7kakr kEtdKx cEmitX yle__article__paragraph\">\u2013 Opit on otettu ja eteenp\u00e4in menn\u00e4\u00e4n. Ne ovat menneit\u00e4, nyt elet\u00e4\u00e4n t\u00e4ss\u00e4 hetkess\u00e4 ja nautitaan t\u00e4st\u00e4, Kaivo-oja ilmoittaa.<\/p>\n<p><img decoding=\"async\" alt=\"Pihla Kaivo-oja tuulettaa, kun tuomari nostaa t\u00e4m\u00e4n k\u00e4den pystyyn. Kaivo-oja Pariisin olympialaisissa jo puoliv\u00e4lieriin.\" src=\"https:\/\/www.europesays.com\/fi\/wp-content\/uploads\/2026\/01\/39-132683166abfae465433.jpeg\" loading=\"lazy\" class=\"aw-1l9m598 hKVVvP\"\/><\/p>\n<p>Avaa kuvien katselu<\/p>\n<p>Pihla Kaivo-oja s\u00e4v\u00e4ytti Pariisin olympialaisissa. T\u00e4ss\u00e4 nousee k\u00e4si pystyyn, kun suomalainen voitti Jennifer Loyanon. Kuva: EPA-EFE  \/ AOP<\/p>\n<p class=\"aw-1gybjub aw-1p7kakr kEtdKx cEmitX yle__article__paragraph\">Kaivo-ojan harjoittelussa haetaan j\u00e4lleen selv\u00e4sti uutta tasoa.<\/p>\n<p class=\"aw-1gybjub aw-1p7kakr kEtdKx cEmitX yle__article__paragraph\">\u2013 Meid\u00e4n pit\u00e4\u00e4 ter\u00e4v\u00f6itt\u00e4\u00e4 koko pakettia. Perusasiat ovat kaikilta osin hyv\u00e4ll\u00e4 tasolla. Mutta nyt ryhdymme kaikkea \u2013 fyysisi\u00e4 ja henkisi\u00e4 ominaisuuksia sek\u00e4 lajitaitoja \u2013 nivomaan yhteen, jotta saamme pakettia tiiviimm\u00e4ksi ja ter\u00e4v\u00e4mm\u00e4ksi. Sitten menn\u00e4\u00e4n, Teuronen linjaa.<\/p>\n<p class=\"aw-1gybjub aw-1p7kakr kEtdKx cEmitX yle__article__paragraph\">Teuronen on kertonut, ett\u00e4 Kaivo-oja tarvitsee kuukausittain kansainv\u00e4list\u00e4 kontaktia. Tarvittaessa valmentaja organisoi t\u00e4t\u00e4 toimintaa ahkerasti.<\/p>\n<p class=\"aw-1gybjub aw-1p7kakr kEtdKx cEmitX yle__article__paragraph\">\u2013 Min\u00e4 pystyn eurooppalaisten valmentajien kanssa hyvin helposti sopimaan, ett\u00e4 menn\u00e4\u00e4n treenaamaan. P\u00e4\u00e4osin multination training campit ja kilpailut ovat kansainv\u00e4lisi\u00e4 kosketuksia, mutta v\u00e4lill\u00e4 tarvitaan jotain lis\u00e4\u00e4. Se on helppo j\u00e4rjest\u00e4\u00e4, kun laitetaan Whatsapp laulamaan.<\/p>\n<p class=\"aw-1gybjub aw-1p7kakr kEtdKx cEmitX yle__article__paragraph\">Kaivo-oja treenaa ajoittain my\u00f6s miesten kanssa. Teuronen sanoo, ett\u00e4 t\u00e4t\u00e4 vaihtoehtoa k\u00e4ytet\u00e4\u00e4n, kun tarvitaan oikein todella kovaa ja laadukasta sparrausta, jolloin keh\u00e4\u00e4n on laitettava henkisestikin 110 prosenttia.<\/p>\n<p><img decoding=\"async\" alt=\"Maarit Teuronen, nyrkkeilyvalmentaja.\" src=\"https:\/\/www.europesays.com\/fi\/wp-content\/uploads\/2026\/01\/39-1580651696659d4c38df.jpeg\" loading=\"lazy\" class=\"aw-1l9m598 hKVVvP\"\/><\/p>\n<p>Avaa kuvien katselu<\/p>\n<p>Maarit Teuronen on kokenut nyrkkeilyvalmentaja.  Kuva: Antti L\u00e4hteenm\u00e4ki \/ Yle\u201dEi kompromisseja\u201d<\/p>\n<p class=\"aw-1gybjub aw-1p7kakr kEtdKx cEmitX yle__article__paragraph\">Vuoden alussa ovat puhuttaneet opetus- ja kulttuuriministeri\u00f6n <a class=\"aw-iao6s4 iHOxEa yle__article__link\" href=\"https:\/\/yle.fi\/a\/74-20202312\" role=\"link\" rel=\"nofollow noopener\" target=\"_blank\">my\u00f6nt\u00e4m\u00e4t urheilija-apurahat<\/a>. Uudistuneilla kriteereill\u00e4 maksimituen, 24\u00a0000 euroa kahdeksi vuodeksi, sai 26 urheilijaa. Kaivo-oja lukeutuu heihin.<\/p>\n<p class=\"aw-1gybjub aw-1p7kakr kEtdKx cEmitX yle__article__paragraph\">\u2013 Se merkitsee ty\u00f6rauhaa. Se merkitsee, ett\u00e4 minulla on huippuvalmentaja ja huippuasiantuntijatiimi Varalasta. Se merkitsee laatua ja turvaa ty\u00f6h\u00f6ni, Kaivo-oja sanoo.<\/p>\n<p class=\"aw-1gybjub aw-1p7kakr kEtdKx cEmitX yle__article__paragraph\">Teurosen mukaan tiimin l\u00e4ht\u00f6tavoite on, ettei kompromisseja tehd\u00e4.<\/p>\n<p class=\"aw-1gybjub aw-1p7kakr kEtdKx cEmitX yle__article__paragraph\">\u2013 Jos haluamme huipulle ja joskus seist\u00e4 korkeimmalla podiumilla, kompromisseja ei tehd\u00e4. Aika hyvin olemme sit\u00e4 pystyneet noudattamaan. Toistaiseksi taloudelliset asiat ovat ihan ok, mutta eiv\u00e4t sill\u00e4 tavalla, ett\u00e4 voimme ihan huolettomia olla.<\/p>\n<p class=\"aw-1gybjub aw-1p7kakr kEtdKx cEmitX yle__article__paragraph\">My\u00f6s vuoden 2028 olympialaiset siint\u00e4v\u00e4t jo varsin kirkkaina ajatuksissa.<\/p>\n<p class=\"aw-1gybjub aw-1p7kakr kEtdKx cEmitX yle__article__paragraph\">\u2013 Kaksi ja puoli vuotta menee ihan hujauksessa. Ne ovat ihan pian tuossa. Ovathan ne olleet koko ajan p\u00e4\u00e4tavoitteeni, niin hienoa, ett\u00e4 ne l\u00e4hestyv\u00e4t, Kaivo-oja muistuttaa.<\/p>\n<p class=\"aw-1gybjub aw-1p7kakr kEtdKx cEmitX yle__article__paragraph\">Teuronen nauraa, kuinka Kaivo-oja kysyi heti Pariisin puoliv\u00e4lier\u00e4tappionsa j\u00e4lkeen, ett\u00e4 \u201dvieth\u00e4n sin\u00e4 minut viel\u00e4 tuonne Losiin?\u201d.<\/p>\n<p class=\"aw-1gybjub aw-1p7kakr kEtdKx cEmitX yle__article__paragraph\">\u2013 Ei siit\u00e4 tarvitse puhua. Me tied\u00e4mme molemmat, ett\u00e4 p\u00e4\u00e4t\u00e4ht\u00e4in on siell\u00e4. Kaikki tekeminen t\u00e4ht\u00e4\u00e4 siihen. Muut ovat v\u00e4litavoitteita, Teuronen tuumaa napakasti.<\/p>\n<p><img decoding=\"async\" alt=\"Maarit Teuronen, nyrkkeilyvalmentaja sek\u00e4 Pihla Kaivo-oja nyrkkeilyharjoituksissa Urhea hallilla.\" src=\"https:\/\/www.europesays.com\/fi\/wp-content\/uploads\/2026\/01\/39-1580649696658a1efe75.jpeg\" loading=\"lazy\" class=\"aw-1l9m598 hKVVvP\"\/><\/p>\n<p>Avaa kuvien katselu<\/p>\n<p>Maarit Teuronen linjasi, ett\u00e4 h\u00e4nen ja Pihla Kaivo-ojan ty\u00f6ss\u00e4 ei ole tehty kompromisseja eik\u00e4 tehd\u00e4 jatkossakaan. Kuva: Antti L\u00e4hteenm\u00e4ki \/ YleNyrkkeilyliitto etsii kehityst\u00e4<\/p>\n<p class=\"aw-1gybjub aw-1p7kakr kEtdKx cEmitX yle__article__paragraph\">My\u00f6s Nyrkkeilyliitto hamuaa olympiamenestyst\u00e4, koska se kertoi uudistavansa huippunyrkkeilyn valmennusj\u00e4rjestelm\u00e4\u00e4ns\u00e4. Tavoitteena on menestys 2028 olympialaisissa sek\u00e4 pidemm\u00e4ll\u00e4 t\u00e4ht\u00e4imell\u00e4 Brisbanen 2032 olympialaisissa.<\/p>\n<p class=\"aw-1gybjub aw-1p7kakr kEtdKx cEmitX yle__article__paragraph\">\u2013 Olemme tehneet merkitt\u00e4vi\u00e4 satsauksia ja valintoja, jotta huippu-urheiluj\u00e4rjestelm\u00e4st\u00e4mme tulee uskottava ja kansainv\u00e4lisesti kilpailukykyinen. T\u00e4m\u00e4 mahdollistuu uusien kaupallisten ja yhteisty\u00f6kumppaneiden avulla, kertoi Nyrkkeilyliiton <a class=\"aw-iao6s4 iHOxEa yle__article__link\" href=\"https:\/\/yle.fi\/a\/74-20181315\" role=\"link\" rel=\"nofollow noopener\" target=\"_blank\">tuore toiminnanjohtaja<\/a> <strong class=\"aw-ak79eh KyCXm yle__article__strong\">Leena Paavolainen<\/strong>.<\/p>\n<p class=\"aw-1gybjub aw-1p7kakr kEtdKx cEmitX yle__article__paragraph\">Paavolaisen mukaan Nyrkkeilyliitto vastaa osaltaan suomalaisen urheilun globaaleihin menestystavoitteisiin rakentamalla toimintatapaa, jossa resursseja, osaamista, asiantuntijuutta ja ammattivalmennusta kootaan yhteen yli toimintaymp\u00e4rist\u00f6- ja toimijatahojen.<\/p>\n<p class=\"aw-1gybjub aw-1p7kakr kEtdKx cEmitX yle__article__paragraph\">Liitto keskitt\u00e4\u00e4 huippunyrkkeilyn valmennus- ja asiantuntijatoimintaa kolmeen toimintaymp\u00e4rist\u00f6\u00f6n: Tampereella Varalan urheiluopistoon, Helsingiss\u00e4 P\u00e4\u00e4kaupunkiseudun urheiluakatemiaan Urheaan sek\u00e4 Pajulahden urheiluopistolle.<\/p>\n<p class=\"aw-1gybjub aw-1p7kakr kEtdKx cEmitX yle__article__paragraph\">Nuo kolme tahoa, Olympiakomitea ja Nyrkkeilyliiton huippu-urheiluorganisaatio muodostavat yhteisen asiantuntijatiimin.<\/p>\n","protected":false},"excerpt":{"rendered":"Suomen nyrkkeilyliitto j\u00e4rjesti tiistaina mediap\u00e4iv\u00e4n, jossa se kertoi askelmerkeist\u00e4\u00e4n kohti Los Angelesin 2028 olympialaisia. Edellisiss\u00e4 olympialaisissa, Pariisissa 2024,&hellip;\n","protected":false},"author":2,"featured_media":141312,"comment_status":"","ping_status":"","sticky":false,"template":"","format":"standard","meta":{"footnotes":""},"categories":[5],"tags":[22,23,26,27,33,31,30,17,5876,24,25,28,29,15,4775,3270,2776,18,21,24344,32,19,20,160,16],"class_list":{"0":"post-141311","1":"post","2":"type-post","3":"status-publish","4":"format-standard","5":"has-post-thumbnail","7":"category-otsikot","8":"tag-breaking-news","9":"tag-breakingnews","10":"tag-featured-news","11":"tag-featurednews","12":"tag-fi","13":"tag-finland","14":"tag-finnish","15":"tag-headlines","16":"tag-kamppailulajit","17":"tag-latest-news","18":"tag-latestnews","19":"tag-main-news","20":"tag-mainnews","21":"tag-news","22":"tag-nyrkkeilijat","23":"tag-nyrkkeily","24":"tag-olympialaiset","25":"tag-otsikot","26":"tag-paauutiset","27":"tag-pihla-kaivo-oja","28":"tag-suomi","29":"tag-top-stories","30":"tag-topstories","31":"tag-urheilu","32":"tag-uutiset"},"share_on_mastodon":{"url":"https:\/\/pubeurope.com\/@fi\/115888800724046386","error":""},"_links":{"self":[{"href":"https:\/\/www.europesays.com\/fi\/wp-json\/wp\/v2\/posts\/141311","targetHints":{"allow":["GET"]}}],"collection":[{"href":"https:\/\/www.europesays.com\/fi\/wp-json\/wp\/v2\/posts"}],"about":[{"href":"https:\/\/www.europesays.com\/fi\/wp-json\/wp\/v2\/types\/post"}],"author":[{"embeddable":true,"href":"https:\/\/www.europesays.com\/fi\/wp-json\/wp\/v2\/users\/2"}],"replies":[{"embeddable":true,"href":"https:\/\/www.europesays.com\/fi\/wp-json\/wp\/v2\/comments?post=141311"}],"version-history":[{"count":0,"href":"https:\/\/www.europesays.com\/fi\/wp-json\/wp\/v2\/posts\/141311\/revisions"}],"wp:featuredmedia":[{"embeddable":true,"href":"https:\/\/www.europesays.com\/fi\/wp-json\/wp\/v2\/media\/141312"}],"wp:attachment":[{"href":"https:\/\/www.europesays.com\/fi\/wp-json\/wp\/v2\/media?parent=141311"}],"wp:term":[{"taxonomy":"category","embeddable":true,"href":"https:\/\/www.europesays.com\/fi\/wp-json\/wp\/v2\/categories?post=141311"},{"taxonomy":"post_tag","embeddable":true,"href":"https:\/\/www.europesays.com\/fi\/wp-json\/wp\/v2\/tags?post=141311"}],"curies":[{"name":"wp","href":"https:\/\/api.w.org\/{rel}","templated":true}]}}